{"id":225798,"date":"2026-07-08T05:44:08","date_gmt":"2026-07-08T05:44:08","guid":{"rendered":"https:\/\/www.europesays.com\/ro\/225798\/"},"modified":"2026-07-08T05:44:08","modified_gmt":"2026-07-08T05:44:08","slug":"inginerii-ibm-au-facut-un-nou-salt-tehnologic-in-semiconductori-creand-cipul-cu-cei-mai-mici-tranzistori-din-lume-100-miliarde-incapand-in-suprafata-unei-unghii-piataauto-md","status":"publish","type":"post","link":"https:\/\/www.europesays.com\/ro\/225798\/","title":{"rendered":"Inginerii IBM au f\u0103cut un nou salt tehnologic \u00een semiconductori, cre\u00e2nd cipul cu cei mai mici tranzistori din lume, 100 miliarde \u00eenc\u0103p\u00e2nd \u00een suprafa\u0163a unei unghii | PiataAuto.md"},"content":{"rendered":"<p>\t\t\t\t\t\t\u00cen ultimii ani, tehnologia semiconductorilor \u015fi a cipurilor a devenit una de o miz\u0103 mai important\u0103 ca oric\u00e2nd \u0097 pe de o parte, cazul <a class=\"BluLink11\" target=\"_blank\" href=\"\/Stiri\/2026\/05\/Criza-semiconductoarelor-Nexperia-se-acutizeaza-in-culise-olandezii-nedorind-sa-cedeze-controlul-catre-proprietarii-chinezi-care-raporteaza-pierderi-majore\/\">Nexperia<\/a> din Europa a scos la iveal\u0103 c\u00e2t de important\u0103 e men\u0163inerea abilit\u0103\u0163ilor de a avea aceast\u0103 tehnologie nu doar externalizat\u0103 \u00eentr-o singur\u0103 regiune din lume, ci \u015fi \u00een Europa, iar ulterior aceast\u0103 situa\u0163ie a cunoscut corec\u0163ii prin lansarea primului cip <a class=\"BluLink11\" target=\"_blank\" href=\"\/Stiri\/2026\/06\/Europa-si-a-pus-la-punct-prima-productie-suverana-cap-coada-de-semiconductoare-si-cipuri-de-importanta-critica\/\">suveran<\/a> din Europa, iar de cur\u00e2nd \u015fi prin lansarea celei mai mari fabrici din lume de semiconductori de putere inteligen\u0163i, \u00een <a class=\"BluLink11\" target=\"_blank\" href=\"\/Stiri\/2026\/07\/In-Germania-a-fost-inaugurata-cea-mai-mare-fabrica-din-lume-de-semiconductori-de-putere-inteligenti-pentru-energetica-si-industria-auto\/\">Germania<\/a>. \u00cen acela\u015fi timp, noi scriam \u015fi despre <a class=\"BluLink11\" target=\"_blank\" href=\"\/Stiri\/2026\/05\/Un-inginer-genial-chinez-care-a-inovat-semiconductoare-in-Japonia-si-Taiwan-a-revenit-in-China-participa-cel-mai-mare-proiect-al-industriei\/\">proiectul<\/a> de \u0163ar\u0103 al Chinei de a putea concepe \u015fi produce utilaje care s\u0103 fabrice cei mai avansa\u0163i semiconductori \u015fi cipuri. Or, China n-a avut p\u00e2n\u0103 acum acces la cele mai avansate utilaje din lume, produse de o singur\u0103 companie de pe glob, ASML, localizat\u0103 \u00een Olanda, iar asta-i face pe chinezi s\u0103 \u00eencerce s\u0103 dezvolte propriile utilaje la fel de avansate \u015fi \u00een paralel s\u0103 inoveze cu solu\u0163ii de alternativ\u0103, precum noul cip dezvoltat de <a class=\"BluLink11\" target=\"_blank\" href=\"\/Stiri\/2026\/06\/Inginerii-chinezi-Huawei-au-creat-o-abordare-geniala-a-semiconductorilor-si-cipurilor-pentru-a-obtine-performanta-fara-utilajele-litografiere-EUV\/\">Huawei<\/a>. \u015eeful ASML <a class=\"BluLink11\" target=\"_blank\" href=\"\/Stiri\/2026\/05\/Seful-companiei-europene-produce-singurele-utilaje-lume-fabricare-semiconductori-avansati-a-dezvaluit-cum-protejeaza-tehnologia-China\/\">declara<\/a> c\u0103 nu e \u00eengrijorat de aceste eforturi ale Chinei, \u00eentruc\u00e2t tehnologia e at\u00e2t de avansat\u0103, \u00eenc\u00e2t China va avea nevoie de decenii pentru a ajunge la acelea\u015fi rezultate, pentru a putea produce cipuri cu tranzistori 7 nm de 2-3 nm. Acum, inginerii IBM au f\u0103cut un nou salt tehnologic \u00een semiconductori, cre\u00e2nd cipul cu cei mai mici tranzistori din lume, 100 miliarde \u00eenc\u0103p\u00e2nd \u00een suprafa\u0163a de m\u0103rimea unei unghii.<\/p>\n","protected":false},"excerpt":{"rendered":"\u00cen ultimii ani, tehnologia semiconductorilor \u015fi a cipurilor a devenit una de o miz\u0103 mai important\u0103 ca oric\u00e2nd&hellip;\n","protected":false},"author":2,"featured_media":225799,"comment_status":"","ping_status":"","sticky":false,"template":"","format":"standard","meta":{"footnotes":"","_share_on_mastodon":"0"},"categories":[14],"tags":[63171,12706,97,96,59268,11372,63169,13502,63168,2367,4670,1262,18077,6273,63172,2369,41,40,38,39,38522,9884,42823,63170],"class_list":["post-225798","post","type-post","status-publish","format-standard","has-post-thumbnail","category-afaceri","tag-0-7","tag-12706","tag-afaceri","tag-business","tag-cei","tag-cip","tag-creand","tag-facut","tag-ibm","tag-ingineri","tag-lume","tag-mai","tag-mici","tag-miliarde","tag-nm","tag-nou","tag-ro","tag-romana","tag-romania","tag-romanian","tag-salt","tag-semiconductori","tag-tehnologic","tag-tranzistori"],"share_on_mastodon":{"url":"https:\/\/pubeurope.com\/@ro\/116882772057696132","error":""},"_links":{"self":[{"href":"https:\/\/www.europesays.com\/ro\/wp-json\/wp\/v2\/posts\/225798","targetHints":{"allow":["GET"]}}],"collection":[{"href":"https:\/\/www.europesays.com\/ro\/wp-json\/wp\/v2\/posts"}],"about":[{"href":"https:\/\/www.europesays.com\/ro\/wp-json\/wp\/v2\/types\/post"}],"author":[{"embeddable":true,"href":"https:\/\/www.europesays.com\/ro\/wp-json\/wp\/v2\/users\/2"}],"replies":[{"embeddable":true,"href":"https:\/\/www.europesays.com\/ro\/wp-json\/wp\/v2\/comments?post=225798"}],"version-history":[{"count":0,"href":"https:\/\/www.europesays.com\/ro\/wp-json\/wp\/v2\/posts\/225798\/revisions"}],"wp:featuredmedia":[{"embeddable":true,"href":"https:\/\/www.europesays.com\/ro\/wp-json\/wp\/v2\/media\/225799"}],"wp:attachment":[{"href":"https:\/\/www.europesays.com\/ro\/wp-json\/wp\/v2\/media?parent=225798"}],"wp:term":[{"taxonomy":"category","embeddable":true,"href":"https:\/\/www.europesays.com\/ro\/wp-json\/wp\/v2\/categories?post=225798"},{"taxonomy":"post_tag","embeddable":true,"href":"https:\/\/www.europesays.com\/ro\/wp-json\/wp\/v2\/tags?post=225798"}],"curies":[{"name":"wp","href":"https:\/\/api.w.org\/{rel}","templated":true}]}}