{"id":226066,"date":"2026-07-08T11:16:12","date_gmt":"2026-07-08T11:16:12","guid":{"rendered":"https:\/\/www.europesays.com\/ro\/226066\/"},"modified":"2026-07-08T11:16:12","modified_gmt":"2026-07-08T11:16:12","slug":"cm-2026-face-inca-o-victima-meciul-cu-spania-a-fost-ultimul-pentru-roberto-martinez-pe-banca-portugaliei-cine-il-va-inlocui","status":"publish","type":"post","link":"https:\/\/www.europesays.com\/ro\/226066\/","title":{"rendered":"CM 2026 face \u00eenc\u0103 o victim\u0103. Meciul cu Spania\u00a0a fost ultimul pentru Roberto Martinez pe banca Portugaliei \u00bb Cine \u00eel va \u00eenlocui"},"content":{"rendered":"<ul class=\"bullets\">&#13;<\/p>\n<li><a target=\"_blank\" href=\"https:\/\/golazo.ro\/campionatul-mondial-optimi-live-program-179080\" rel=\"nofollow noopener\">Portugalia &#8211; Spania 0-1<\/a>. Roberto Martinez (52 de ani) \u0219i-a anun\u021bat plecarea de pe banca lusitanilor, dup\u0103 eliminarea de la Campionatul Mondial.<\/li>\n<p>&#13;<br \/>\n&#13;<\/p>\n<li>Cine este favorit s\u0103-l \u00eenlocuiasc\u0103, mai jos \u00een articol.<\/li>\n<p>&#13;\n<\/ul>\n<p><a id=\"google-source-button\" class=\"google-favorite\" target=\"_blank\" href=\"https:\/\/www.google.com\/preferences\/source?q=golazo.ro\" rel=\"nofollow noopener\"><\/p>\n<p>        <img decoding=\"async\" src=\"https:\/\/golazo.ro\/images\/google-logo.svg\" alt=\"\"\/><br \/>\n        <img decoding=\"async\" src=\"https:\/\/golazo.ro\/images\/check-icon-2.svg\" alt=\"\"\/><\/p>\n<p>    Adaug\u0103 GOLAZO.ro la favorite<\/p>\n<p><\/a><\/p>\n<p class=\"\">Duelul din optimi dintre Portugalia \u0219i Spania a fost unul echilibrat. Totu\u0219i, ibericii au fost cei care au dat lovitura, \u00een minutele de prelungire.<\/p>\n<p class=\"\">Mikel Merino a \u00eenscris golul decisiv \u00een minutul 90+1, \u00een urma unei pase excep\u021bionale trimise de Ferran Torres.<\/p>\n<p>Roberto Martinez \u0219i-a anun\u021bat plecarea de pe banca Portugaliei: \u201eEste sf\u00e2r\u0219itul unui ciclu\u201d<\/p>\n<p class=\"\">Roberto Martinez se desparte de na\u021bionala Portugaliei dup\u0103 trei ani \u0219i jum\u0103tate de colaborare. Dup\u0103 eliminarea de la CM 2026, contractul spaniolului nu va fi prelungit.<\/p>\n<p class=\"\">\u201eEste adev\u0103rat c\u0103 acesta este ultimul meu meci pentru Portugalia. Vreau s\u0103 mul\u021bumesc poporului portughez. Plec cu amintiri pe care le voi p\u0103stra toat\u0103 via\u021ba. Juc\u0103torii au f\u0103cut o munc\u0103 extraordinar\u0103, au mult talent \u0219i au demonstrat un angajament remarcabil pentru echip\u0103.<\/p>\n<p class=\"\">\u00cen cele 45 de meciuri disputate sub conducerea mea, am ob\u021binut cele mai bune statistici din istoria na\u021bionalei \u00een ceea ce prive\u0219te golurile marcate \u0219i punctele acumulate. P\u0103strez amintiri frumoase, precum c\u00e2\u0219tigarea Ligii Na\u021biunilor \u0219i stabilirea recordurilor. <\/p>\n<p class=\"\">Le mul\u021bumesc Federa\u021biei \u0219i staff-ului tehnic, care au muncit din greu pentru a-i sprijini pe juc\u0103torii no\u0219tri. Plec cu amintiri incredibile \u0219i cu recuno\u0219tin\u021b\u0103 fa\u021b\u0103 de poporul portughez\u201d, a declarat Roberto Martinez, conform <a target=\"_blank\" href=\"https:\/\/www.abola.pt\/noticias\/roberto-martinez-confirma-saida-da-selecao-quero-agradecer-ao-povo-portugues-2026070621530557878\" rel=\"nofollow noopener\">abola.pt<\/a>.<\/p>\n<p>45 de meciuri<\/p>\n<p>a stat Roberto Martinez pe banca Portugaliei: 32 de victorii, 6 remize \u0219i 7 \u00eenfr\u00e2ngeri este bilan\u021bul lusitanilor (121-44 golaveraj)<\/p>\n<p class=\"\">Roberto Martinez a mai precizat c\u0103 \u00eenc\u0103 nu a purtat o discu\u021bie cu pre\u0219edintele Federa\u021biei Portugheze de Fotbal, Pedro Proenca.<\/p>\n<p class=\"\">\u201eNu am vorbit \u00eenc\u0103, dar este sf\u00e2r\u0219itul unui ciclu. Este firesc ca domnul Pedro Proenca s\u0103 \u00ee\u0219i aleag\u0103 propriul selec\u021bioner. \u00cei mul\u021bumesc pre\u0219edintelui \u0219i Federa\u021biei pentru tot sprijinul \u0219i pentru condi\u021biile excelente pe care ni le-au oferit. <\/p>\n<p class=\"\">Acesta este finalul unei etape. Le sunt recunosc\u0103tor pentru sus\u021binere. Plec cu multe amintiri \u0219i sper ca \u0219i poporul portughez s\u0103 r\u0103m\u00e2n\u0103 cu amintiri frumoase din ace\u0219ti trei ani \u0219i jum\u0103tate\u201d, a mai ad\u0103ugat tehnicianul.<\/p>\n<p class=\"\">Roberto Martinez a fost numit selec\u021bionerul Portugaliei \u00een ianuarie 2023, atunci c\u00e2nd l-a \u00eenlocuit pe Fernando Santos, dup\u0103 Campionatul Mondial din 2022.<\/p>\n<p class=\"\">Martinez a cucerit un trofeu al\u0103turi de lusitani: Liga Na\u021biunilor, \u00een 2025.<\/p>\n<ul class=\"\">&#13;<\/p>\n<li>De-a lungul carierei sale, antrenorul spaniol le-a mai preg\u0103tit pe Swansea, Wigan \u0219i Everton. A fost \u0219i selec\u021bionerul Belgiei.<\/li>\n<p>&#13;\n<\/ul>\n<p class=\"\">Eliminarea de la Mondial este \u0219i mai dureroas\u0103 pentru portughezi, \u00een special dup\u0103 declara\u021biile lui Cristiano Ronaldo de la finalul meciului cu Spania.<\/p>\n<p class=\"\">Ajuns la 41 de ani, acesta se preg\u0103te\u0219te s\u0103 p\u0103r\u0103seasc\u0103 echipa Portugaliei:<\/p>\n<p class=\"\">\u201eAm cucerit trei trofee cu Portugalia. \u00cenaintea lui Cristiano, na\u021bionala nu c\u00e2\u0219tigase nimic \u00een istorie.<\/p>\n<p class=\"\">Sunt mul\u021bumit. Cel mai mare titlu al selec\u021bionatei a fost \u00een 2016. Pentru mine, Euro \u00eenseamn\u0103 la fel de mult ca Mondialul.<\/p>\n<p class=\"\">Plec \u00eemp\u0103cat c\u0103 am dat tot ce am avut mai bun pentru Portugalia. M\u00e2ine va fi o nou\u0103 zi \u0219i via\u021ba continu\u0103\u201d, <a target=\"_blank\" href=\"https:\/\/golazo.ro\/cristiano-ronaldo-portugalia-campionatul-mondial-echipa-nationala-analiza-179409\" rel=\"nofollow noopener\">a spus Ronaldo.<\/a><\/p>\n<p>Jorge Jesus, favorit s\u0103-l \u00eenlocuiasc\u0103 pe Martinez<\/p>\n<p class=\"\">Jorge Jesus ar urma s\u0103 fie noul selec\u021bioner al Portugaliei. Tehnicianul \u00een v\u00e2rst\u0103 de 71 de ani este liber de contract, dup\u0103 desp\u0103r\u021birea de Al-Nassr, echipa unde este legitimat Cristiano Ronaldo.<\/p>\n<p class=\"\">Ar fi prima experien\u021b\u0103 a portughezului pe banca unei echipe na\u021bionale. <\/p>\n<p class=\"\">De-a lungul carierei sale, Jorge Jesus a antrenat cluburi importante, precum Al-Hilal, Fenerbahce, Benfica, Flamengo, Sporting Lisabona sau Braga.<\/p>\n<p class=\"\">Acesta a fost \u00eenlocuit pe banca saudi\u021bilor de la Al-Nassr de <a target=\"_blank\" href=\"https:\/\/golazo.ro\/ange-postecoglou-al-nassr-cristiano-ronaldo-arabia-saudita-antrenor-179073\" rel=\"nofollow noopener\">Ange Postecoglou<\/a> (60 de ani), fostul antrenor al lui Radu Dr\u0103gu\u0219in de la Tottenham.<\/p>\n<p class=\"\">To\u021bi antrenorii care au pl\u0103tit cu slujba pentru eliminarea de la CM 2026:<\/p>\n<ul class=\"\">&#13;<\/p>\n<li>Sabri Lamouchi (Tunisia) &#8211; dat afar\u0103 dup\u0103 primul meci din grupe<\/li>\n<p>&#13;<br \/>\n&#13;<\/p>\n<li>Miroslav Koubek (Cehia) &#8211; eliminare \u00een grupe<\/li>\n<p>&#13;<br \/>\n&#13;<\/p>\n<li>Hong Myung-bo (Coreea de Sud) &#8211; eliminare \u00een grupe<\/li>\n<p>&#13;<br \/>\n&#13;<\/p>\n<li>Steve Clarke (Sco\u021bia) &#8211; eliminare \u00een grupe<\/li>\n<p>&#13;<br \/>\n&#13;<\/p>\n<li>Marcelo Bielsa (Uruguay) &#8211; eliminare \u00een grupe<\/li>\n<p>&#13;<br \/>\n&#13;<\/p>\n<li>Herve Renard (Tunisia) &#8211; eliminare \u00een grupe<\/li>\n<p>&#13;<br \/>\n&#13;<\/p>\n<li>Sebastian Beccacece (Ecuador) &#8211; eliminare \u00een \u201e\u0219aisprezecimi\u201d<\/li>\n<p>&#13;<br \/>\n&#13;<\/p>\n<li>Ronald Koeman (Olanda) &#8211; eliminare \u00een \u201e\u0219aisprezecimi\u201d<\/li>\n<p>&#13;<br \/>\n&#13;<\/p>\n<li>Julian Nagelsmann (Germania) &#8211; eliminare \u00een \u201e\u0219aisprezecimi\u201d<\/li>\n<p>&#13;<br \/>\n&#13;<\/p>\n<li>Carlos Queiroz (Ghana) &#8211; eliminare \u00een \u0219aisprezecimi<\/li>\n<p>&#13;<br \/>\n&#13;<\/p>\n<li>Javier Aguirre (Mexic) &#8211; eliminare \u00een optimi<\/li>\n<p>&#13;<br \/>\n&#13;<\/p>\n<li>Roberto Martinez (Portugalia) &#8211; eliminare \u00een optimi<\/li>\n<p>&#13;\n<\/ul>\n<p>Cite\u0219te \u0219i<\/p>\n<p>VIDEO: cele mai noi imagini din sport<\/p>\n","protected":false},"excerpt":{"rendered":"&#13; Portugalia &#8211; Spania 0-1. Roberto Martinez (52 de ani) \u0219i-a anun\u021bat plecarea de pe banca lusitanilor, dup\u0103&hellip;\n","protected":false},"author":2,"featured_media":226067,"comment_status":"","ping_status":"","sticky":false,"template":"","format":"standard","meta":{"footnotes":"","_share_on_mastodon":"0"},"categories":[5],"tags":[32,33,31,1602,4842,36,37,27,34,35,25,1764,41,58538,40,38,39,563,26,28,29,30],"class_list":["post-226066","post","type-post","status-publish","format-standard","has-post-thumbnail","category-titluri","tag-breaking-news","tag-breakingnews","tag-cele-mai-populare-subiecte","tag-cm-2026","tag-despartire","tag-featured-news","tag-featurednews","tag-headlines","tag-latest-news","tag-latestnews","tag-news","tag-portugalia","tag-ro","tag-roberto-martinez","tag-romana","tag-romania","tag-romanian","tag-spania","tag-stiri","tag-titluri","tag-top-stories","tag-topstories"],"share_on_mastodon":{"url":"https:\/\/pubeurope.com\/@ro\/116884077533306582","error":""},"_links":{"self":[{"href":"https:\/\/www.europesays.com\/ro\/wp-json\/wp\/v2\/posts\/226066","targetHints":{"allow":["GET"]}}],"collection":[{"href":"https:\/\/www.europesays.com\/ro\/wp-json\/wp\/v2\/posts"}],"about":[{"href":"https:\/\/www.europesays.com\/ro\/wp-json\/wp\/v2\/types\/post"}],"author":[{"embeddable":true,"href":"https:\/\/www.europesays.com\/ro\/wp-json\/wp\/v2\/users\/2"}],"replies":[{"embeddable":true,"href":"https:\/\/www.europesays.com\/ro\/wp-json\/wp\/v2\/comments?post=226066"}],"version-history":[{"count":0,"href":"https:\/\/www.europesays.com\/ro\/wp-json\/wp\/v2\/posts\/226066\/revisions"}],"wp:featuredmedia":[{"embeddable":true,"href":"https:\/\/www.europesays.com\/ro\/wp-json\/wp\/v2\/media\/226067"}],"wp:attachment":[{"href":"https:\/\/www.europesays.com\/ro\/wp-json\/wp\/v2\/media?parent=226066"}],"wp:term":[{"taxonomy":"category","embeddable":true,"href":"https:\/\/www.europesays.com\/ro\/wp-json\/wp\/v2\/categories?post=226066"},{"taxonomy":"post_tag","embeddable":true,"href":"https:\/\/www.europesays.com\/ro\/wp-json\/wp\/v2\/tags?post=226066"}],"curies":[{"name":"wp","href":"https:\/\/api.w.org\/{rel}","templated":true}]}}