{"id":226184,"date":"2026-07-08T14:16:16","date_gmt":"2026-07-08T14:16:16","guid":{"rendered":"https:\/\/www.europesays.com\/ro\/226184\/"},"modified":"2026-07-08T14:16:16","modified_gmt":"2026-07-08T14:16:16","slug":"corina-caragea-imagini-incendiare-in-costum-de-baie-prezentatoarea-de-la-pro-tv-aparitie-wow-in-vacanta-din-puglia","status":"publish","type":"post","link":"https:\/\/www.europesays.com\/ro\/226184\/","title":{"rendered":"Corina Caragea, imagini incendiare \u00een costum de baie. Prezentatoarea de la PRO TV, apari\u021bie wow \u00een vacan\u021ba din Puglia"},"content":{"rendered":"<p id=\"p-0\">Corina Caragea face senza\u021bie \u00een costum de baie \u00eentr-o vacan\u021b\u0103 petrecut\u0103 \u00een Puglia, Italia.<\/p>\n<p id=\"p-1\">Vedeta de la PRO TV a \u00eencins atmosfera la plaj\u0103, departe de \u021bar\u0103. Se men\u021bine \u00eentr-o <a style=\"color: #0000ff;\" href=\"https:\/\/www.prosport.ro\/diverse\/corina-caragea-arata-fabulos-la-43-de-ani-prezentatoarea-pro-tv-aparitie-spectaculoasa-20354210\" rel=\"nofollow noopener\" target=\"_blank\">form\u0103 de invidiat la 43 de ani<\/a>. \u0218i-a \u00eemp\u0103rt\u0103\u0219it experien\u021ba de peste hotare \u0219i cu fanii s\u0103i de pe re\u021belele sociale c\u0103rora le-a recomandat s\u0103 \u00eencerce \u201eMaldivele Italiei\u201d.<\/p>\n<p>Cum arat\u0103 Corina Caragea la 43 de ani: imagini senza\u021bionale de la plaj\u0103<\/p>\n<p id=\"p-2\">Prezentatoarea \u0219tirilor sportive de la PRO TV are o siluet\u0103 impecabil\u0103 la 43 de ani. Nu lipse\u0219te din rutina sa zilnic\u0103 sportul \u0219i are o alimenta\u021bie echilibrar\u0103. A devenit una dintre cele mai longevive prezentatoare de \u0219tiri sportive din Rom\u00e2nia \u0219i continu\u0103 s\u0103 fac\u0103 furori, \u00een special pe re\u021belele sociale, unde posteaz\u0103 <a style=\"color: #0000ff;\" href=\"https:\/\/www.prosport.ro\/diverse\/corina-caragea-ravasitoare-in-costum-de-baie-in-bora-bora-20266721\" rel=\"nofollow noopener\" target=\"_blank\">imagini incendiare de la plaj\u0103.<\/a><\/p>\n<p>                <a href=\"https:\/\/www.prosport.ro\/poze\/corina-caragea-imagini-incendiare-costum-baie-20479022\" rel=\"nofollow noopener\" target=\"_blank\">&#13;<br \/>\n                                            <img decoding=\"async\" loading=\"lazy\" fetchpriority=\"low\" src=\"https:\/\/www.europesays.com\/ro\/wp-content\/uploads\/2026\/07\/https:\/\/www.prosport.ro\/wp-content\/uploads\/2026\/07\/73764410421770162528560238397254326316502170n.jpg\" width=\"458\" height=\"305\"\/>&#13;<br \/>\n                                    <\/a><\/p>\n<p>                <a href=\"https:\/\/www.prosport.ro\/poze\/corina-caragea-imagini-incendiare-costum-baie-20479022\" rel=\"nofollow noopener\" target=\"_blank\">&#13;<br \/>\n                                            <img decoding=\"async\" loading=\"lazy\" fetchpriority=\"low\" src=\"https:\/\/www.europesays.com\/ro\/wp-content\/uploads\/2026\/07\/https:\/\/www.prosport.ro\/wp-content\/uploads\/2026\/07\/7362069419510424513202072407803649165623655n.jpg\" width=\"227\" height=\"151\"\/>&#13;<br \/>\n                                    <\/a><\/p>\n<p id=\"p-3\">Italia pare a fi destina\u021bia preferat\u0103 a Corinei Caragea. A ajuns \u00een Puglia, iar acolo s-a relaxat departe de ochii curio\u0219ilor. Le-a recomandat fanilor aceast\u0103 loca\u021bie cu deschidere la Marea Ionic\u0103 \u0219i Adriatic\u0103, dar a atras aten\u021bia asupra unui aspect important: s\u0103 se evite sezonul de var\u0103 iulie-august.<\/p>\n<p id=\"p-4\">Pre\u021burile sunt exorbitante, iar pentru un simplu \u0219ezlong a pl\u0103tit \u0219i 70 de euro.<\/p>\n<p id=\"p-5\">\u201eEu am g\u0103sit un fel de b\u00e2lci care acoper\u0103 multe dintre acele plaje paradisiace: pre\u021buri greu de justificat, foarte mult\u0103 aglomera\u021bie, gunoaie \u0219i o c\u0103ldur\u0103 aproape sufocant\u0103. Pentru dou\u0103 \u0219ezlonguri \u0219i o umbrel\u0103 am pl\u0103tit 70 \u20ac, nici m\u0103car \u00een primul r\u00e2nd \u0219i nici pentru o zi \u00eentreag\u0103. Existau \u0219i variante care ajungeau la 250 \u20ac, iar la polul opus g\u0103seai \u0219i op\u021biuni de aproximativ 30 \u20ac, \u00een func\u021bie de confort \u0219i pozi\u021bionare.<\/p>\n<p id=\"p-6\">Indiferent de buget, un lucru este clar: trebuie s\u0103 rezervi din timp. Altfel, ri\u0219ti s\u0103 r\u0103m\u00e2i, la propriu \u0219i la figurat, cu ochii \u00een soare. Sau pe prosop\u2026 dac\u0103 ajungi foarte devreme \u0219i accep\u021bi s\u0103 stai lipit de ceilal\u021bi.\u201d, a scris vedeta TV pe Instagram din experien\u021ba sa \u00een Italia.<\/p>\n<p id=\"p-7\">Cu toate c\u0103 nu a avut parte de o vacan\u021b\u0103 memorabil\u0103, \u00een sufletul s\u0103u Italia are un loc aparte.<\/p>\n<p id=\"p-8\">\u201e\u0218i totu\u0219i\u2026 Italia r\u0103m\u00e2ne Italia. Are un farmec pe care \u00eel g\u0103se\u0219ti greu \u00een alt\u0103 parte \u0219i, chiar \u0219i dup\u0103 toate cele de mai sus, abia a\u0219tept s\u0103 m\u0103 \u00eentorc. Dar \u00een extrasezon.<\/p>\n<p id=\"p-9\">\u0218i nu \u0219tiu cum sunte\u021bi voi, dar eu \u00eenc\u0103 sunt convins\u0103 c\u0103 Italia \u0219i Grecia au cele mai frumoase plaje din Europa.\u201d, a concluzionat Corina Caragea.<\/p>\n<p>C\u0103s\u0103toria nu e prioritar\u0103 pentru vedet\u0103: \u201eC\u00e2nd o s\u0103 fiu preg\u0103tit\u0103\u201d<\/p>\n<p id=\"p-10\">Fa\u021b\u0103 de alte vedete din showbiz, Corina Caragea nu \u0219i-a expus niciodat\u0103 via\u021ba personal\u0103 \u00een public. A precizat \u0219i c\u0103 nu pune at\u00e2t de mult pre\u021b pe c\u0103s\u0103torie. \u00cen ceea ce prive\u0219te un copil, consider\u0103 c\u0103 va veni la momentul potrivit.<\/p>\n<p id=\"p-11\">\u201eEu m\u0103 g\u00e2ndesc de 7 ori \u00eenainte s\u0103 fac orice. C\u0103s\u0103toria nu este pentru mine \u00een categoria realiz\u0103ri. Cred c\u0103 este decizia fiec\u0103ruia dac\u0103 are acele acte sau nu \u0219i nimeni nu \u00eel poate judeca.<\/p>\n<p id=\"p-12\">C\u00e2nd o s\u0103 fiu preg\u0103tit\u0103, o s\u0103 fac un copil. Acum am alte priorit\u0103\u021bi. Cred c\u0103 este cea mai grea meserie din lume \u0219i nimic nu te poate preg\u0103ti, de fapt. Dar po\u021bi m\u0103car s\u0103 iei decizia av\u00e2nd capul pe umeri. Eu nu consider c\u0103 e\u0219ti \u2018\u00eemplinit\u2019 atunci c\u00e2nd te-ai m\u0103ritat \u0219i nici c\u00e2nd ai f\u0103cut un copil\u201d, a explicat ea, pentru <a style=\"color: #000000;\" href=\"https:\/\/www.viva.ro\/\" rel=\"nofollow noopener\" target=\"_blank\">viva.ro.<\/a><\/p>\n","protected":false},"excerpt":{"rendered":"Corina Caragea face senza\u021bie \u00een costum de baie \u00eentr-o vacan\u021b\u0103 petrecut\u0103 \u00een Puglia, Italia. Vedeta de la PRO&hellip;\n","protected":false},"author":2,"featured_media":220744,"comment_status":"","ping_status":"","sticky":false,"template":"","format":"standard","meta":{"footnotes":"","_share_on_mastodon":"0"},"categories":[12],"tags":[32,33,63257,31,22800,36,37,27,74,34,35,25,41,40,38,39,26,28,29,30,71,72,73],"class_list":["post-226184","post","type-post","status-publish","format-standard","has-post-thumbnail","category-international","tag-breaking-news","tag-breakingnews","tag-caragea-protv","tag-cele-mai-populare-subiecte","tag-corina-caragea","tag-featured-news","tag-featurednews","tag-headlines","tag-international","tag-latest-news","tag-latestnews","tag-news","tag-ro","tag-romana","tag-romania","tag-romanian","tag-stiri","tag-titluri","tag-top-stories","tag-topstories","tag-world","tag-world-news","tag-worldnews"],"share_on_mastodon":{"url":"https:\/\/pubeurope.com\/@ro\/116884785695337263","error":""},"_links":{"self":[{"href":"https:\/\/www.europesays.com\/ro\/wp-json\/wp\/v2\/posts\/226184","targetHints":{"allow":["GET"]}}],"collection":[{"href":"https:\/\/www.europesays.com\/ro\/wp-json\/wp\/v2\/posts"}],"about":[{"href":"https:\/\/www.europesays.com\/ro\/wp-json\/wp\/v2\/types\/post"}],"author":[{"embeddable":true,"href":"https:\/\/www.europesays.com\/ro\/wp-json\/wp\/v2\/users\/2"}],"replies":[{"embeddable":true,"href":"https:\/\/www.europesays.com\/ro\/wp-json\/wp\/v2\/comments?post=226184"}],"version-history":[{"count":0,"href":"https:\/\/www.europesays.com\/ro\/wp-json\/wp\/v2\/posts\/226184\/revisions"}],"wp:featuredmedia":[{"embeddable":true,"href":"https:\/\/www.europesays.com\/ro\/wp-json\/wp\/v2\/media\/220744"}],"wp:attachment":[{"href":"https:\/\/www.europesays.com\/ro\/wp-json\/wp\/v2\/media?parent=226184"}],"wp:term":[{"taxonomy":"category","embeddable":true,"href":"https:\/\/www.europesays.com\/ro\/wp-json\/wp\/v2\/categories?post=226184"},{"taxonomy":"post_tag","embeddable":true,"href":"https:\/\/www.europesays.com\/ro\/wp-json\/wp\/v2\/tags?post=226184"}],"curies":[{"name":"wp","href":"https:\/\/api.w.org\/{rel}","templated":true}]}}