{"id":226703,"date":"2026-07-09T09:49:15","date_gmt":"2026-07-09T09:49:15","guid":{"rendered":"https:\/\/www.europesays.com\/ro\/226703\/"},"modified":"2026-07-09T09:49:15","modified_gmt":"2026-07-09T09:49:15","slug":"probleme-pentru-infantino-seful-fifa-reclamat-pentru-incalcari-repetate-ale-neutralitatii-politice-cine-a-inaintat-plangerea","status":"publish","type":"post","link":"https:\/\/www.europesays.com\/ro\/226703\/","title":{"rendered":"Probleme pentru Infantino! \u0218eful FIFA, reclamat pentru \u00eenc\u0103lc\u0103ri repetate ale neutralit\u0103\u021bii politice!\u00a0\u00bb Cine a \u00eenaintat pl\u00e2ngerea"},"content":{"rendered":"<ul class=\"bullets\">&#13;<\/p>\n<li>Fair Square, un ONG dedicat ap\u0103r\u0103rii drepturilor omului, a depus pl\u00e2ngere la Comitetul Olimpic Interna\u021bional \u00eempotriva lui Gianni Infantino.<\/li>\n<p>&#13;\n<\/ul>\n<p><a id=\"google-source-button\" class=\"google-favorite\" target=\"_blank\" href=\"https:\/\/www.google.com\/preferences\/source?q=golazo.ro\" rel=\"nofollow noopener\"><\/p>\n<p>        <img decoding=\"async\" src=\"https:\/\/golazo.ro\/images\/google-logo.svg\" alt=\"\"\/><br \/>\n        <img decoding=\"async\" src=\"https:\/\/golazo.ro\/images\/check-icon-2.svg\" alt=\"\"\/><\/p>\n<p>    Adaug\u0103 GOLAZO.ro la favorite<\/p>\n<p><\/a><\/p>\n<p class=\"\">FIFA a f\u0103cut valuri mari odat\u0103 cu <a href=\"https:\/\/golazo.ro\/folarin-balogun-sua-suspendare-fifa-cartonas-rosu-belgia-mondial-cm-2026-179248\" target=\"_blank\" rel=\"noreferrer noopener nofollow\">anularea suspend\u0103rii lui Folarin Balogun<\/a> din urm\u0103 cu c\u00e2teva zile, iar \u0219eful forului se confrunt\u0103 acum cu o nou\u0103 problem\u0103, dup\u0103 ce a ridicat mari suspiciuni \u00een privin\u021ba rela\u021biei sale cu pre\u0219edintele SUA, Donald Trump.<\/p>\n<p>Gianni Infantino, reclamat la Comitetul Olimpic Interna\u021bional<\/p>\n<p class=\"\">Organiza\u021bia non-guvernamental\u0103 a \u00eenaintat cererea, miercuri, c\u0103tre Comisia de Etic\u0103 a institu\u021biei, \u00een leg\u0103tur\u0103 cu \u201e\u00eenc\u0103lc\u0103rile repetate ale neutralit\u0103\u021bii politice\u201d ale lui Infantino.<\/p>\n<p class=\"\">Ace\u0219tia au precizat c\u0103 \u0219eful FIFA, care este totodat\u0103 \u0219i membru CIO, \u0219i-a luat angajamentul s\u0103 ac\u021bioneze \u201eindependent de interesele comerciale \u0219i politice\u201d, a\u0219a cum prevede Carta Olimpic\u0103, informeaz\u0103 <a href=\"https:\/\/www.lequipe.fr\/Football\/Actualites\/La-commission-d-ethique-du-cio-va-etre-saisie-d-une-plainte-contre-le-president-de-la-fifa-gianni-infantino\/1702643\" target=\"_blank\" rel=\"noreferrer noopener nofollow\">lequipe.fr<\/a>.<\/p>\n<p class=\"\">\u00cens\u0103, apropierea acestuia de Donald Trump, \u00eent\u00e2lnirile repetate dintre cei doi \u0219i anularea suspend\u0103rii de un meci a lui Folarin Balogun, \u00eenaintea jocului cu Beglia, pierdut de SUA, scor 1-4, a ridicat mari semne de \u00eentrebare \u0219i a condus la controverse uria\u0219e \u00een lumea fotbalului.<\/p>\n<p>    <img decoding=\"async\" src=\"https:\/\/www.europesays.com\/ro\/wp-content\/uploads\/2026\/07\/WhatsApp-Image-2024-11-06-at-4.09.41-PM-(3).jpeg\" alt=\"Gianni Infantino si Donald Trump\" data-blur=\"https:\/\/www.europesays.com\/ro\/wp-content\/uploads\/2026\/07\/WhatsApp-Image-2024-11-06-at-4.09.41-PM-(3).jpeg\" width=\"684\" height=\"879\" class=\"blur\" loading=\"lazy\"\/><\/p>\n<p>            <img decoding=\"async\" src=\"https:\/\/www.europesays.com\/ro\/wp-content\/uploads\/2026\/07\/1783590555_483_WhatsApp-Image-2024-11-06-at-4.09.41-PM-(3).jpeg\" loading=\"lazy\" alt=\"Gianni Infantino si Donald Trump\" width=\"684\" height=\"879\"\/><\/p>\n<p>        Galerie foto (5 imagini)<\/p>\n<p>                    <a href=\"https:\/\/golazo.ro\/gianni-infantino-si-donald-trump-115834-g1?articleSource=179639\" class=\"gallery-link\" aria-label=\"Show gallery\" rel=\"nofollow noopener\" target=\"_blank\"><\/p>\n<p>                +5 Foto<br \/>\n            <\/a><\/p>\n<p>    <a href=\"https:\/\/golazo.ro\/gianni-infantino-si-donald-trump-115834-g1\/gianni-infantino-si-donald-trump-42803?articleSource=179639\" class=\"link\" rel=\"nofollow noopener\" target=\"_blank\">labels.photo-gallery<\/a><\/p>\n<p>Rela\u021bia str\u00e2ns\u0103 dintre Gianni Infantino \u0219i Donald Trump<\/p>\n<p class=\"\">Pe l\u00e2ng\u0103 preg\u0103tirile pentru CM 2026, Infantino a fost prezent la \u201eConsiliul pentru pace\u201d al lui Trump, \u00een luna februarie a acestui an, unde a purtat o \u0219apc\u0103 pe care erau inscrip\u021bionate \u201eUSA\u201d \u0219i \u201e45-47\u201d, cele dou\u0103 mandate ale pre\u0219edintelui SUA.<\/p>\n<p class=\"\">\u00cen decembrie 2025, Infantino i-a \u00eenm\u00e2nat lui Donald Trump \u201ePremiul FIFA pentru Pace\u201d, moment \u00een care FairSquare a depus o alt\u0103 pl\u00e2ngere, \u00eens\u0103 \u00eendreptat\u0103 c\u0103re Comisia de Etic\u0103 a FIFA.<\/p>\n<p class=\"\">Demersul de atunci a fost sus\u021binut \u0219i de 50 de membri ai Parlamentului European \u0219i ai Federa\u021biei Norvegiene de Fotbal, \u00eens\u0103 ONG-ul a transmis c\u0103 nu a primit informa\u021bii despre demararea vreunui anchete.<\/p>\n<p>Cite\u0219te \u0219i<\/p>\n<p>VIDEO: cele mai noi imagini din sport<\/p>\n","protected":false},"excerpt":{"rendered":"&#13; Fair Square, un ONG dedicat ap\u0103r\u0103rii drepturilor omului, a depus pl\u00e2ngere la Comitetul Olimpic Interna\u021bional \u00eempotriva lui&hellip;\n","protected":false},"author":2,"featured_media":226704,"comment_status":"","ping_status":"","sticky":false,"template":"","format":"standard","meta":{"footnotes":"","_share_on_mastodon":"0"},"categories":[20],"tags":[31918,63403,352,6242,7500,41,40,38,39,185,184],"class_list":["post-226703","post","type-post","status-publish","format-standard","has-post-thumbnail","category-sport","tag-comitetul-olimpic-international","tag-fair-square","tag-fifa","tag-gianni-infantino","tag-plangere","tag-ro","tag-romana","tag-romania","tag-romanian","tag-sport","tag-sports"],"share_on_mastodon":{"url":"https:\/\/pubeurope.com\/@ro\/116889397978167035","error":""},"_links":{"self":[{"href":"https:\/\/www.europesays.com\/ro\/wp-json\/wp\/v2\/posts\/226703","targetHints":{"allow":["GET"]}}],"collection":[{"href":"https:\/\/www.europesays.com\/ro\/wp-json\/wp\/v2\/posts"}],"about":[{"href":"https:\/\/www.europesays.com\/ro\/wp-json\/wp\/v2\/types\/post"}],"author":[{"embeddable":true,"href":"https:\/\/www.europesays.com\/ro\/wp-json\/wp\/v2\/users\/2"}],"replies":[{"embeddable":true,"href":"https:\/\/www.europesays.com\/ro\/wp-json\/wp\/v2\/comments?post=226703"}],"version-history":[{"count":0,"href":"https:\/\/www.europesays.com\/ro\/wp-json\/wp\/v2\/posts\/226703\/revisions"}],"wp:featuredmedia":[{"embeddable":true,"href":"https:\/\/www.europesays.com\/ro\/wp-json\/wp\/v2\/media\/226704"}],"wp:attachment":[{"href":"https:\/\/www.europesays.com\/ro\/wp-json\/wp\/v2\/media?parent=226703"}],"wp:term":[{"taxonomy":"category","embeddable":true,"href":"https:\/\/www.europesays.com\/ro\/wp-json\/wp\/v2\/categories?post=226703"},{"taxonomy":"post_tag","embeddable":true,"href":"https:\/\/www.europesays.com\/ro\/wp-json\/wp\/v2\/tags?post=226703"}],"curies":[{"name":"wp","href":"https:\/\/api.w.org\/{rel}","templated":true}]}}