{"id":226737,"date":"2026-07-09T10:37:12","date_gmt":"2026-07-09T10:37:12","guid":{"rendered":"https:\/\/www.europesays.com\/ro\/226737\/"},"modified":"2026-07-09T10:37:12","modified_gmt":"2026-07-09T10:37:12","slug":"exclusiv-stiam-din-martie-ca-nu-luam-licenta-marturie-despre-criza-clubului-din-superliga-ni-s-a-promis-ca-ne-vom-primi-banii-dar-a-venit-insolventa","status":"publish","type":"post","link":"https:\/\/www.europesays.com\/ro\/226737\/","title":{"rendered":"EXCLUSIV \u201e\u0218tiam din martie c\u0103 nu lu\u0103m licen\u021ba!\u201d \u00bb M\u0103rturie despre criza clubului din Superliga: \u201eNi s-a promis c\u0103 ne vom primi banii, dar a venit insolven\u021ba\u201d"},"content":{"rendered":"<p>Alexandru Albu (32 de ani), noul mijloca\u0219 al celor de la CSA <a class=\"autolink-enabled\" data-resource-id=\"24439\" data-resource-type=\"team\" data-sport=\"football\" href=\"https:\/\/www.gsp.ro\/rezultate-live\/echipa-teamname-24439\" rel=\"nofollow noopener\" target=\"_blank\">Steaua<\/a>, a acordat primul interviu dup\u0103 transferul \u00een Ghencea. Fotbalistul a explicat de ce a ales forma\u021bia preg\u0103tit\u0103 de Daniel Opri\u021ba, ce obiective \u0219i-a propus \u00een noul sezon \u0219i a vorbit despre ofertele pe care le-a avut \u00een aceast\u0103 var\u0103.<\/p>\n<p class=\"do-not-hide\">\u00cen dialogul cu GSP.ro, fotbalistul a f\u0103cut dezv\u0103luiri \u0219i despre ultimele luni petrecute la Unirea Slobozia, forma\u021bie care a retrogradat din Superlig\u0103 \u0219i a intrat ulterior \u00een insolven\u021b\u0103. <\/p>\n<p class=\"do-not-hide\">Mijloca\u0219ul sus\u021bine c\u0103 juc\u0103torii \u0219tiau \u00eenc\u0103 din luna martie c\u0103 echipa nu va ob\u021bine licen\u021ba pentru primul e\u0219alon.<\/p>\n<p>VIDEO |\u00a0Alexandru Albu, dezv\u0103luiri din culisele retrograd\u0103rii Unirii Slobozia: \u201eDin martie \u0219tiam c\u0103 nu lu\u0103m licen\u021ba!\u201d<\/p>\n<p>Albu a vorbit \u0219i despre problemele financiare de la Unirea Slobozia. Fostul juc\u0103tor al ialomi\u021benilor spune c\u0103 fotbali\u0219tii aveau trei salarii \u0219i prime restante.<\/p>\n<p>&#8211; Bun\u0103, Alex! Ce te-a determinat s\u0103 vii la Steaua?<br \/>&#8211; Am luat aceast\u0103 decizie \u00eempreun\u0103 cu so\u021bia mea. Am analizat toate variantele \u0219i am considerat c\u0103 este cea mai bun\u0103 pentru noi ca familie. Sunt aproape de cas\u0103, de so\u021bie \u0219i de feti\u021be. \u00cen ultima perioad\u0103 am fost mult plecat \u0219i este greu c\u00e2nd \u00ee\u021bi vezi copiii cresc\u00e2nd de la distan\u021b\u0103.<\/p>\n<p>&#8211; Cum e aici? Cum ai g\u0103sit echipa? Cum sunt preg\u0103tirile?<br \/>&#8211; Am g\u0103sit o echip\u0103 foarte bun\u0103 \u0219i un antrenor despre care auzisem numai lucruri frumoase. \u00cei cunosc pe mul\u021bi dintre b\u0103ie\u021bi, condi\u021biile sunt excelente \u0219i preg\u0103tirea a fost foarte intens\u0103. Vreau s\u0103 fiu s\u0103n\u0103tos \u0219i s\u0103 ajut echipa s\u0103 aib\u0103 un sezon bun.<\/p>\n<p>                        <img loading=\"lazy\" decoding=\"async\" alt=\"\" src=\"https:\/\/www.europesays.com\/ro\/wp-content\/uploads\/2026\/07\/1783593431_152_blank.gif\" width=\"728\" height=\"405\"\/><br \/>\n\u201eObiectivul nostru este play-off-ul \u0219i primele locuri\u201d<\/p>\n<p>&#8211; Care este obiectivul, av\u00e2nd \u00een vedere c\u0103 echipa nu poate promova?<br \/>&#8211; \u0218tiu situa\u021bia, dar sper s\u0103 se rezolve. Obiectivul nostru este play-off-ul \u0219i ocuparea primelor locuri. Personal, \u00eemi doresc s\u0103 muncesc, s\u0103 m\u0103 bucur de fotbal \u0219i s\u0103 fiu aproape de familie.<\/p>\n<p><img decoding=\"async\" src=\"https:\/\/www.europesays.com\/ro\/wp-content\/uploads\/2026\/07\/1402c94a-b30b-4d37-a52d-a1e4ce3667cc.jpg\" loading=\"lazy\" title=\"Alexandru Albu, \u00een tricoul Stelei \/\/ foto: Facebook Steaua Bucure\u0219ti\" alt=\"\u201e\u0218tiam din martie c\u0103 nu lu\u0103m licen\u021ba!\u201d \u00bb M\u0103rturie despre criza clubului din Superliga: \u201eNi s-a promis c\u0103 ne vom primi banii, dar a venit insolven\u021ba\u201d\" width=\"738\" height=\"502\"\/><\/p>\n<p>Alexandru Albu, \u00een tricoul Stelei \/\/ foto: Facebook Steaua Bucure\u0219ti<\/p>\n<p>&#8211; Tu ai mai avut oferte din str\u0103in\u0103tate, din Superlig\u0103 sau din Liga a 2-a?<br \/>&#8211; Da, am avut oferte din str\u0103in\u0103tate \u0219i din Liga 1, dar nu merita s\u0103 plec. La Slobozia am trecut printr-o situa\u021bie dificil\u0103, iar acum clubul a intrat \u00een insolven\u021b\u0103. Am vrut s\u0103 aleg stabilitatea pentru familia mea.<\/p>\n<p>&#8211; Cum a fost desp\u0103r\u021birea de Unirea Slobozia \u0219i c\u00e2t de mare a fost dezam\u0103girea retrograd\u0103rii?<br \/>&#8211; A fost \u0219i este o dezam\u0103gire, pentru c\u0103 r\u0103m\u00e2i cu un gust amar. Eu sunt \u00eemp\u0103cat cu mine, fiindc\u0103 am dat tot ce am avut pentru echip\u0103. Situa\u021bia era complicat\u0103, \u0219tiam c\u0103 nu aveam licen\u021b\u0103 pentru Liga 1 \u0219i c\u0103 multe lucruri nu mai depindeau de noi.<\/p>\n<p>&#8211; De c\u00e2t timp se aflase?<br \/>&#8211; Din martie, de la \u00eenceputul lunii. \u00cen astfel de condi\u021bii este greu s\u0103 te motivezi, dar am avut un grup unit \u0219i am \u00eencercat s\u0103 ne concentr\u0103m doar pe ceea ce puteam controla. Acum \u00eencepe o nou\u0103 etap\u0103 \u0219i sunt convins c\u0103 va fi bine.<\/p>\n<p>&#8211; Erau dou\u0103 luni de salarii restante?<br \/>&#8211; Trei luni, plus prime. Ni s-a promis c\u0103 ne vom primi banii, dar a venit insolven\u021ba. Din p\u0103cate, \u00een fotbalul rom\u00e2nesc se \u00eent\u00e2mpl\u0103 astfel de lucruri. Juc\u0103torii sunt critica\u021bi, \u00eens\u0103 pu\u021bini \u0219tiu prin ce trec. Noi trebuie s\u0103 ne facem treaba \u0219i s\u0103 r\u0103m\u00e2nem profesioni\u0219ti.<\/p>\n<p>&#8211; Cum au primit rapidi\u0219tii acest transfer la Steaua? Consider\u0103 c\u0103 ai tr\u0103dat?<br \/>&#8211; Nu am tr\u0103dat pe nimeni, sunt un juc\u0103tor profesionist \u0219i \u00eemi fac treaba pentru echipa la care sunt. Am mul\u021bi prieteni rapidi\u0219ti, care mi-au spus c\u0103 se bucur\u0103 pentru mine, iar eu le \u021bin pumnii \u00een campionat. At\u00e2t timp c\u00e2t dai totul pe teren \u0219i lumea vede atitudine, determinare \u0219i ambi\u021bie, nu cred c\u0103 exist\u0103 motive pentru astfel de repro\u0219uri.<\/p>\n<p>Mijloca\u0219ul a evoluat pentru Rapid \u00eentre 2021 \u0219i 2024, perioad\u0103 \u00een care a fost unul dintre titularii echipei. \u00cen tricoul alb-vi\u0219iniu a adunat 103 meciuri, 12 goluri \u0219i 6 pase decisive.<\/p>\n<p>\u00cen vara anului 2024 a p\u0103r\u0103sit Rapidul, iar ulterior a evoluat pentru Unirea Slobozia. Cotat de Transfermarkt la 250.000 de euro, Alexandru Albu a mai evoluat \u00een carier\u0103 pentru Concordia Chiajna, FC Boto\u0219ani, UTA Arad, Unirea Slobozia, Al-Safa \u0219i Al-Hazem.<\/p>\n","protected":false},"excerpt":{"rendered":"Alexandru Albu (32 de ani), noul mijloca\u0219 al celor de la CSA Steaua, a acordat primul interviu dup\u0103&hellip;\n","protected":false},"author":2,"featured_media":226738,"comment_status":"","ping_status":"","sticky":false,"template":"","format":"standard","meta":{"footnotes":"","_share_on_mastodon":"0"},"categories":[5],"tags":[27221,32,33,31,2366,36,37,27,34,35,1054,25,189,41,40,38,39,26,28,29,30,52],"class_list":["post-226737","post","type-post","status-publish","format-standard","has-post-thumbnail","category-titluri","tag-alexandru-albu","tag-breaking-news","tag-breakingnews","tag-cele-mai-populare-subiecte","tag-csa-steaua","tag-featured-news","tag-featurednews","tag-headlines","tag-latest-news","tag-latestnews","tag-liga-2","tag-news","tag-rapid","tag-ro","tag-romana","tag-romania","tag-romanian","tag-stiri","tag-titluri","tag-top-stories","tag-topstories","tag-unirea-slobozia"],"share_on_mastodon":{"url":"https:\/\/pubeurope.com\/@ro\/116889586947107028","error":""},"_links":{"self":[{"href":"https:\/\/www.europesays.com\/ro\/wp-json\/wp\/v2\/posts\/226737","targetHints":{"allow":["GET"]}}],"collection":[{"href":"https:\/\/www.europesays.com\/ro\/wp-json\/wp\/v2\/posts"}],"about":[{"href":"https:\/\/www.europesays.com\/ro\/wp-json\/wp\/v2\/types\/post"}],"author":[{"embeddable":true,"href":"https:\/\/www.europesays.com\/ro\/wp-json\/wp\/v2\/users\/2"}],"replies":[{"embeddable":true,"href":"https:\/\/www.europesays.com\/ro\/wp-json\/wp\/v2\/comments?post=226737"}],"version-history":[{"count":0,"href":"https:\/\/www.europesays.com\/ro\/wp-json\/wp\/v2\/posts\/226737\/revisions"}],"wp:featuredmedia":[{"embeddable":true,"href":"https:\/\/www.europesays.com\/ro\/wp-json\/wp\/v2\/media\/226738"}],"wp:attachment":[{"href":"https:\/\/www.europesays.com\/ro\/wp-json\/wp\/v2\/media?parent=226737"}],"wp:term":[{"taxonomy":"category","embeddable":true,"href":"https:\/\/www.europesays.com\/ro\/wp-json\/wp\/v2\/categories?post=226737"},{"taxonomy":"post_tag","embeddable":true,"href":"https:\/\/www.europesays.com\/ro\/wp-json\/wp\/v2\/tags?post=226737"}],"curies":[{"name":"wp","href":"https:\/\/api.w.org\/{rel}","templated":true}]}}