{"id":227339,"date":"2026-07-10T07:57:15","date_gmt":"2026-07-10T07:57:15","guid":{"rendered":"https:\/\/www.europesays.com\/ro\/227339\/"},"modified":"2026-07-10T07:57:15","modified_gmt":"2026-07-10T07:57:15","slug":"nicusor-dan-pus-in-dificultate-la-summitul-nato-nu-a-stiut-ce-sa-raspunda-la-o-intrebare-despre-unul-dintre-cele-mai-importante-subiecte-aflate-pe-agenda-aliantei","status":"publish","type":"post","link":"https:\/\/www.europesays.com\/ro\/227339\/","title":{"rendered":"Nicu\u0219or Dan, pus \u00een dificultate la Summitul NATO. Nu a \u0219tiut ce s\u0103 r\u0103spund\u0103 la o \u00eentrebare despre unul dintre cele mai importante subiecte aflate pe agenda Alian\u021bei"},"content":{"rendered":"<p>Miercuri, 08 Iulie 2026, ora 14:44<\/p>\n<p>12827 citiri<\/p>\n<p><a class=\"news__image\" data-href=\"https:\/\/s1.ziareromania.ro\/?mmid=d8d4256b1d2b8648c7\" data-size=\"1024x687\" title=\"Nicu\u0219or Dan, pus \u00een dificultate la Summitul NATO. Nu a \u0219tiut ce s\u0103 r\u0103spund\u0103 la o \u00eentrebare despre unul dintre cele mai importante subiecte aflate pe agenda Alian\u021bei\"><img decoding=\"async\" src=\"https:\/\/www.europesays.com\/ro\/wp-content\/uploads\/2026\/07\/Nicu--or-Dan--pus---n-dificultate-la-Summitul-NATO--Nu-a---tiut-ce-s---r--spund---la-o---ntrebare-de.jpeg\" alt=\"Nicu\u0219or Dan, pus \u00een dificultate la Summitul NATO. Nu a \u0219tiut ce s\u0103 r\u0103spund\u0103 la o \u00eentrebare despre unul dintre cele mai importante subiecte aflate pe agenda Alian\u021bei\" title=\"Nicu\u0219or Dan, pus \u00een dificultate la Summitul NATO. Nu a \u0219tiut ce s\u0103 r\u0103spund\u0103 la o \u00eentrebare despre unul dintre cele mai importante subiecte aflate pe agenda Alian\u021bei\" class=\"img-responsive\"\/><\/a><\/p>\n<p>Nicu\u0219or Dan, pre\u0219edintele Rom\u00e2niei FOTO Facebook\/Nicu\u0219or Dan<\/p>\n<p>Pre\u0219edintele Nicu\u0219or Dan a fost pus \u00een dificultate la Summitul <a href=\"https:\/\/ziare.com\/international\/nato\/\" title=\"NATO\" rel=\"nofollow noopener\" target=\"_blank\">NATO<\/a> de la Ankara, dup\u0103 ce a fost \u00eentrebat despre proiectul de extindere a re\u021belei strategice de conducte de combustibil c\u0103tre flancul estic al Alian\u021bei, care vizeaz\u0103 \u0219i Rom\u00e2nia.<\/p>\n<p>Nicu\u0219or Dan s-a ar\u0103tat \u00eencurcat \u0219i nu a oferit un r\u0103spuns la \u00eentrebare direct, el spun\u00e2nd doar: \u201eDin c\u00e2te \u0219tiu eu, infrastructura noastr\u0103 e printre cele mai bune din regiune\u201d.<\/p>\n<p>Tema este una generoas\u0103 \u0219i vizeaz\u0103 direct Rom\u00e2nia, arat\u0103 <a href=\"https:\/\/www.digi24.ro\/stiri\/externe\/ce-este-sistemul-de-conducte-al-nato-si-de-ce-e-crucial-pentru-romania-nicusor-dan-luat-pe-nepregatite-de-intrebarile-presei-3852855\" target=\"_blank\" rel=\"nofollow noopener\">Digi24.ro.<\/a><\/p>\n<p>Sistemul de conducte de combustibil al NATO (NATO Pipeline System &#8211; NPS) este o re\u021bea de conducte subterane de combustibil care dateaz\u0103 din perioada R\u0103zboiului Rece \u0219i care poate fi utilizat\u0103 \u00een cazul unui conflict militar. State precum <a href=\"https:\/\/ziare.com\/international\/polonia\/\" title=\"Polonia\" rel=\"nofollow noopener\" target=\"_blank\">Polonia<\/a> \u0219i Rom\u00e2nia sus\u021bin de mult timp c\u0103 ar trebui s\u0103 aib\u0103 acces la sistemul de conducte NATO care aprovizioneaz\u0103 for\u021bele occidentale \u00een caz de r\u0103zboi \u0219i care \u00een prezent se opre\u0219te \u00een Germania, transmite sursa citat\u0103.<\/p>\n<p>Decizia s-ar putea lua miercuri<\/p>\n<p>Pre\u0219edintele Poloniei, Karol Nawrocki, a declarat miercuri c\u0103 va \u00eencerca s\u0103 extind\u0103 re\u021beaua de conducte de combustibil a NATO p\u00e2n\u0103 pe flancul estic al Alian\u021bei, scrie Reuters. Oficialii militari consider\u0103 aceasta a fi una dintre cele mai mari provoc\u0103ri \u00een cazul unui conflict cu <a href=\"https:\/\/ziare.com\/international\/rusia\/\" title=\"Rusia\" rel=\"nofollow noopener\" target=\"_blank\">Rusia<\/a>, informeaz\u0103 Reuters.<\/p>\n<p>\u201eNatura dual\u0103 a conductelor ofer\u0103 oportunitatea de a construi securitate pentru \u00eentregul flanc estic al NATO, a\u0219a c\u0103 aceasta este, de asemenea, o oportunitate pentru mine \u0219i pentru \u00eentreaga Europ\u0103 Central\u0103 s\u0103 readucem \u00een discu\u021bie aceast\u0103 problem\u0103\u201d, a declarat pre\u0219edintele Karol Nawrocki la sosirea lui la summitul NATO de la Ankara.<\/p>\n<p>Oficiali militari de rang \u00eenalt ai Alian\u021bei au cerut o extindere a re\u021belei de conducte de combustibil din perioada R\u0103zboiului Rece cu sute de kilometri spre est, c\u0103tre Polonia \u0219i cele trei state baltice, cu extinderi suplimentare c\u0103tre Finlanda la nord \u0219i Rom\u00e2nia la sud-est.<\/p>\n<p>Decizia ar putea fi anun\u021bat\u0103 miercuri la Ankara, dup\u0103 ce s-a ajuns la un consens dup\u0103 mai mul\u021bi ani de deliber\u0103ri. Conductele conecteaz\u0103 baze militare, ajut\u00e2nd la livrarea de combustibil \u00een situa\u021bii de criz\u0103.<\/p>\n<p>Extinderea sistemului de conducte de combustibil urmeaz\u0103 s\u0103 devin\u0103 cea mai mare investi\u021bie realizat\u0103 vreodat\u0103 de Organiza\u021bia Tratatului Atlanticului de Nord, cu un pre\u021b care ar putea ajunge la 30 de miliarde de dolari pe parcursul a dou\u0103 decenii, a declarat una dintre sursele citate de Bloomberg.<\/p>\n<p>\u021ai-a pl\u0103cut articolul?<\/p>\n<p> Vrem s\u0103 producem mai multe, \u00eens\u0103 avem nevoie de sus\u021binerea ta. Orice dona\u021bie conteaz\u0103 pentru jurnalismul independent <\/p>\n","protected":false},"excerpt":{"rendered":"Miercuri, 08 Iulie 2026, ora 14:44 12827 citiri Nicu\u0219or Dan, pre\u0219edintele Rom\u00e2niei FOTO Facebook\/Nicu\u0219or Dan Pre\u0219edintele Nicu\u0219or Dan&hellip;\n","protected":false},"author":2,"featured_media":227340,"comment_status":"","ping_status":"","sticky":false,"template":"","format":"standard","meta":{"footnotes":"","_share_on_mastodon":"0"},"categories":[12],"tags":[22592,32,33,31,36,37,27,74,34801,34,35,25,358,41,40,38,39,26,4925,28,29,30,71,72,73],"class_list":["post-227339","post","type-post","status-publish","format-standard","has-post-thumbnail","category-international","tag-alianta","tag-breaking-news","tag-breakingnews","tag-cele-mai-populare-subiecte","tag-featured-news","tag-featurednews","tag-headlines","tag-international","tag-intrebare","tag-latest-news","tag-latestnews","tag-news","tag-nicusor-dan","tag-ro","tag-romana","tag-romania","tag-romanian","tag-stiri","tag-summit","tag-titluri","tag-top-stories","tag-topstories","tag-world","tag-world-news","tag-worldnews"],"share_on_mastodon":{"url":"https:\/\/pubeurope.com\/@ro\/116894620135154854","error":""},"_links":{"self":[{"href":"https:\/\/www.europesays.com\/ro\/wp-json\/wp\/v2\/posts\/227339","targetHints":{"allow":["GET"]}}],"collection":[{"href":"https:\/\/www.europesays.com\/ro\/wp-json\/wp\/v2\/posts"}],"about":[{"href":"https:\/\/www.europesays.com\/ro\/wp-json\/wp\/v2\/types\/post"}],"author":[{"embeddable":true,"href":"https:\/\/www.europesays.com\/ro\/wp-json\/wp\/v2\/users\/2"}],"replies":[{"embeddable":true,"href":"https:\/\/www.europesays.com\/ro\/wp-json\/wp\/v2\/comments?post=227339"}],"version-history":[{"count":0,"href":"https:\/\/www.europesays.com\/ro\/wp-json\/wp\/v2\/posts\/227339\/revisions"}],"wp:featuredmedia":[{"embeddable":true,"href":"https:\/\/www.europesays.com\/ro\/wp-json\/wp\/v2\/media\/227340"}],"wp:attachment":[{"href":"https:\/\/www.europesays.com\/ro\/wp-json\/wp\/v2\/media?parent=227339"}],"wp:term":[{"taxonomy":"category","embeddable":true,"href":"https:\/\/www.europesays.com\/ro\/wp-json\/wp\/v2\/categories?post=227339"},{"taxonomy":"post_tag","embeddable":true,"href":"https:\/\/www.europesays.com\/ro\/wp-json\/wp\/v2\/tags?post=227339"}],"curies":[{"name":"wp","href":"https:\/\/api.w.org\/{rel}","templated":true}]}}