{"id":227886,"date":"2026-07-10T19:11:10","date_gmt":"2026-07-10T19:11:10","guid":{"rendered":"https:\/\/www.europesays.com\/ro\/227886\/"},"modified":"2026-07-10T19:11:10","modified_gmt":"2026-07-10T19:11:10","slug":"ministrul-radu-miruta-anunt-crunt-pentru-fani-steaua-retrogradeaza-in-liga-3-in-acest-caz","status":"publish","type":"post","link":"https:\/\/www.europesays.com\/ro\/227886\/","title":{"rendered":"Ministrul Radu Miru\u021b\u0103, anun\u021b crunt pentru fani: \u201eSteaua retrogradeaz\u0103 \u00een Liga 3 \u00een acest caz!\u201d"},"content":{"rendered":"<p>\t    <img loading=\"lazy\" decoding=\"async\" class=\"mg-x-auto\" width=\"30\" height=\"30\" src=\"https:\/\/www.europesays.com\/ro\/wp-content\/uploads\/2026\/07\/1783708630_657_google-g.png\" alt=\"\"\/><\/p>\n<p id=\"p-0\">Radu Miru\u021b\u0103 a explicat de ce asocierea care i-ar permite Stelei s\u0103 ob\u021bin\u0103 dreptul de promovare nu a fost realizat\u0103 p\u00e2n\u0103 acum.\u00a0<\/p>\n<p id=\"p-1\">Ministrul Ap\u0103r\u0103rii sus\u021bine c\u0103 o solu\u021bie gr\u0103bit\u0103 ar putea avea consecin\u021be foarte grave, inclusiv retrogradarea echipei \u00een Liga 3.<\/p>\n<p>CSA Steaua ar fi putut ajunge \u00een Liga a 3-a<\/p>\n<p id=\"p-2\"><a style=\"color: #0000ff;\" href=\"https:\/\/www.prosport.ro\/fotbal-intern\/anunt-marcel-puscas-drept-promovare-csa-steaua-20448368\" rel=\"nofollow noopener\" target=\"_blank\">Steaua va evolua \u0219i \u00een acest sezon<\/a> f\u0103r\u0103 drept de promovare \u00een SuperLiga, dup\u0103 ce discu\u021biile privind asocierea s-au blocat. Suporterii, prin intermediul celor de la AS47, au sus\u021binut c\u0103 asocierea \u00een participa\u021biune ar putea fi realizat\u0103 chiar \u0219i \u00een perioada unui guvern interimar, dac\u0103 ar exista voin\u021b\u0103 politic\u0103.<\/p>\n<p id=\"p-3\">Fanii au oferit drept exemplu situa\u021bia Universit\u0103\u021bii Craiova, club care s-a aflat \u00een subordinea Ministerului Educa\u021biei \u0219i a putut realiza o asociere cu Prim\u0103ria Craiova \u0219i cu o societate privat\u0103. Radu Miru\u021b\u0103 spune \u00eens\u0103 c\u0103 situa\u021bia juridic\u0103 a Ministerului Ap\u0103r\u0103rii este diferit\u0103.<\/p>\n<p>                <a href=\"https:\/\/www.prosport.ro\/poze\/ministrul-radu-miruta-anunt-crunt-pentru-fani-steaua-20481229\" rel=\"nofollow noopener\" target=\"_blank\">&#13;<br \/>\n                                            <img decoding=\"async\" loading=\"lazy\" fetchpriority=\"low\" src=\"https:\/\/www.europesays.com\/ro\/wp-content\/uploads\/2026\/07\/https:\/\/www.prosport.ro\/wp-content\/uploads\/2026\/04\/e-jale-la-csa-steaua-dezvaluiri-explozive-ale-min.jpeg\" width=\"458\" height=\"305\"\/>&#13;<br \/>\n                                    <\/a><\/p>\n<p>                <a href=\"https:\/\/www.prosport.ro\/poze\/ministrul-radu-miruta-anunt-crunt-pentru-fani-steaua-20481229\" rel=\"nofollow noopener\" target=\"_blank\">&#13;<br \/>\n                                            <img decoding=\"async\" loading=\"lazy\" fetchpriority=\"low\" src=\"https:\/\/www.europesays.com\/ro\/wp-content\/uploads\/2026\/07\/https:\/\/www.prosport.ro\/wp-content\/uploads\/2026\/06\/florin-talpan-comandant-csa-steaua-bucuresti.webp\" width=\"227\" height=\"151\"\/>&#13;<br \/>\n                                    <\/a><\/p>\n<p id=\"p-4\">Ministrul a explicat c\u0103 o asociere f\u0103r\u0103 scop patrimonial ar rezolva doar problema juridic\u0103 a dreptului de promovare, dar ar \u00eempiedica MApN s\u0103 mai finan\u021beze echipa.<\/p>\n<p id=\"p-5\">\u201eAsocierea \u00een participa\u021biune, f\u0103r\u0103 scop patrimonial, presupune imposibilitatea ca ministerul s\u0103 mai pun\u0103 bani. A\u0219 putea face asta, dar mi-a\u0219 bate joc de Steaua. \u00cen secunda doi, MApN nu mai poate pune niciun cent. Iar f\u0103r\u0103 bani de la minister, nu estimez c\u0103 exist\u0103 \u0219ansa ca Steaua s\u0103 mai func\u021bioneze. \u00cen\u021beleg suporterii, sunt inimo\u0219i. \u0218i eu m-am ambi\u021bionat, pentru c\u0103 e o mare nedreptate ce s-a \u00eent\u00e2mplat cu Steaua, dar nu e suficient s\u0103 bif\u0103m condi\u021biile, dac\u0103 ulterior nu se va mai putea juca niciun meci. Sunt costuri, salarii, plus plata pentru stadion. Asocierea \u00een participa\u021biune, f\u0103r\u0103 scop patrimonial, rezolv\u0103 doar juridic problema\u201d, a spus Radu Miru\u021b\u0103.<\/p>\n<p id=\"p-6\">Oficialul a avertizat c\u0103 noua structur\u0103 ar trebui s\u0103 \u00ee\u0219i asigure singur\u0103 finan\u021barea \u0219i s\u0103 pl\u0103teasc\u0103 inclusiv pentru folosirea stadionului din Ghencea. \u00cen lipsa unor venituri consistente, existen\u021ba echipei ar putea fi pus\u0103 \u00een pericol.<\/p>\n<p id=\"p-7\">\u201eMi-ar fi la \u00eendem\u00e2n\u0103, ca om politic, s\u0103 iau o decizie pe care s\u0103 o aplaude suporterii. Dar ar fi o rezolvare pe termen scurt, pentru c\u0103 \u00ee\u0219i vor da seama c\u0103 decizia poate duce la retrogradarea echipei \u00een liga a treia. \u00cen lipsa altor surse consistente de finan\u021bare, nici pe stadion nu vor mai putea juca. Noua entitate va trebui s\u0103 pl\u0103teasc\u0103 pentru utilizarea stadionului\u201d, a mai declarat ministrul Ap\u0103r\u0103rii.<\/p>\n<p>Care ar fi solu\u021bia pentru promovarea CSA Steaua<\/p>\n<p id=\"p-8\">Potrivit lui Miru\u021b\u0103, solu\u021bia pe termen lung ar fi \u00eenfiin\u021barea unei societ\u0103\u021bi comerciale \u00een cadrul MApN. Aceasta ar putea realiza ulterior <a style=\"color: #0000ff;\" href=\"https:\/\/www.prosport.ro\/alte-sporturi\/polo\/csa-steaua-polo-pe-apa-armata-tricouri-campioni-deplasare-20460637\" rel=\"nofollow noopener\" target=\"_blank\">un parteneriat cu un investitor privat<\/a>, \u00eens\u0103 actuala lege de organizare a ministerului nu permite acest lucru.<\/p>\n<p id=\"p-9\">\u201eSolu\u021bia este \u00eenfiin\u021barea unei societ\u0103\u021bi comerciale de c\u0103tre MApN, cu care s\u0103 se fac\u0103 parteneriat \u00eentre dou\u0103 societ\u0103\u021bi comerciale, cu un poten\u021bial investitor. Dar pentru asta, trebuie s\u0103 se schimbe legea de organizare a ministerului, iar asta nu o poate face un guvern interimar. Asta spune legea, nu o spun eu\u201d, a explicat Radu Miru\u021b\u0103.<\/p>\n","protected":false},"excerpt":{"rendered":"Radu Miru\u021b\u0103 a explicat de ce asocierea care i-ar permite Stelei s\u0103 ob\u021bin\u0103 dreptul de promovare nu a&hellip;\n","protected":false},"author":2,"featured_media":227887,"comment_status":"","ping_status":"","sticky":false,"template":"","format":"standard","meta":{"footnotes":"","_share_on_mastodon":"0"},"categories":[5],"tags":[32,33,31,2366,63662,63663,36,37,27,34,35,25,41,40,38,39,26,28,29,30],"class_list":["post-227886","post","type-post","status-publish","format-standard","has-post-thumbnail","category-titluri","tag-breaking-news","tag-breakingnews","tag-cele-mai-populare-subiecte","tag-csa-steaua","tag-csa-steaua-divize","tag-csa-steaua-retrogradare","tag-featured-news","tag-featurednews","tag-headlines","tag-latest-news","tag-latestnews","tag-news","tag-ro","tag-romana","tag-romania","tag-romanian","tag-stiri","tag-titluri","tag-top-stories","tag-topstories"],"share_on_mastodon":{"url":"https:\/\/pubeurope.com\/@ro\/116897270583391905","error":""},"_links":{"self":[{"href":"https:\/\/www.europesays.com\/ro\/wp-json\/wp\/v2\/posts\/227886","targetHints":{"allow":["GET"]}}],"collection":[{"href":"https:\/\/www.europesays.com\/ro\/wp-json\/wp\/v2\/posts"}],"about":[{"href":"https:\/\/www.europesays.com\/ro\/wp-json\/wp\/v2\/types\/post"}],"author":[{"embeddable":true,"href":"https:\/\/www.europesays.com\/ro\/wp-json\/wp\/v2\/users\/2"}],"replies":[{"embeddable":true,"href":"https:\/\/www.europesays.com\/ro\/wp-json\/wp\/v2\/comments?post=227886"}],"version-history":[{"count":0,"href":"https:\/\/www.europesays.com\/ro\/wp-json\/wp\/v2\/posts\/227886\/revisions"}],"wp:featuredmedia":[{"embeddable":true,"href":"https:\/\/www.europesays.com\/ro\/wp-json\/wp\/v2\/media\/227887"}],"wp:attachment":[{"href":"https:\/\/www.europesays.com\/ro\/wp-json\/wp\/v2\/media?parent=227886"}],"wp:term":[{"taxonomy":"category","embeddable":true,"href":"https:\/\/www.europesays.com\/ro\/wp-json\/wp\/v2\/categories?post=227886"},{"taxonomy":"post_tag","embeddable":true,"href":"https:\/\/www.europesays.com\/ro\/wp-json\/wp\/v2\/tags?post=227886"}],"curies":[{"name":"wp","href":"https:\/\/api.w.org\/{rel}","templated":true}]}}