{"id":228253,"date":"2026-07-11T09:47:09","date_gmt":"2026-07-11T09:47:09","guid":{"rendered":"https:\/\/www.europesays.com\/ro\/228253\/"},"modified":"2026-07-11T09:47:09","modified_gmt":"2026-07-11T09:47:09","slug":"pancu-dezvaluiri-in-cazul-djokovic-fostul-antrenor-de-la-cfr-cluj-despre-jucatorul-anchetat-pentru-pariuri-am-avut-un-dialog-cu-el","status":"publish","type":"post","link":"https:\/\/www.europesays.com\/ro\/228253\/","title":{"rendered":"Pancu, dezv\u0103luiri \u00een \u201ecazul Djokovic\u201d. Fostul antrenor de la CFR Cluj, despre juc\u0103torul anchetat pentru pariuri: \u201eAm avut un dialog cu el\u201d"},"content":{"rendered":"<ul class=\"bullets\">&#13;<\/p>\n<li>Daniel Pancu (48 de ani) a venit cu detalii despre dosarul pentru pariuri \u00een care este anchetat Damjan Djokovic (36 de ani), juc\u0103tor pe care l-a antrenat la CFR Cluj.<\/li>\n<p>&#13;<br \/>\n&#13;<\/p>\n<li>\u00cen prezent, Pancu se afl\u0103 pe banca tehnic\u0103 a echipei Rapid Bucure\u0219ti.<\/li>\n<p>&#13;\n<\/ul>\n<p><a id=\"google-source-button\" class=\"google-favorite\" target=\"_blank\" href=\"https:\/\/www.google.com\/preferences\/source?q=golazo.ro\" rel=\"nofollow noopener\"><\/p>\n<p>        <img decoding=\"async\" src=\"https:\/\/golazo.ro\/images\/google-logo.svg\" alt=\"\"\/><br \/>\n        <img decoding=\"async\" src=\"https:\/\/golazo.ro\/images\/check-icon-2.svg\" alt=\"\"\/><\/p>\n<p>    Adaug\u0103 GOLAZO.ro la favorite<\/p>\n<p><\/a><\/p>\n<p class=\"\"><a href=\"https:\/\/golazo.ro\/damjan-djokovic-cfr-cluj-ancheta-pariuri-frf-liga-1-179450\" target=\"_blank\" rel=\"noreferrer noopener nofollow\">Fotbalistul de la CFR Cluj a fost citat de Comisia de Disciplin\u0103 din cadrul FRF<\/a> \u0219i este anchetat de Departamentul de Integritate \u0219i Antifraud\u0103 \u00een leg\u0103tur\u0103 cu un cartona\u0219 galben suspect, \u00eencasat la finalul anului 2025.<\/p>\n<p>Daniel Pancu: \u201eAm avut un dialog separat cu el, doar noi doi\u201d<\/p>\n<p class=\"\">Daniel Pancu a dezv\u0103luit c\u0103 cei de la CFR Cluj aflaser\u0103 despre situa\u021bia \u00een care se afla Djokovic, acesta fiind \u0219i motivul pentru care <a target=\"_blank\" href=\"https:\/\/golazo.ro\/daniel-pancu-ciprian-deac-damjan-djokovic-cfr-cluj-cantonament-superliga-160499\" rel=\"nofollow noopener\">nu ar fi fost luat ini\u021bial \u00een cantonamentul<\/a> din Spania, din ianuarie.<\/p>\n<p class=\"\">Ulterior, \u00een luna mai, mijloca\u0219ul croat a purtat o discu\u021bie cu fostul antrenor de la CFR Cluj, care le ceruse p\u0103rerea celorlal\u021bi juc\u0103tori ai echipei din Gruia.<\/p>\n<p class=\"\">\u201eDup\u0103 ce au ap\u0103rut informa\u021biile \u00een pres\u0103, i-am str\u00e2ns pe juc\u0103tori \u00een vestiar \u0219i i-am \u00eentrebat dac\u0103 au \u00eencredere \u00een colegul lor. Mi-au spus c\u0103 au \u00eencredere deplin\u0103. <\/p>\n<p class=\"\">Am avut un dialog separat cu el, doar noi doi. Mi-a spus ce a avut de spus \u0219i, fiind o discu\u021bie doar \u00eentre noi, a\u0219a o s\u0103 r\u0103m\u00e2n\u0103\u201d, a spus Pancu pentru ProSport, citat de <a target=\"_blank\" href=\"https:\/\/www.fanatik.ro\/daniel-pancu-stia-despre-problemele-pe-care-le-are-damjan-djokovic-i-am-strans-pe-jucatori-in-vestiar-21504192\" rel=\"nofollow noopener\">fanatik.ro<\/a>.<\/p>\n<p class=\"\">Faza a avut loc pe 19 decembrie 2025, \u00een meciul dintre FC Boto\u0219ani \u0219i CFR Cluj, scor 0-1. Se presupune c\u0103, la acel moment, Djokovic ar fi \u00eencasat \u00een mod inten\u021bionat un cartona\u0219 galben \u00een minutul 77.<\/p>\n<p class=\"\">Ce s-a \u00eent\u00e2mplat mai exact? Chiar \u00een apropierea arbitrului Sebastian Col\u021bescu, Djokovic a luat mingea \u00een bra\u021be \u0219i l-a lovit pe Charles Petro. \u201eCentralul\u201d nu l-a iertat \u0219i i-a ar\u0103tat cartona\u0219ul galben.<\/p>\n<p>    <img decoding=\"async\" src=\"https:\/\/www.europesays.com\/ro\/wp-content\/uploads\/2026\/07\/faza-suspecta-din-botosani-cfr-in-care-djokovic-vede-cartonasul-galben-6.jpg\" alt=\"Faza suspect\u0103 din Boto\u0219ani - CFR \u00een care Djokovic vede cartona\u0219ul galben. Foto: captur\u0103 YouTube\" data-blur=\"https:\/\/www.europesays.com\/ro\/wp-content\/uploads\/2026\/07\/faza-suspecta-din-botosani-cfr-in-care-djokovic-vede-cartonasul-galben-6.jpg\" width=\"684\" height=\"879\" class=\"blur\" loading=\"lazy\"\/><\/p>\n<p>            <img decoding=\"async\" src=\"https:\/\/www.europesays.com\/ro\/wp-content\/uploads\/2026\/07\/1783763229_131_faza-suspecta-din-botosani-cfr-in-care-djokovic-vede-cartonasul-galben-6.jpg\" loading=\"lazy\" alt=\"Faza suspect\u0103 din Boto\u0219ani - CFR \u00een care Djokovic vede cartona\u0219ul galben. Foto: captur\u0103 YouTube\" width=\"684\" height=\"879\"\/><\/p>\n<p>        Galerie foto (11 imagini)<\/p>\n<p>                    <a href=\"https:\/\/golazo.ro\/faza-suspecta-din-botosani-cfr-in-care-djokovic-vede-cartonasul-galben-179457-g1?articleSource=179843\" class=\"gallery-link\" aria-label=\"Show gallery\" rel=\"nofollow noopener\" target=\"_blank\"><\/p>\n<p>                +11 Foto<br \/>\n            <\/a><\/p>\n<p>    <a href=\"https:\/\/golazo.ro\/faza-suspecta-din-botosani-cfr-in-care-djokovic-vede-cartonasul-galben-179457-g1\/faza-suspecta-din-botosani-cfr-in-care-djokovic-vede-cartonasul-galben-foto-captura-youtube-458570?articleSource=179843\" class=\"link\" rel=\"nofollow noopener\" target=\"_blank\">labels.photo-gallery<\/a><\/p>\n<p class=\"\">\u00cen leg\u0103tur\u0103 cu cartona\u0219ul galben \u00eencasat de fotbalistul de la CFR s-ar fi plasat mai multe pariuri, at\u00e2t \u00een Rom\u00e2nia, c\u00e2t \u0219i \u00een str\u0103in\u0103tate.<\/p>\n<p>Ce risc\u0103 Damjan Djokovic dac\u0103 va fi g\u0103sit vinovat<\/p>\n<p class=\"\">\u00cen cazul \u00een care se va dovedi c\u0103 Damjan Djokovic a fost implicat \u00een aceste activit\u0103\u021bi ilegale, atunci mijloca\u0219ul risc\u0103 o pedeaps\u0103 foarte dur\u0103.<\/p>\n<p class=\"\">Punctul 5 din Articolul 60 privind Corup\u021bia \/ Pariurile sportive \/ Integritatea competi\u021biilor prevede:<\/p>\n<p class=\"\">\u201eFapta persoanei care particip\u0103 direct sau indirect la pariuri sau alte activit\u0103\u021bi similare care privesc jocurile din competi\u021biile organizate sub egida FIFA\/UEFA\/FRF\/LPF\/AJF sau care are un interes financiar direct sau indirect \u00een astfel de activit\u0103\u021bi se sanc\u021bioneaz\u0103 cumulativ cu:<\/p>\n<ul class=\"\">&#13;<\/p>\n<li>interzicerea oric\u0103rei activit\u0103\u021bi legate de fotbal pentru 2 ani<\/li>\n<p>&#13;<br \/>\n&#13;<\/p>\n<li>penalitate sportiv\u0103 de 300.000 de lei\u201d.<\/li>\n<p>&#13;\n<\/ul>\n<p>Cite\u0219te \u0219i<\/p>\n<p>VIDEO: cele mai noi imagini din sport<\/p>\n","protected":false},"excerpt":{"rendered":"&#13; Daniel Pancu (48 de ani) a venit cu detalii despre dosarul pentru pariuri \u00een care este anchetat&hellip;\n","protected":false},"author":2,"featured_media":228254,"comment_status":"","ping_status":"","sticky":false,"template":"","format":"standard","meta":{"footnotes":"","_share_on_mastodon":"0"},"categories":[20],"tags":[1128,186,4399,1984,51,1607,41,40,38,39,185,184],"class_list":["post-228253","post","type-post","status-publish","format-standard","has-post-thumbnail","category-sport","tag-ancheta","tag-cfr-cluj","tag-damjan-djokovic","tag-daniel-pancu","tag-liga-1","tag-pariuri","tag-ro","tag-romana","tag-romania","tag-romanian","tag-sport","tag-sports"],"share_on_mastodon":{"url":"https:\/\/pubeurope.com\/@ro\/116900714826443282","error":""},"_links":{"self":[{"href":"https:\/\/www.europesays.com\/ro\/wp-json\/wp\/v2\/posts\/228253","targetHints":{"allow":["GET"]}}],"collection":[{"href":"https:\/\/www.europesays.com\/ro\/wp-json\/wp\/v2\/posts"}],"about":[{"href":"https:\/\/www.europesays.com\/ro\/wp-json\/wp\/v2\/types\/post"}],"author":[{"embeddable":true,"href":"https:\/\/www.europesays.com\/ro\/wp-json\/wp\/v2\/users\/2"}],"replies":[{"embeddable":true,"href":"https:\/\/www.europesays.com\/ro\/wp-json\/wp\/v2\/comments?post=228253"}],"version-history":[{"count":0,"href":"https:\/\/www.europesays.com\/ro\/wp-json\/wp\/v2\/posts\/228253\/revisions"}],"wp:featuredmedia":[{"embeddable":true,"href":"https:\/\/www.europesays.com\/ro\/wp-json\/wp\/v2\/media\/228254"}],"wp:attachment":[{"href":"https:\/\/www.europesays.com\/ro\/wp-json\/wp\/v2\/media?parent=228253"}],"wp:term":[{"taxonomy":"category","embeddable":true,"href":"https:\/\/www.europesays.com\/ro\/wp-json\/wp\/v2\/categories?post=228253"},{"taxonomy":"post_tag","embeddable":true,"href":"https:\/\/www.europesays.com\/ro\/wp-json\/wp\/v2\/tags?post=228253"}],"curies":[{"name":"wp","href":"https:\/\/api.w.org\/{rel}","templated":true}]}}