{"id":229944,"date":"2026-07-13T11:47:11","date_gmt":"2026-07-13T11:47:11","guid":{"rendered":"https:\/\/www.europesays.com\/ro\/229944\/"},"modified":"2026-07-13T11:47:11","modified_gmt":"2026-07-13T11:47:11","slug":"rusia-a-publicat-clasamentul-tarilor-pe-care-le-considera-ostile-pe-ce-loc-e-romania-care-a-prins-top-10-newsweek-romania","status":"publish","type":"post","link":"https:\/\/www.europesays.com\/ro\/229944\/","title":{"rendered":"Rusia a publicat clasamentul \u021b\u0103rilor pe care le consider\u0103 ostile. Pe ce loc e Rom\u00e2nia care a prins Top 10? \u2022 Newsweek Rom\u00e2nia"},"content":{"rendered":"<p>\n                    Una din publica\u021biile infleunte din Rusia a prezentat edi\u021bia din iunie a \u201eClasamentului guvernelor ostile\u201d. \u00cen fruntea clasamentului s-au reg\u0103sit din nou Germania, Letonia, Marea Britanie, Fran\u021ba \u0219i Estonia. Rom\u00e2nia a prins Top 10.\n                <\/p>\n<p>\u00cen ultima lun\u0103 s-a \u00eenregistrat o intensificare semnificativ\u0103 a componentei militare a conflictualit\u0103\u021bii europene: \u021b\u0103rile NATO au sporit num\u0103rul exerci\u021biilor militare \u00een apropierea grani\u021belor cu Rusia \u0219i Belarus, iar rolul statelor europene \u00een preg\u0103tirea acestora continu\u0103 s\u0103 creasc\u0103, scrie publica\u021bia v<a href=\"https:\/\/vz.ru\/\" target=\"_blank\" rel=\"noopener nofollow\">z.ru<\/a><\/p>\n<p>Rusia a publicat clasamentul \u021b\u0103rilor pe care le consider\u0103 ostile. Pe ce loc e Rom\u00e2nia care a prins Top 10?<\/p>\n<p>Publica\u021bia este apropiat\u0103 de Putin \u0219i public\u0103, lunar, clasamentul celor mai ostile \u021b\u0103ri fa\u021b\u0103 de Rusia. Rom\u00e2nia se afl\u0103 pe pozi\u021bia a opta.<\/p>\n<p>Clasamentul \u021b\u0103rilor pe care Rusia le consider\u0103 cele mai ostile:<\/p>\n<p>1 \u00a0 \u00a0Germania \u00a0 \u00a090 puncte<\/p>\n<p>2 \u00a0 \u00a0Letonia \u00a0 \u00a090 puncte<\/p>\n<p>3 \u00a0 \u00a0Marea Britanie, Estonia \u00a0 \u00a085 puncte<\/p>\n<p>4 \u00a0 \u00a0Fran\u021ba \u00a0 \u00a080 puncte<\/p>\n<p>5 \u00a0 \u00a0Polonia, Finlanda, Cehia, Suedia \u00a0 \u00a075 puncte<\/p>\n<p>6 \u00a0 \u00a0Lituania \u00a0 \u00a070 puncte<\/p>\n<p>7 \u00a0 \u00a0Belgia, Danemarca, Spania, Italia, Statele Unite \u00a0 \u00a065 puncte<\/p>\n<p>8 \u00a0 \u00a0Canada, \u021a\u0103rile de Jos (Olanda), Rom\u00e2nia \u00a0 \u00a060 puncte<\/p>\n<p>9 \u00a0 \u00a0Grecia \u00a0 \u00a050\u00a0puncte<\/p>\n<p>10 \u00a0 \u00a0Bulgaria, Luxemburg, Slovenia, Croa\u021bia \u00a0 \u00a045 puncte<\/p>\n<p>\u201eLuna iunie a confirmat c\u0103 Europa trece de la crearea condi\u021biilor pentru o confruntare pe termen lung cu Rusia la preg\u0103tirea practic\u0103 a for\u021belor sale armate. Dac\u0103 \u00een prim\u0103var\u0103 aten\u021bia principal\u0103 era \u00eendreptat\u0103 c\u0103tre dezvoltarea cooper\u0103rii militar-industriale \u0219i a logisticii militare, acum accentul s-a mutat direct asupra exers\u0103rii unor posibile scenarii de conflict\u201d, scriu ru\u0219ii care din agresori se dau victime.<\/p>\n<p><img decoding=\"async\" src=\"https:\/\/www.europesays.com\/ro\/wp-content\/uploads\/2026\/07\/aHR0cHM6Ly9uZXdzd2Vlay5yby9zdG9yYWdlL211bHRpbWVkaWEvMjAyNi8wNy9TMVM3YkxzNjdwOWl3TGQ4UlV0SEZhZDZaRkpj.webp\" alt=\"Fregata - Foto: FB\"\/>&#13;<br \/>\nFregata &#8211; Foto: FB&#13;<\/p>\n<p>Ru\u0219ii explic\u0103 de ce au f\u0103cut acest clasament<\/p>\n<p>\u201eGermania a ocupat din nou primul loc, cu un scor de 95 de puncte din 100 posibile.<\/p>\n<p>Cte\u0219te \u0219i:<a href=\"https:\/\/newsweek.ro\/international\/trump-convins-ca-putin-pierde-razboiul-din-ucraina\" target=\"_blank\" rel=\"noopener nofollow\">\u00a0Trump, convins c\u0103 Putin pierde r\u0103zboiul din Ucraina. \u201eCapacitatea ofensiv\u0103 a Rusiei e aproape zero\u201d<\/a><\/p>\n<p>Berlinul a continuat s\u0103 consolideze cooperarea militar-tehnic\u0103 cu Kievul: \u00een iunie, p\u0103r\u021bile au semnat un acord privind dezvoltarea \u00een comun a unui nou sistem de ap\u0103rare antiaerian\u0103 cu rachete balistice. \u00cen plus, Germania a anun\u021bat alocarea a \u00eenc\u0103 400 de milioane de dolari pentru achizi\u021bionarea de echipamente de ap\u0103rare antiaerian\u0103 pentru For\u021bele Armate ale Ucrainei.<\/p>\n<p>Pe locul al doilea s-a clasat Letonia, care a urcat de pe locul al cincilea ocupat cu o lun\u0103 \u00een urm\u0103. Riga a convenit cu Kievul asupra construirii unei fabrici de produc\u021bie a dronelor pentru armata ucrainean\u0103.<\/p>\n<p>Pe locul al treilea s-au situat Estonia \u0219i Marea Britanie. Tallinn a intensificat colaborarea cu Ucraina \u00een domeniul militar, semn\u00e2nd o declara\u021bie privind consolidarea cooper\u0103rii \u00een domeniul securit\u0103\u021bii \u0219i ap\u0103r\u0103rii.<\/p>\n<p>\u00a0Iar Londra a anun\u021bat o majorare a bugetului militar cu 27% \u2013 p\u00e2n\u0103 la 105 miliarde de dolari, explic\u00e2nd aceast\u0103 m\u0103sur\u0103, printre altele, prin necesitatea de a contracara Rusia. \u00cen plus, autorit\u0103\u021bile britanice r\u0103m\u00e2n unul dintre participan\u021bii-cheie la ini\u021biativa PURL, care prevede achizi\u021bionarea de armament american pentru Ucraina.<\/p>\n<p>Cite\u0219te \u0219i:\u00a0<a href=\"https:\/\/newsweek.ro\/international\/rusia-acuzatii-aberante-in-romania-se-construiesc-fabrici-de-armament-pentru-ucraina-ne-vor-ataca\" target=\"_blank\" rel=\"noopener nofollow\">Rusia, acuza\u021bii aberante: \u00cen Rom\u00e2nia se construiesc fabrici de armament pentru Ucraina. \u201eNe vor ataca!\u201d<\/a><\/p>\n<p>Fran\u021ba a ocupat locul al patrulea. Parisul \u0219i-a anun\u021bat planurile de a extinde produc\u021bia de armament cu raz\u0103 lung\u0103 de ac\u021biune pentru For\u021bele Armate ale Ucrainei, continu\u00e2nd politica de sprijinire a armatei ucrainene.<\/p>\n<p>Cite\u0219te \u0219i:\u00a0<a href=\"https:\/\/newsweek.ro\/international\/video-turcia-va-controla-marea-neagra-si-alte-4-mari-cu-racheta-tayfun-acopera-romania-pana-la-bucuresti\" target=\"_blank\" rel=\"noopener nofollow\">VIDEO Turcia va controla Marea Neagr\u0103 \u0219i alte 4 m\u0103ri cu racheta Tayfun. \u201eAcoper\u0103\u201d Rom\u00e2nia p\u00e2n\u0103 la Bucure\u0219ti<\/a><\/p>\n<p>\u00cen acela\u0219i timp, Fran\u021ba a \u021binut sub arest petrolierul rus \u201eTagor\u201d practic pe tot parcursul lunii\u201d, arat\u0103 publica\u021bia de mai sus.<\/p>\n","protected":false},"excerpt":{"rendered":"Una din publica\u021biile infleunte din Rusia a prezentat edi\u021bia din iunie a \u201eClasamentului guvernelor ostile\u201d. \u00cen fruntea clasamentului&hellip;\n","protected":false},"author":2,"featured_media":229945,"comment_status":"","ping_status":"","sticky":false,"template":"","format":"standard","meta":{"footnotes":"","_share_on_mastodon":"0"},"categories":[12],"tags":[36779,32,33,31,23469,36,37,27,74,34,35,25,689,533,41,40,38,39,45,26,28,29,30,71,72,73],"class_list":["post-229944","post","type-post","status-publish","format-standard","has-post-thumbnail","category-international","tag-adevarul-h","tag-breaking-news","tag-breakingnews","tag-cele-mai-populare-subiecte","tag-eveniment","tag-featured-news","tag-featurednews","tag-headlines","tag-international","tag-latest-news","tag-latestnews","tag-news","tag-putin","tag-razboi","tag-ro","tag-romana","tag-romania","tag-romanian","tag-rusia","tag-stiri","tag-titluri","tag-top-stories","tag-topstories","tag-world","tag-world-news","tag-worldnews"],"share_on_mastodon":{"url":"https:\/\/pubeurope.com\/@ro\/116912511129922763","error":""},"_links":{"self":[{"href":"https:\/\/www.europesays.com\/ro\/wp-json\/wp\/v2\/posts\/229944","targetHints":{"allow":["GET"]}}],"collection":[{"href":"https:\/\/www.europesays.com\/ro\/wp-json\/wp\/v2\/posts"}],"about":[{"href":"https:\/\/www.europesays.com\/ro\/wp-json\/wp\/v2\/types\/post"}],"author":[{"embeddable":true,"href":"https:\/\/www.europesays.com\/ro\/wp-json\/wp\/v2\/users\/2"}],"replies":[{"embeddable":true,"href":"https:\/\/www.europesays.com\/ro\/wp-json\/wp\/v2\/comments?post=229944"}],"version-history":[{"count":0,"href":"https:\/\/www.europesays.com\/ro\/wp-json\/wp\/v2\/posts\/229944\/revisions"}],"wp:featuredmedia":[{"embeddable":true,"href":"https:\/\/www.europesays.com\/ro\/wp-json\/wp\/v2\/media\/229945"}],"wp:attachment":[{"href":"https:\/\/www.europesays.com\/ro\/wp-json\/wp\/v2\/media?parent=229944"}],"wp:term":[{"taxonomy":"category","embeddable":true,"href":"https:\/\/www.europesays.com\/ro\/wp-json\/wp\/v2\/categories?post=229944"},{"taxonomy":"post_tag","embeddable":true,"href":"https:\/\/www.europesays.com\/ro\/wp-json\/wp\/v2\/tags?post=229944"}],"curies":[{"name":"wp","href":"https:\/\/api.w.org\/{rel}","templated":true}]}}