{"id":230089,"date":"2026-07-13T14:40:12","date_gmt":"2026-07-13T14:40:12","guid":{"rendered":"https:\/\/www.europesays.com\/ro\/230089\/"},"modified":"2026-07-13T14:40:12","modified_gmt":"2026-07-13T14:40:12","slug":"apple-schimba-ritmul-lansarilor-de-procesoare-m7-ar-veni-la-doar-cateva-luni-dupa-m6-m8-deja-in-dezvoltare","status":"publish","type":"post","link":"https:\/\/www.europesays.com\/ro\/230089\/","title":{"rendered":"Apple schimb\u0103 ritmul lans\u0103rilor de procesoare: M7 ar veni la doar c\u00e2teva luni dup\u0103 M6. M8 deja \u00een dezvoltare"},"content":{"rendered":"<p><a href=\"https:\/\/www.connect.ro\/2022\/01\/28\/iphone-ul-va-deveni-pos-si-va-accepta-plati-contactless-dupa-un-update-viitor\/\" rel=\"nofollow noopener\" target=\"_blank\">Apple<\/a> ar putea lansa procesorul M6 \u00een aceast\u0103 toamn\u0103, dar f\u0103r\u0103 s\u0103 dezvolte ulterior \u0219i variante mai performante sub forma M6 Pro, M6 Max \u0219i M6 Ultra. Potrivit unui <a href=\"https:\/\/www.bloomberg.com\/news\/newsletters\/2026-07-12\/apple-s-chip-plans-m6-m7-pro-m7-max-m7-ultra-m8-details-touch-macbook-pro\" target=\"_blank\" rel=\"noreferrer noopener nofollow\">articol publicat de Bloomberg<\/a>, compania ar trece direct la genera\u021bia M7 pentru viitoarele Mac-uri performante, \u00eentr-o schimbare determinat\u0103 de investi\u021biile \u00een procesarea AI. Dac\u0103 informa\u021biile se confirm\u0103, ar fi pentru prima dat\u0103 c\u00e2nd Apple renun\u021b\u0103 la toate versiunile superioare ale unei genera\u021bii de procesoare pentru <a href=\"https:\/\/www.connect.ro\/2022\/01\/21\/logitech-lanseaza-tastatura-si-mouse-ul-pop-cele-mai-noi-din-gama-studio-series-pret-si-disponibilitate\/\" rel=\"nofollow noopener\" target=\"_blank\">Mac<\/a>. Compania a mai omis modele Ultra, inclusiv \u00een familia M4, dar a p\u0103strat p\u00e2n\u0103 acum variantele Pro \u0219i Max.<\/p>\n<p>Procesoarele Apple M7 ar ajunge \u00een 2027<\/p>\n<p>Apple ar fi \u00eenceput etapa de \u201etape-out\u201d pentru M7 la numai \u0219ase luni dup\u0103 procesul echivalent pentru M6. Tape-out este momentul \u00een care designul unui <a href=\"https:\/\/www.connect.ro\/2022\/03\/15\/amd-lanseaza-cel-mai-puternic-procesor-de-gaming-pe-pc-din-lume\/\" rel=\"nofollow noopener\" target=\"_blank\">procesor<\/a> este finalizat \u0219i trimis c\u0103tre fabrica\u021bie, \u00eenaintea test\u0103rii \u0219i produc\u021biei comerciale. Procesorul M7 de baz\u0103 este planificat pentru prima jum\u0103tate a anului 2027. Variantele M7 Pro \u0219i M7 Max ar urma s\u0103 apar\u0103 spre sf\u00e2r\u0219itul aceluia\u0219i an, \u00een timp ce M7 Ultra este programat pentru 2028.<\/p>\n<p>Decizia de a scurta ciclul genera\u021biei M6 ar fi legat\u0103 de \u00eembun\u0103t\u0103\u021birile preg\u0103tite pentru Neural Engine \u0219i celelalte componente dedicate proces\u0103rii AI. Apple ar considera aceste schimb\u0103ri suficient de importante pentru a trece mai repede la o nou\u0103 arhitectur\u0103, f\u0103r\u0103 s\u0103 finalizeze \u00eentreaga familie M6. M7 Ultra ar urma s\u0103 primeasc\u0103 cea mai ampl\u0103 cre\u0219tere a performan\u021bei AI. Bloomberg sus\u021bine c\u0103 procesorul ar putea ajunge mai aproape de categoria acceleratoarelor AI dedicate, precum arhitectura Blackwell de la <a href=\"https:\/\/www.connect.ro\/2022\/01\/28\/review-nvidia-studio-nvidia-geforce-rtx\/\" rel=\"nofollow noopener\" target=\"_blank\">Nvidia<\/a>, \u00eens\u0103 raportul nu include rezultate de performan\u021b\u0103 sau specifica\u021bii care s\u0103 permit\u0103 o compara\u021bie direct\u0103.<\/p>\n<p>M7 Ultra ar putea suporta 1,5 TB de memorie<\/p>\n<p>Noul procesor Ultra ar fi proiectat s\u0103 suporte p\u00e2n\u0103 la 1,5 TB de memorie, aproximativ dublu fa\u021b\u0103 de capacitatea planificat\u0103 pentru M5 Ultra. Asta nu \u00eenseamn\u0103 \u00eens\u0103 c\u0103 Apple va comercializa neap\u0103rat o asemenea configura\u021bie, decizia urm\u00e2nd s\u0103 depind\u0103 de disponibilitatea \u0219i costul cipurilor de memorie.<\/p>\n<p>Apple ar folosi procesoarele \u0219i pentru infrastructura proprie de AI. Compania preg\u0103te\u0219te un server bazat pe M5 Ultra, cunoscut intern sub numele J246, iar inginerii dezvolt\u0103 deja un alt cip pentru servere, planificat pentru 2029 \u0219i bazat pe capabilit\u0103\u021bile M7 Ultra.<\/p>\n<p>Apple lucreaz\u0103 deja la genera\u021bia M8<\/p>\n<p>Planul de dezvoltare pentru zona procesoarelor din seria M continu\u0103 cu procesoarele Apple M8, dezvoltate cu un accent \u0219i mai pronun\u021bat pe sarcinile AI. Unul dintre cipuri poart\u0103 numele de cod Soko \u0219i ar urma s\u0103 apar\u0103 p\u00e2n\u0103 \u00een 2028, \u00een timp ce procesoarele pentru Mac-urile mai performante sunt dezvoltate sub numele Cardinal. <\/p>\n<p>Genera\u021bia planificat\u0103 pentru 2028 ar trece la un proces de fabrica\u021bie de 1,4 nanometri. \u00cen principiu, un proces mai avansat permite integrarea unui num\u0103r mai mare de tranzistori, care poate \u00eembun\u0103t\u0103\u021bi eficien\u021ba energetic\u0103, dar rezultatele finale depind de arhitectura \u0219i configura\u021bia fiec\u0103rui procesor.<\/p>\n","protected":false},"excerpt":{"rendered":"Apple ar putea lansa procesorul M6 \u00een aceast\u0103 toamn\u0103, dar f\u0103r\u0103 s\u0103 dezvolte ulterior \u0219i variante mai performante&hellip;\n","protected":false},"author":2,"featured_media":230090,"comment_status":"","ping_status":"","sticky":false,"template":"","format":"standard","meta":{"footnotes":"","_share_on_mastodon":"0"},"categories":[16],"tags":[13597,64200,64201,35933,41,40,38,39,141,124],"class_list":["post-230089","post","type-post","status-publish","format-standard","has-post-thumbnail","category-tehnologie","tag-apple-m6","tag-apple-m7","tag-apple-m8","tag-apple-silicon","tag-ro","tag-romana","tag-romania","tag-romanian","tag-technology","tag-tehnologie"],"share_on_mastodon":{"url":"https:\/\/pubeurope.com\/@ro\/116913191168754473","error":""},"_links":{"self":[{"href":"https:\/\/www.europesays.com\/ro\/wp-json\/wp\/v2\/posts\/230089","targetHints":{"allow":["GET"]}}],"collection":[{"href":"https:\/\/www.europesays.com\/ro\/wp-json\/wp\/v2\/posts"}],"about":[{"href":"https:\/\/www.europesays.com\/ro\/wp-json\/wp\/v2\/types\/post"}],"author":[{"embeddable":true,"href":"https:\/\/www.europesays.com\/ro\/wp-json\/wp\/v2\/users\/2"}],"replies":[{"embeddable":true,"href":"https:\/\/www.europesays.com\/ro\/wp-json\/wp\/v2\/comments?post=230089"}],"version-history":[{"count":0,"href":"https:\/\/www.europesays.com\/ro\/wp-json\/wp\/v2\/posts\/230089\/revisions"}],"wp:featuredmedia":[{"embeddable":true,"href":"https:\/\/www.europesays.com\/ro\/wp-json\/wp\/v2\/media\/230090"}],"wp:attachment":[{"href":"https:\/\/www.europesays.com\/ro\/wp-json\/wp\/v2\/media?parent=230089"}],"wp:term":[{"taxonomy":"category","embeddable":true,"href":"https:\/\/www.europesays.com\/ro\/wp-json\/wp\/v2\/categories?post=230089"},{"taxonomy":"post_tag","embeddable":true,"href":"https:\/\/www.europesays.com\/ro\/wp-json\/wp\/v2\/tags?post=230089"}],"curies":[{"name":"wp","href":"https:\/\/api.w.org\/{rel}","templated":true}]}}