{"id":230825,"date":"2026-07-14T11:59:12","date_gmt":"2026-07-14T11:59:12","guid":{"rendered":"https:\/\/www.europesays.com\/ro\/230825\/"},"modified":"2026-07-14T11:59:12","modified_gmt":"2026-07-14T11:59:12","slug":"anuntul-momentului-despre-juan-bauza-si-reactia-lui-adrian-mititelu","status":"publish","type":"post","link":"https:\/\/www.europesays.com\/ro\/230825\/","title":{"rendered":"Anun\u021bul momentului despre Juan Bauza \u0219i reac\u021bia lui Adrian Mititelu"},"content":{"rendered":"<p>Emilian Hulubei, pre\u0219edintele AFAN, a l\u0103murit situa\u021bia mijloca\u0219ului ofensiv Juan Bauza, care \u00eenc\u0103 apar\u021bine de FCU Craiova. <\/p>\n<p class=\"do-not-hide\">Reprezentantul Asocia\u021biei Fotbali\u0219tilor Amatori \u0219i Nonamatori din Rom\u00e2nia sus\u021bine c\u0103 Bauza, 30 de ani, poate r\u0103m\u00e2ne foarte u\u0219or liber de contract: trebuie s\u0103 depun\u0103 o notificare la FRF \u00een vederea rezilierii.<\/p>\n<p class=\"do-not-hide\">Argumentul lui Hulubei? FCU Craiova nu-i mai ofer\u0103 argentinianului o competi\u021bie \u00een care s\u0103 activeze. <\/p>\n<p>Pre\u0219edintele AFAN: \u201eBauza depune memoriu \u0219i r\u0103m\u00e2ne juc\u0103tor liber\u201d<\/p>\n<p>\u201eJuan Bauza nu mai poate fi legat de FCU Craiova, din momentul \u00een care echipa nu s-a mai \u00eenscris \u00een nicio competi\u021bie. Societatea exist\u0103, dar nu po\u021bi s\u0103 \u021bii un juc\u0103tor pe o societate. <\/p>\n<p>Dac\u0103 nu \u00eei asiguri competi\u021bie, el poate depune memoriu, s\u0103 devin\u0103 liber de contract \u0219i se poate legitima la orice club f\u0103r\u0103 nicio problem\u0103. \u00cen str\u0103in\u0103tate nici nu mai are nevoie de memoriu, pleac\u0103 pur \u0219i simplu.<\/p>\n<p>El poate s\u0103 \u00ee\u0219i denun\u021be unilateral contractul printr-o singur\u0103 notificare c\u0103tre club \u0219i atunci pleac\u0103 \u00een str\u0103in\u0103tate f\u0103r\u0103 niciun fel de problem\u0103. \u00cen Rom\u00e2nia, se face un memoriu la Federa\u021bie prin care se constat\u0103 c\u0103 echipa nu are cum s\u0103 \u00eei ofere competi\u021bie, \u0219i atunci devine liber de contract, conform regulamentului\u201d, a declarat Emilian Hulubei, prezent \u00een studioul Gazetei Sporturilor.<\/p>\n<p>                        <img loading=\"lazy\" decoding=\"async\" alt=\"\" src=\"https:\/\/www.europesays.com\/ro\/wp-content\/uploads\/2026\/07\/1783958113_420_blank.gif\" width=\"728\" height=\"405\"\/><br \/>\nReac\u021bia lui Adrian Mititelu<\/p>\n<p>Adrian Mititelu, finan\u021batorul celor de la FCU Craiova, a oferit o reac\u021bie scurt\u0103 pentru GSP.ro.<\/p>\n<p>\u201eFCU o s\u0103 fie \u00eenscris\u0103 \u00een competi\u021bie. Restul: aprecieri, opinii, dorin\u021be \u0219i diversiuni\u201d, a fost mesajul lui Mititelu.<\/p>\n<p>Juan Bauza a revenit \u00een Rom\u00e2nia. \u00cencotro? <\/p>\n<p>Juan Bauza a fost ultima oar\u0103 \u00eemprumutat de\u00a0FCU Craiova\u00a0la\u00a0Atletico Nacional (34 de meciuri, 4 goluri, 4 pase decisive). S-a \u00eentors \u00een Rom\u00e2nia, \u00eentruc\u00e2t forma\u021bia din Columbia, primul e\u0219alon, nu a activat clauza de cump\u0103rare setat\u0103 la 2,5 milioane de euro.<\/p>\n<ul>\n<li>Mijloca\u0219ul ofensiv mai are contract cu oltenii, teoretic, p\u00e2n\u0103 \u00een 2027. <\/li>\n<li>FCU Craiova a fost exclus\u0103 din fotbal de c\u0103tre FRF, dup\u0103 ce a adunat datorii uria\u0219e \u0219i o depunctare record de peste 100 de puncte. <\/li>\n<li>Acum, clubul se afl\u0103 \u00een reorganizare judiciar\u0103 pentru a evita falimentul total \u0219i se judec\u0103 cu Federa\u021bia pentru a reveni \u00een ligile oficiale. <\/li>\n<li>Momentan, singura activitate r\u0103mas\u0103 este la nivel de juniori, echipa de seniori fiind practic \u201e\u00eenghe\u021bat\u0103\u201d.<\/li>\n<\/ul>\n<p class=\"cifra \">17 goluri\u0219i 20 de assisturi a adunat Bauza la FCU Craiova \u00een 87 de meciuri oficiale<\/p>\n<p class=\"cifra \">400.000 \u20acmai valoreaz\u0103 Bauza pe Transfermarkt. Cea mai \u00eenalt\u0103 born\u0103 din carier\u0103 o atingea \u00een 2023 &#8211; 1.000.000 \u20ac<\/p>\n","protected":false},"excerpt":{"rendered":"Emilian Hulubei, pre\u0219edintele AFAN, a l\u0103murit situa\u021bia mijloca\u0219ului ofensiv Juan Bauza, care \u00eenc\u0103 apar\u021bine de FCU Craiova. Reprezentantul&hellip;\n","protected":false},"author":2,"featured_media":230179,"comment_status":"","ping_status":"","sticky":false,"template":"","format":"standard","meta":{"footnotes":"","_share_on_mastodon":"0"},"categories":[20],"tags":[6623,2850,1109,24934,41,40,38,39,185,184],"class_list":["post-230825","post","type-post","status-publish","format-standard","has-post-thumbnail","category-sport","tag-emilian-hulubei","tag-fcu-craiova","tag-gsp-live","tag-juan-bauza","tag-ro","tag-romana","tag-romania","tag-romanian","tag-sport","tag-sports"],"share_on_mastodon":{"url":"https:\/\/pubeurope.com\/@ro\/116918220762009246","error":""},"_links":{"self":[{"href":"https:\/\/www.europesays.com\/ro\/wp-json\/wp\/v2\/posts\/230825","targetHints":{"allow":["GET"]}}],"collection":[{"href":"https:\/\/www.europesays.com\/ro\/wp-json\/wp\/v2\/posts"}],"about":[{"href":"https:\/\/www.europesays.com\/ro\/wp-json\/wp\/v2\/types\/post"}],"author":[{"embeddable":true,"href":"https:\/\/www.europesays.com\/ro\/wp-json\/wp\/v2\/users\/2"}],"replies":[{"embeddable":true,"href":"https:\/\/www.europesays.com\/ro\/wp-json\/wp\/v2\/comments?post=230825"}],"version-history":[{"count":0,"href":"https:\/\/www.europesays.com\/ro\/wp-json\/wp\/v2\/posts\/230825\/revisions"}],"wp:featuredmedia":[{"embeddable":true,"href":"https:\/\/www.europesays.com\/ro\/wp-json\/wp\/v2\/media\/230179"}],"wp:attachment":[{"href":"https:\/\/www.europesays.com\/ro\/wp-json\/wp\/v2\/media?parent=230825"}],"wp:term":[{"taxonomy":"category","embeddable":true,"href":"https:\/\/www.europesays.com\/ro\/wp-json\/wp\/v2\/categories?post=230825"},{"taxonomy":"post_tag","embeddable":true,"href":"https:\/\/www.europesays.com\/ro\/wp-json\/wp\/v2\/tags?post=230825"}],"curies":[{"name":"wp","href":"https:\/\/api.w.org\/{rel}","templated":true}]}}