{"id":231121,"date":"2026-07-14T18:59:14","date_gmt":"2026-07-14T18:59:14","guid":{"rendered":"https:\/\/www.europesays.com\/ro\/231121\/"},"modified":"2026-07-14T18:59:14","modified_gmt":"2026-07-14T18:59:14","slug":"de-ce-s-a-pus-sigiliu-pe-biroul-lui-florin-talpan-si-ce-spune-csa-steaua-despre-promovarea-in-superliga","status":"publish","type":"post","link":"https:\/\/www.europesays.com\/ro\/231121\/","title":{"rendered":"De ce s-a pus sigiliu pe biroul lui Florin Talpan \u0219i ce spune CSA Steaua despre promovarea \u00een Superliga"},"content":{"rendered":"<p>\t    <img loading=\"lazy\" decoding=\"async\" class=\"mg-x-auto\" width=\"30\" height=\"30\" src=\"https:\/\/www.europesays.com\/ro\/wp-content\/uploads\/2026\/07\/1784055553_262_google-g.png\" alt=\"\"\/><\/p>\n<p id=\"p-0\">Pe 8 iulie 2026 a ap\u0103rut \u00een spa\u021biul public o poz\u0103 cu u\u0219a biroului lui Florin Talpan sigilat\u0103! Fanii CSA Steaua au pus totul pe seama unei presiuni asupra colonelului de justi\u021bie.<\/p>\n<p id=\"p-1\">Imaginea din cadrul unit\u0103\u021bii militare 02301 din bulevardul Ghencea a fost f\u0103cut\u0103 public\u0103 de o pagina de Facebook Steaua Liber\u0103, o pagin\u0103 a suporterilor echipei din Liga 2.<\/p>\n<p>De ce s-a pus sigiliu pe biroul lui Florin Talpan \u0219i ce spune CSA Steaua despre promovarea \u00een Superliga: \u201eNu e o m\u0103sur\u0103 de restric\u021bionare a accesului\u201d<\/p>\n<p id=\"p-2\">Sigiliul ar fi fost pus pe u\u0219a lui<a style=\"color: #0000ff;\" href=\"https:\/\/www.prosport.ro\/fotbal-intern\/liga-2\/florin-talpan-comandant-csa-steaua-bucuresti-20453798\" rel=\"nofollow noopener\" target=\"_blank\"> Florin Talpan c\u00e2nd acesta se afla \u00een concediu medical<\/a>. Totodat\u0103, fanii ro\u0219-alba\u0219trilor sus\u021bin c\u0103 oficialii CSA Steaua \u00eencearc\u0103 astfel s\u0103-l \u00eempiedice pe Talpan s\u0103-\u0219i desf\u0103\u0219oare activitate \u00een procesele cu FCSB din perioada urm\u0103toare.<\/p>\n<p>                <a href=\"https:\/\/www.prosport.ro\/poze\/florin-talpan-csa-steaua-superliga-promovare-sigiliu-usa-20483704\" rel=\"nofollow noopener\" target=\"_blank\">&#13;<br \/>\n                                            <img decoding=\"async\" loading=\"lazy\" fetchpriority=\"low\" src=\"https:\/\/www.europesays.com\/ro\/wp-content\/uploads\/2026\/07\/https:\/\/www.prosport.ro\/wp-content\/uploads\/2026\/07\/florin-talpan.jpg\" width=\"458\" height=\"305\"\/>&#13;<br \/>\n                                    <\/a><\/p>\n<p>                <a href=\"https:\/\/www.prosport.ro\/poze\/florin-talpan-csa-steaua-superliga-promovare-sigiliu-usa-20483704\" rel=\"nofollow noopener\" target=\"_blank\">&#13;<br \/>\n                                            <img decoding=\"async\" loading=\"lazy\" fetchpriority=\"low\" src=\"https:\/\/www.europesays.com\/ro\/wp-content\/uploads\/2026\/07\/https:\/\/www.prosport.ro\/wp-content\/uploads\/2026\/07\/florin-talpan-csa-steaua-superliga-promovare-sigi.jpeg\" width=\"227\" height=\"151\"\/>&#13;<br \/>\n                                    <\/a><\/p>\n<p id=\"p-3\">ProSport a cerut un punct de vedere din partea Clubului Sportiv al Armatei Steaua cu privire la <a style=\"color: #0000ff;\" href=\"https:\/\/www.prosport.ro\/fotbal-intern\/liga-2\/si-a-adus-o-angajata-de-la-stadion-sta-toata-ziua-la-el-florin-talpan-atac-nuclear-la-adresa-comandantului-csa-steaua-20380913\" rel=\"nofollow noopener\" target=\"_blank\">sigiliile de pe u\u0219a biroului lui Florin Talpan<\/a>, dar \u0219i cu privire la viitorul echipei din Liga 2.<\/p>\n<p id=\"p-4\">\u201e\u00cen urm\u0103 cu aproximativ o lun\u0103, \u00een cadrul Clubului Sportiv al Armatei \u201eSteaua\u201d a fost dispus\u0103 efectuarea unei cercet\u0103ri \u00een vederea verific\u0103rii unui poten\u021bial eveniment produs la nivelul unit\u0103\u021bii. \u00cen acest context, pentru asigurarea integrit\u0103\u021bii spa\u021biului \u0219i a eventualelor mijloace de prob\u0103, biroul utilizat de domnul colonel Florin Costel Talpan a fost sigilat, m\u0103sur\u0103 dispus\u0103 \u00een conformitate cu reglement\u0103rile interne \u0219i prevederile legale aplicabile \u00een cadrul Ministerului Ap\u0103r\u0103rii Na\u021bionale.<\/p>\n<p id=\"p-5\">\u00centruc\u00e2t cercetarea este \u00een curs de desf\u0103\u0219urare, iar informa\u021biile rezultate din aceasta privesc o procedur\u0103 intern\u0103 aflat\u0103 \u00een derulare, nu pot fi comunicate detalii suplimentare p\u00e2n\u0103 la finalizarea verific\u0103rilor. \u00cen acest sens, stabilirea documentelor, echipamentelor sau a altor materiale necesare desf\u0103\u0219ur\u0103rii cercet\u0103rii reprezint\u0103 atributul exclusiv al comisiei desemnate \u00een acest scop, aceasta fiind singura structur\u0103 competent\u0103 s\u0103 stabileasc\u0103 \u0219i s\u0103 administreze probele necesare pentru clarificarea \u00eemprejur\u0103rilor analizate, cu respectarea dispozi\u021biilor legale incidente.<\/p>\n<p id=\"p-6\">Subliniem c\u0103 m\u0103sura sigil\u0103rii biroului nu a reprezentat \u0219i nu reprezint\u0103 o m\u0103sur\u0103 de restric\u021bionare a accesului domnului colonel Florin Costel Talpan. Pe perioada \u00een care au fost dispuse aceste m\u0103suri, acesta nu s-a aflat la locul de munc\u0103, iar la prezentarea \u00een unitate i-a fost permis accesul \u00een spa\u021biul de lucru, nefiind dispus\u0103 nicio m\u0103sur\u0103 de interzicere a accesului \u00een institu\u021bie sau \u00een biroul utilizat pentru desf\u0103\u0219urarea activit\u0103\u021bii.<\/p>\n<p id=\"p-7\">Totodat\u0103, preciz\u0103m c\u0103 m\u0103surile dispuse \u00een cauz\u0103 reprezint\u0103 proceduri specifice, aplicabile ori de c\u00e2te ori natura situa\u021biei impune conservarea spa\u021biului \u0219i a eventualelor mijloace de prob\u0103 p\u00e2n\u0103 la finalizarea verific\u0103rilor. Aceste m\u0103suri nu au caracter sanc\u021bionator \u0219i sunt instituite exclusiv \u00een vederea desf\u0103\u0219ur\u0103rii \u00een condi\u021bii corespunz\u0103toare a cercet\u0103rii. Toate m\u0103surile adoptate au fost dispuse \u0219i puse \u00een aplicare cu respectarea cadrului legal \u0219i a reglement\u0103rilor interne incidente Ministerului Ap\u0103r\u0103rii Na\u021bionale\u201d, se arat\u0103 \u00een punctul de vedere al CSA Steaua.<\/p>\n<p>L-a blocat CSA Steaua pe Florin Talpan \u00een procesul cu FCSB?<\/p>\n<p id=\"p-8\">ProSport i-a \u00eentrebat pe oficialii CSA Steaua cum r\u0103spund acuza\u021biilor fanilor care sus\u021bin c\u0103 \u0219efii echipei Armatei \u00eencearc\u0103 s\u0103-l blocheze pe Talpan \u00een procesul pe care Clubul Sportiv al Armatei \u00eel are cu FCSB: \u201e\u00cen raport cu \u00eentreb\u0103rile referitoare la activitatea procesual\u0103 a Clubului Sportiv al Armatei \u201eSteaua\u201d, preciz\u0103m c\u0103 m\u0103surile la care face\u021bi referire nu au nicio leg\u0103tur\u0103 cu dosarele aflate pe rolul instan\u021belor de judecat\u0103.<\/p>\n<p id=\"p-9\">Av\u00e2nd \u00een vedere momentul \u00een care acestea au fost dispuse \u0219i obiectul cercet\u0103rii, orice asociere cu litigiile \u00een care clubul este parte este lipsit\u0103 de fundament.<\/p>\n<p id=\"p-10\">Totodat\u0103, reiter\u0103m faptul c\u0103 domnul colonel Florin Costel Talpan beneficiaz\u0103 de \u00eentregul sprijin institu\u021bional necesar pentru reprezentarea \u0219i ap\u0103rarea intereselor Clubului Sportiv al Armatei Steaua \u00een cauzele aflate pe rolul instan\u021belor de judecat\u0103, \u00een condi\u021biile legii\u201d.<\/p>\n<p><a href=\"https:\/\/www.prosport.ro\/fotbal-intern\/florin-talpan-csa-steaua-superliga-promovare-sigiliu-usa-20483704\/attachment\/usa-3\" rel=\"attachment wp-att-20483727 nofollow noopener\" target=\"_blank\"><img aria-describedby=\"caption-attachment-20483727\" class=\"size-large wp-image-20483727\" src=\"https:\/\/www.europesays.com\/ro\/wp-content\/uploads\/2026\/07\/https:\/\/www.prosport.ro\/wp-content\/uploads\/2026\/07\/usa-1050x1400.jpg\" alt=\"\" width=\"900\" height=\"1200\" loading=\"lazy\" decoding=\"async\" \/><\/a><\/p>\n<p id=\"caption-attachment-20483727\" class=\"wp-caption-text\">A\u0219a arat\u0103 u\u0219a sigilat\u0103 a biroului lui Florin Talpan \/\/ Foto Steaua Liber\u0103<\/p>\n<p>Promoveaz\u0103 CSA Steaua \u00een Superliga?<\/p>\n<p id=\"p-11\">CSA Steaua nu are nici la aceast\u0103 or\u0103 dreptul legal de a promova \u00een Superliga Rom\u00e2niei, a\u0219a cum s-a \u00eent\u00e2mplat \u0219i \u00een ultimii ani petrecu\u021bi \u00een Liga 2. ProSport a vrut s\u0103 afle planul oficialilor CSA Steaua pentru ca echipa s\u0103 aib\u0103 dreptul de a promova.<\/p>\n<p id=\"p-12\">\u201e\u00cen ceea ce prive\u0219te \u00eentrebarea referitoare la posibilitatea promov\u0103rii echipei de fotbal \u00een Liga 1, v\u0103 inform\u0103m c\u0103, la nivelul Ministerului Ap\u0103r\u0103rii Na\u021bionale \u0219i al Clubului Sportiv al Armatei Steaua, sunt analizate \u00een continuare toate variantele legale \u0219i institu\u021bionale care pot conduce la ob\u021binerea dreptului de promovare, cu respectarea cadrului normativ aplicabil \u0219i a intereselor institu\u021bionale ale clubului.<\/p>\n<p id=\"p-13\">\u00cen prezent nu a fost adoptat\u0103 o decizie final\u0103 privind forma juridic\u0103 ce va fi urmat\u0103, aceasta urm\u00e2nd s\u0103 fie comunicat\u0103 public dup\u0103 finalizarea analizelor \u0219i parcurgerea etapelor legale necesare\u201d, a fost r\u0103spunsul CSA Steaua.<\/p>\n","protected":false},"excerpt":{"rendered":"Pe 8 iulie 2026 a ap\u0103rut \u00een spa\u021biul public o poz\u0103 cu u\u0219a biroului lui Florin Talpan sigilat\u0103!&hellip;\n","protected":false},"author":2,"featured_media":231122,"comment_status":"","ping_status":"","sticky":false,"template":"","format":"standard","meta":{"footnotes":"","_share_on_mastodon":"0"},"categories":[20],"tags":[63537,2366,9824,7919,41,40,38,39,185,184],"class_list":["post-231121","post","type-post","status-publish","format-standard","has-post-thumbnail","category-sport","tag-birou-sigilat","tag-csa-steaua","tag-florin-talpan","tag-promovare","tag-ro","tag-romana","tag-romania","tag-romanian","tag-sport","tag-sports"],"share_on_mastodon":{"url":"https:\/\/pubeurope.com\/@ro\/116919872336286388","error":""},"_links":{"self":[{"href":"https:\/\/www.europesays.com\/ro\/wp-json\/wp\/v2\/posts\/231121","targetHints":{"allow":["GET"]}}],"collection":[{"href":"https:\/\/www.europesays.com\/ro\/wp-json\/wp\/v2\/posts"}],"about":[{"href":"https:\/\/www.europesays.com\/ro\/wp-json\/wp\/v2\/types\/post"}],"author":[{"embeddable":true,"href":"https:\/\/www.europesays.com\/ro\/wp-json\/wp\/v2\/users\/2"}],"replies":[{"embeddable":true,"href":"https:\/\/www.europesays.com\/ro\/wp-json\/wp\/v2\/comments?post=231121"}],"version-history":[{"count":0,"href":"https:\/\/www.europesays.com\/ro\/wp-json\/wp\/v2\/posts\/231121\/revisions"}],"wp:featuredmedia":[{"embeddable":true,"href":"https:\/\/www.europesays.com\/ro\/wp-json\/wp\/v2\/media\/231122"}],"wp:attachment":[{"href":"https:\/\/www.europesays.com\/ro\/wp-json\/wp\/v2\/media?parent=231121"}],"wp:term":[{"taxonomy":"category","embeddable":true,"href":"https:\/\/www.europesays.com\/ro\/wp-json\/wp\/v2\/categories?post=231121"},{"taxonomy":"post_tag","embeddable":true,"href":"https:\/\/www.europesays.com\/ro\/wp-json\/wp\/v2\/tags?post=231121"}],"curies":[{"name":"wp","href":"https:\/\/api.w.org\/{rel}","templated":true}]}}