{"id":231191,"date":"2026-07-14T21:12:11","date_gmt":"2026-07-14T21:12:11","guid":{"rendered":"https:\/\/www.europesays.com\/ro\/231191\/"},"modified":"2026-07-14T21:12:11","modified_gmt":"2026-07-14T21:12:11","slug":"tranzactie-ciudata-uta-a-cesionat-venituri-uriase-catre-un-antrenor-care-n-a-lucrat-niciodata-la-club","status":"publish","type":"post","link":"https:\/\/www.europesays.com\/ro\/231191\/","title":{"rendered":"Tranzac\u021bie ciudat\u0103. UTA a cesionat venituri uria\u0219e c\u0103tre un antrenor care n-a lucrat niciodat\u0103 la club!"},"content":{"rendered":"<ul class=\"bullets\">&#13;<\/p>\n<li>UTA Arad, club aflat \u00een <a target=\"_blank\" href=\"https:\/\/golazo.ro\/uta-arad-concordat-preventiv-razvan-zavaleanu-liga-1-146642\" rel=\"nofollow noopener\">concordat preventiv<\/a>, a cesionat c\u0103tre antrenorul Andrei Prepeli\u021b\u0103 o crean\u021b\u0103 viitoare de 320.000 de euro, potrivit unui document \u00eenscris \u00een Registrul Na\u021bional de Publicitate Mobiliar\u0103 (RNPM).<\/li>\n<p>&#13;\n<\/ul>\n<p><a id=\"google-source-button\" class=\"google-favorite\" target=\"_blank\" href=\"https:\/\/www.google.com\/preferences\/source?q=golazo.ro\" rel=\"nofollow noopener\"><\/p>\n<p>        <img decoding=\"async\" src=\"https:\/\/golazo.ro\/images\/google-logo.svg\" alt=\"\"\/><br \/>\n        <img decoding=\"async\" src=\"https:\/\/golazo.ro\/images\/check-icon-2.svg\" alt=\"\"\/><\/p>\n<p>    Adaug\u0103 GOLAZO.ro la favorite<\/p>\n<p><\/a><\/p>\n<p class=\"\">Opera\u021biunea este surprinz\u0103toare deoarece Andrei Prepeli\u021b\u0103 (40 de ani), r\u0103mas f\u0103r\u0103 angajament dup\u0103 desp\u0103r\u021birea de Unirea Slobozia \u00een urm\u0103 cu cinci luni, nu a avut rela\u021bii contractuale cunoscute cu UTA, nici ca juc\u0103tor, nici ca antrenor.<\/p>\n<p>Contract de 320.000 de euro \u00eentre UTA \u0219i Andrei Prepeli\u021b\u0103<\/p>\n<p class=\"\">Documentul nu precizeaz\u0103 ce reprezint\u0103 crean\u021ba \u0219i nici \u00een baza c\u0103rui raport contractual a fost \u00eencheiat\u0103 cesiunea.<\/p>\n<p class=\"\">At\u00e2t Prepeli\u021b\u0103, c\u00e2t \u0219i conducerea UTA au refuzat s\u0103 ofere explica\u021bii privind natura \u00een\u021belegerii.<\/p>\n<p class=\"\">Contactat de GOLAZO.ro, fostul interna\u021bional a r\u0103spuns scurt: \u201eE o chestie confiden\u021bial\u0103!\u201d.<\/p>\n<p>Meszar: \u201eNu coment\u0103m documente confiden\u021biale\u201d<\/p>\n<p class=\"\">GOLAZO.ro i-a solicitat un punct de vedere \u0219i lui Alexandru Meszar, finan\u021batorul UTA Arad. <\/p>\n<p class=\"\">Nici acesta nu a oferit mai multe detalii, invoc\u00e2nd de asemenea confiden\u021bialitatea documentelor.<\/p>\n<p class=\"\">\u201eUTA este o asocia\u021bie de drept privat, iar din respect fa\u021b\u0103 de to\u021bi partenerii no\u0219tri contractuali avem o regul\u0103 clar\u0103: nu coment\u0103m \u00een spa\u021biul public con\u021binutul contractelor \u0219i nici informa\u021bii care fac obiectul unor documente confiden\u021biale, indiferent de persoanele sau entit\u0103\u021bile implicate. V\u0103 mul\u021bumesc pentru \u00een\u021belegere\u201d, a transmis oficialul \u201eB\u0103tr\u00e2nei Doamne\u201d.<\/p>\n<p>Banii vor fi \u00eencasa\u021bi de Andrei Prepeli\u021b\u0103 din drepturile TV \u0219i alte venituri<\/p>\n<p class=\"\">Potrivit contractului din 11 iunie 2026, UTA a cesionat \u00een favoarea lui Andrei Prepeli\u021b\u0103 o crean\u021b\u0103 viitoare \u00een valoare de 320.000 de euro. <\/p>\n<p class=\"\">Suma va fi pl\u0103tit\u0103 \u00een lei, la cursul BNR din ziua fiec\u0103rei pl\u0103\u021bi, \u0219i va fi re\u021binut\u0103 din primele \u00eencas\u0103ri pe care UTA le va primi din drepturile TV distribuite de LPF, din fondurile UEFA sau din sumele acordate de FRF pentru participarea \u00een Cupa Rom\u00e2niei. <\/p>\n<p class=\"\">Plata va continua p\u00e2n\u0103 la acoperirea integral\u0103 a celor 320.000 de euro.<\/p>\n<p>Cite\u0219te \u0219i<\/p>\n<p>VIDEO: cele mai noi imagini din sport<\/p>\n","protected":false},"excerpt":{"rendered":"&#13; UTA Arad, club aflat \u00een concordat preventiv, a cesionat c\u0103tre antrenorul Andrei Prepeli\u021b\u0103 o crean\u021b\u0103 viitoare de&hellip;\n","protected":false},"author":2,"featured_media":231192,"comment_status":"","ping_status":"","sticky":false,"template":"","format":"standard","meta":{"footnotes":"","_share_on_mastodon":"0"},"categories":[20],"tags":[254,41,40,38,39,185,184,4517,187,247],"class_list":["post-231191","post","type-post","status-publish","format-standard","has-post-thumbnail","category-sport","tag-andrei-prepelita","tag-ro","tag-romana","tag-romania","tag-romanian","tag-sport","tag-sports","tag-tranzactie","tag-uta","tag-venituri"],"share_on_mastodon":{"url":"https:\/\/pubeurope.com\/@ro\/116920395083637583","error":""},"_links":{"self":[{"href":"https:\/\/www.europesays.com\/ro\/wp-json\/wp\/v2\/posts\/231191","targetHints":{"allow":["GET"]}}],"collection":[{"href":"https:\/\/www.europesays.com\/ro\/wp-json\/wp\/v2\/posts"}],"about":[{"href":"https:\/\/www.europesays.com\/ro\/wp-json\/wp\/v2\/types\/post"}],"author":[{"embeddable":true,"href":"https:\/\/www.europesays.com\/ro\/wp-json\/wp\/v2\/users\/2"}],"replies":[{"embeddable":true,"href":"https:\/\/www.europesays.com\/ro\/wp-json\/wp\/v2\/comments?post=231191"}],"version-history":[{"count":0,"href":"https:\/\/www.europesays.com\/ro\/wp-json\/wp\/v2\/posts\/231191\/revisions"}],"wp:featuredmedia":[{"embeddable":true,"href":"https:\/\/www.europesays.com\/ro\/wp-json\/wp\/v2\/media\/231192"}],"wp:attachment":[{"href":"https:\/\/www.europesays.com\/ro\/wp-json\/wp\/v2\/media?parent=231191"}],"wp:term":[{"taxonomy":"category","embeddable":true,"href":"https:\/\/www.europesays.com\/ro\/wp-json\/wp\/v2\/categories?post=231191"},{"taxonomy":"post_tag","embeddable":true,"href":"https:\/\/www.europesays.com\/ro\/wp-json\/wp\/v2\/tags?post=231191"}],"curies":[{"name":"wp","href":"https:\/\/api.w.org\/{rel}","templated":true}]}}