{"id":231321,"date":"2026-07-15T05:24:12","date_gmt":"2026-07-15T05:24:12","guid":{"rendered":"https:\/\/www.europesays.com\/ro\/231321\/"},"modified":"2026-07-15T05:24:12","modified_gmt":"2026-07-15T05:24:12","slug":"ne-dai-datele-tale-sau-iti-stergem-contul","status":"publish","type":"post","link":"https:\/\/www.europesays.com\/ro\/231321\/","title":{"rendered":"Ne dai datele tale sau \u00ee\u0163i \u015ftergem contul"},"content":{"rendered":"<p><a href=\"https:\/\/www.mobilissimo.ro\/stiri-despre\/Samsung+Health\" target=\"_blank\" rel=\"nofollow noopener\">Samsung Health<\/a> se preg\u0103te\u015fte s\u0103 primeasc\u0103 <a href=\"https:\/\/www.mobilissimo.ro\/stiri-diverse\/samsung-health-s-a-reinventat-cu-interfata-noua-si-functii-de-sanatate-calibrate-de-ai\" target=\"_blank\" rel=\"nofollow noopener\">o interfa\u0163\u0103 nou\u0103 \u015fi func\u0163ii noi<\/a>, am mai scris despre asta, dar vine cu o alegere ciudat\u0103. Utilizatorii s\u0103i sunt for\u0163a\u0163i s\u0103 \u00ee\u015fi &#8222;predea&#8221; datele pentru a antrena AI-ul sau s\u0103 aleag\u0103 s\u0103 aib\u0103 contul \u015fters.<\/p>\n<p style=\"text-align:center\"><a href=\"https:\/\/www.mobilissimo.ro\/imgs\/uploaded\/images\/4\/Z (1)in.jpg\" target=\"_blank\" rel=\"nofollow noopener\"><img decoding=\"async\" alt=\"\" src=\"https:\/\/www.europesays.com\/ro\/wp-content\/uploads\/2026\/07\/Z (1)in.jpg\" style=\"height:423px; width:592px\"\/><\/a><\/p>\n<p>Cei de la <a href=\"https:\/\/www.howtogeek.com\/samsung-health-requires-ai-training-consent\/\" rel=\"nofollow noopener\" target=\"_blank\">How to Geek<\/a>\u00a0au descoperit o notificare cu privire la consim\u0163\u0103m\u00e2nt pe care Samsung a \u00eenceput s\u0103 o trimit\u0103 c\u0103tre utilizatorii s\u0103i. Iat\u0103 ce spune ea:<\/p>\n<blockquote>\n<p>\u201eDatele tale de s\u0103n\u0103tate pe care ne-ai permis s\u0103 le colect\u0103m vor fi folosite pentru a antrena AI, pentru a \u00eembun\u0103t\u0103\u0163i Samsung Health, inclusiv algoritmi pentru a analiza afec\u0163iuni.\u201d<\/p>\n<\/blockquote>\n<p>E vorba despre num\u0103rul de pa\u015fi, orele dormite, calitatea somnului, date despre medica\u0163ie, tracking de ciclu menstrual \u015fi chiar tratamente, rezultate la analize \u015fi multe altele.<\/p>\n<p>Problema e cu cealalt\u0103 notificare ce vine dup\u0103:<\/p>\n<blockquote>\n<p>\u201eNu vei putea s\u0103 sincronizezi datele de s\u0103n\u0103tate cu contul Samsung \u015fi datele tale de s\u0103n\u0103tate vor fi \u015fterse dac\u0103 nu vor fi p\u0103strate \u00eentr-un mod ce respect\u0103 legea.\u201d<\/p>\n<\/blockquote>\n<p>Ei bine, dac\u0103 un utilizator apas\u0103 &#8222;Agree&#8221; la prima notificare \u015fi apoi \u00eencearc\u0103 s\u0103 dezactiveze bifa legat\u0103 de antrenarea AI \u00een aplica\u0163ia de Set\u0103ri, apare al doilea pop-up care amenin\u0163\u0103 cu \u015ftergerea datelor de pe serverele <a href=\"https:\/\/www.mobilissimo.ro\/stiri-despre\/Samsung\" target=\"_blank\" rel=\"nofollow noopener\">Samsung<\/a>.<\/p>\n<p>Cei de la <a href=\"https:\/\/www.sammobile.com\/news\/samsung-health-data-deleted-dont-consent-use-ai-training\" rel=\"nofollow noopener\" target=\"_blank\">Sammobile<\/a>\u00a0au contactat Samsung \u015fi a\u015ftept\u0103m o pozi\u0163ie din partea lor. Apropo, trebuie spus c\u0103 datele tale personale, inclusiv analize intime, vor ajunge \u015fi la &#8222;revieweri umani&#8221;, nu doar la AI.<\/p>\n","protected":false},"excerpt":{"rendered":"Samsung Health se preg\u0103te\u015fte s\u0103 primeasc\u0103 o interfa\u0163\u0103 nou\u0103 \u015fi func\u0163ii noi, am mai scris despre asta, dar&hellip;\n","protected":false},"author":2,"featured_media":231322,"comment_status":"","ping_status":"","sticky":false,"template":"","format":"standard","meta":{"footnotes":"","_share_on_mastodon":"0"},"categories":[16],"tags":[1129,51672,64494,64496,179,41,40,38,39,64497,163,19803,5842,64495,141,124],"class_list":["post-231321","post","type-post","status-publish","format-standard","has-post-thumbnail","category-tehnologie","tag-ai","tag-confidentialitate","tag-date-de-sanatate","tag-how-to-geek","tag-inteligenta-artificiala","tag-ro","tag-romana","tag-romania","tag-romanian","tag-sammobile","tag-samsung","tag-samsung-galaxy","tag-samsung-health","tag-sanatate-digitala","tag-technology","tag-tehnologie"],"share_on_mastodon":{"url":"https:\/\/pubeurope.com\/@ro\/116922329816098247","error":""},"_links":{"self":[{"href":"https:\/\/www.europesays.com\/ro\/wp-json\/wp\/v2\/posts\/231321","targetHints":{"allow":["GET"]}}],"collection":[{"href":"https:\/\/www.europesays.com\/ro\/wp-json\/wp\/v2\/posts"}],"about":[{"href":"https:\/\/www.europesays.com\/ro\/wp-json\/wp\/v2\/types\/post"}],"author":[{"embeddable":true,"href":"https:\/\/www.europesays.com\/ro\/wp-json\/wp\/v2\/users\/2"}],"replies":[{"embeddable":true,"href":"https:\/\/www.europesays.com\/ro\/wp-json\/wp\/v2\/comments?post=231321"}],"version-history":[{"count":0,"href":"https:\/\/www.europesays.com\/ro\/wp-json\/wp\/v2\/posts\/231321\/revisions"}],"wp:featuredmedia":[{"embeddable":true,"href":"https:\/\/www.europesays.com\/ro\/wp-json\/wp\/v2\/media\/231322"}],"wp:attachment":[{"href":"https:\/\/www.europesays.com\/ro\/wp-json\/wp\/v2\/media?parent=231321"}],"wp:term":[{"taxonomy":"category","embeddable":true,"href":"https:\/\/www.europesays.com\/ro\/wp-json\/wp\/v2\/categories?post=231321"},{"taxonomy":"post_tag","embeddable":true,"href":"https:\/\/www.europesays.com\/ro\/wp-json\/wp\/v2\/tags?post=231321"}],"curies":[{"name":"wp","href":"https:\/\/api.w.org\/{rel}","templated":true}]}}