{"id":231883,"date":"2026-07-15T16:43:06","date_gmt":"2026-07-15T16:43:06","guid":{"rendered":"https:\/\/www.europesays.com\/ro\/231883\/"},"modified":"2026-07-15T16:43:06","modified_gmt":"2026-07-15T16:43:06","slug":"samsung-produce-deja-ecranele-oled-pentru-viitorul-ipad-mini-iata-ce-dezvaluie-noile-informatii","status":"publish","type":"post","link":"https:\/\/www.europesays.com\/ro\/231883\/","title":{"rendered":"Samsung produce deja ecranele OLED pentru viitorul iPad mini? Iat\u0103 ce dezv\u0103luie noile informa\u021bii"},"content":{"rendered":"<p><a href=\"https:\/\/www.mobilissimo.ro\/stiri-despre\/Apple\" target=\"_blank\" rel=\"nofollow noopener\">Apple<\/a> pare preg\u0103tit\u0103 s\u0103 aduc\u0103 o schimbare important\u0103 pentru cea mai compact\u0103 tablet\u0103 din portofoliu. Potrivit unor informa\u021bii ap\u0103rute \u00een Coreea de Sud, <a href=\"https:\/\/www.mobilissimo.ro\/stiri-despre\/Samsung+Display\" target=\"_blank\" rel=\"nofollow noopener\">Samsung Display<\/a> ar fi \u00eenceput deja produc\u021bia panourilor OLED destinate urm\u0103toarei genera\u021bii iPad mini, semn c\u0103 lansarea dispozitivului se apropie.<\/p>\n<p>Conform sursei Lanzuk, publicat\u0103 pe platforma Naver, noul iPad mini va fi echipat cu un ecran OLED LTPS de 8,4 inci, cu rat\u0103 de refresh de 60 Hz. Totodat\u0103, Samsung ar fi pornit produc\u021bia de mas\u0103 pe linia A2 G5.5, unde sunt fabricate \u0219i alte panouri OLED pentru dispozitive premium.<\/p>\n<p>Apple colaboreaz\u0103 de ani buni cu Samsung Display pentru ecranele mai multor produse, de la <a href=\"https:\/\/www.mobilissimo.ro\/stiri-despre\/Apple+Watch\" target=\"_blank\" rel=\"nofollow noopener\">Apple Watch<\/a> \u0219i <a href=\"https:\/\/www.mobilissimo.ro\/stiri-despre\/iPhone\" target=\"_blank\" rel=\"nofollow noopener\">iPhone<\/a>, p\u00e2n\u0103 la modelele iPad Pro lansate cu tehnologie OLED. Dac\u0103 informa\u021biile se confirm\u0103, parteneriatul dintre cele dou\u0103 companii se extinde \u0219i c\u0103tre gama iPad mini.<\/p>\n<p>Trecerea la OLED ar reprezenta unul dintre cele mai importante upgrade-uri din istoria tabletei compacte Apple. Utilizatorii ar beneficia de un contrast superior, negru perfect, culori mai vii \u0219i un consum redus de energie comparativ cu actualul panou LCD.<\/p>\n<p>Deocamdat\u0103, Apple nu a confirmat oficial noul iPad mini, \u00eens\u0103 faptul c\u0103 Samsung a \u00eenceput produc\u021bia componentelor sugereaz\u0103 c\u0103 lansarea ar putea avea loc p\u00e2n\u0103 la finalul acestui an.<\/p>\n","protected":false},"excerpt":{"rendered":"Apple pare preg\u0103tit\u0103 s\u0103 aduc\u0103 o schimbare important\u0103 pentru cea mai compact\u0103 tablet\u0103 din portofoliu. Potrivit unor informa\u021bii&hellip;\n","protected":false},"author":2,"featured_media":231884,"comment_status":"","ping_status":"","sticky":false,"template":"","format":"standard","meta":{"footnotes":"","_share_on_mastodon":"0"},"categories":[16],"tags":[64688,64689,64687,41,40,38,39,16628,56236,141,124],"class_list":["post-231883","post","type-post","status-publish","format-standard","has-post-thumbnail","category-tehnologie","tag-apple-ipad-mini","tag-ipad-mini-2026","tag-ipad-mini-oled","tag-ro","tag-romana","tag-romania","tag-romanian","tag-samsung-display","tag-samsung-oled","tag-technology","tag-tehnologie"],"share_on_mastodon":{"url":"https:\/\/pubeurope.com\/@ro\/116924999457155098","error":""},"_links":{"self":[{"href":"https:\/\/www.europesays.com\/ro\/wp-json\/wp\/v2\/posts\/231883","targetHints":{"allow":["GET"]}}],"collection":[{"href":"https:\/\/www.europesays.com\/ro\/wp-json\/wp\/v2\/posts"}],"about":[{"href":"https:\/\/www.europesays.com\/ro\/wp-json\/wp\/v2\/types\/post"}],"author":[{"embeddable":true,"href":"https:\/\/www.europesays.com\/ro\/wp-json\/wp\/v2\/users\/2"}],"replies":[{"embeddable":true,"href":"https:\/\/www.europesays.com\/ro\/wp-json\/wp\/v2\/comments?post=231883"}],"version-history":[{"count":0,"href":"https:\/\/www.europesays.com\/ro\/wp-json\/wp\/v2\/posts\/231883\/revisions"}],"wp:featuredmedia":[{"embeddable":true,"href":"https:\/\/www.europesays.com\/ro\/wp-json\/wp\/v2\/media\/231884"}],"wp:attachment":[{"href":"https:\/\/www.europesays.com\/ro\/wp-json\/wp\/v2\/media?parent=231883"}],"wp:term":[{"taxonomy":"category","embeddable":true,"href":"https:\/\/www.europesays.com\/ro\/wp-json\/wp\/v2\/categories?post=231883"},{"taxonomy":"post_tag","embeddable":true,"href":"https:\/\/www.europesays.com\/ro\/wp-json\/wp\/v2\/tags?post=231883"}],"curies":[{"name":"wp","href":"https:\/\/api.w.org\/{rel}","templated":true}]}}