{"id":232314,"date":"2026-07-16T06:04:11","date_gmt":"2026-07-16T06:04:11","guid":{"rendered":"https:\/\/www.europesays.com\/ro\/232314\/"},"modified":"2026-07-16T06:04:11","modified_gmt":"2026-07-16T06:04:11","slug":"surse-cat-de-multumiti-sunt-liderii-psd-din-tara-de-strategia-lui-grindeanu-am-complicat-situatia-si-nu-mai-stim-sa-iesim-din-ea","status":"publish","type":"post","link":"https:\/\/www.europesays.com\/ro\/232314\/","title":{"rendered":"SURSE C\u00e2t de mul\u021bumi\u021bi sunt liderii PSD din \u021bar\u0103 de strategia lui Grindeanu. \u201eAm complicat situa\u021bia \u0219i nu mai \u0219tim s\u0103 ie\u0219im din ea&#8221;"},"content":{"rendered":"<p>Cotidianul a stat de vorb\u0103 cu mai mul\u021bi lideri PSD din teritoriu pentru a vedea cum se vede din perspectiva lor strategia lui Sorin Grindeanu, dar \u0219i modul \u00een care acesta a reprezentat partidul p\u00e2n\u0103 acum.<\/p>\n<p>\u201eEi sunt circari, nu guvernan\u021bi\u201d<\/p>\n<p>Unul dintre social-democra\u021bii cu care am vorbit a precizat c\u0103 \u201esitua\u021bia e complicat\u0103\u201d.<\/p>\n<p>\u201eAm complicat-o \u0219i nu \u0219tim s\u0103 mai ie\u0219im din ea. Dac\u0103 nu propuneam mo\u021biunea, ne luam guvernarea (n.r. era desemnat un premier de la PSD) \u00een 10 luni\u201d, a completat acesta.<\/p>\n<p>Totodat\u0103, social-democra\u021bii din teritoriu sunt de p\u0103rere c\u0103 \u201edecizia e la Nicu\u0219or Dan\u201d.<\/p>\n<p>\u201eDac\u0103 ne d\u0103 mandat s\u0103 conducem, sunt sigur c\u0103 Sorin g\u0103se\u0219te o majoritate\u201d, spune un lider PSD.<\/p>\n<p>Mai mult, USR nu este v\u0103zut \u201eun du\u0219man\u201d al PSD doar la Bucure\u0219ti.<\/p>\n<p>\u201eCe se \u00eent\u00e2mpl\u0103 acum cu USR nu este \u00een regul\u0103. Ei sunt circari, nu guvernan\u021bi\u201d, a spus un social-democrat din teritoriu pentru Cotidianul.<\/p>\n<p>\u201eNu are capacitatea PSD s\u0103 duc\u0103 la bun sf\u00e2r\u0219it o guvernare singur\u201d<\/p>\n<p>Dac\u0103 \u00een fa\u021ba oponen\u021bilor politici Sorin Grindeanu este v\u0103zut ca generatorul crizei politice, unii \u0219efi de filiale PSD \u00eel descriu ca fiind un politician \u201emaleabil\u201d.<\/p>\n<p>\u201e\u00cen discu\u021biile care au fost pentru concretizarea unui guvern a fost foarte maleabil. Nu ai ce carte s\u0103 joci, dec\u00e2t cea \u00een care e\u0219ti pro-activ\u201d, spune un social-democrat.<\/p>\n<p>Totodat\u0103, viziunea unor lideri PSD din \u021bar\u0103 este c\u0103 adversarii politici \u00eencearc\u0103 s\u0103 transfere toat\u0103 responsabilitatea crizei politice pe umerii PSD.<\/p>\n<p>\u201eAtacurile niciunei p\u0103r\u021bi nu fac bine pentru o posibil\u0103 \u00een\u021belegere. Dar noi mai mult cred c\u0103 ne ap\u0103r\u0103m de ceea ce se \u00eencearc\u0103 s\u0103 ni se pun\u0103 \u00een c\u00e2rc\u0103, \u0219i anume responsabilitatea crizei politice ca fiind doar a PSD. \u0218i atunci da, Sorin Grindeanu este mai ferm.<\/p>\n<p>Dar nu este doar PSD un actor \u0219i nu are capacitatea PSD s\u0103 duc\u0103 la bun sf\u00e2r\u0219it o guvernare singur. Este nevoie \u0219i de celelalte partide, care au un joc care se nume\u0219te \u00abeu ce c\u00e2\u0219tig?\u00bb\u201d, pare c\u0103 se pl\u00e2nge un \u0219ef de filial\u0103 PSD.<\/p>\n<p>\u201eEram pe cale de dispari\u021bie\u201d<\/p>\n<p>Un altul se declar\u0103 \u201emul\u021bumit\u201d de modul \u00een care gestioneaz\u0103 Sorin Grindeanu situa\u021bia.<\/p>\n<p>\u201eE bine c\u0103 din defensiv\u0103 am trecut \u00een atac. Era normal, c\u0103 p\u00e2n\u0103 acum am stat numai la primire. Ce a zis Sorin \u00een ultimele post\u0103ri e foarte \u00een regul\u0103\u201d, m\u0103rturise\u0219te acesta.<\/p>\n<p>I-am \u00eentrebat pe unii social-democra\u021bi \u0219i dac\u0103 consider\u0103 c\u0103 Sorin Grindeanu a gre\u0219it \u00een momentul \u00een care a acceptat ca PSD s\u0103 depun\u0103 mo\u021biune. La unison, liderii din teritoriu spun c\u0103 nu exista alt\u0103 cale. Iar unul dintre r\u0103spunsuri este extrem de categoric: \u201eEram pe cale de dispari\u021bie\u201d, dac\u0103 PSD nu depunea mo\u021biunea.<\/p>\n<p>\u201e\u00cen momentul \u00een care noi creditam tot ce f\u0103cea Bolojan\u2026nu aveam cum s\u0103 continu\u0103m a\u0219a cu Ilie Bolojan prim-ministru\u201d, completeaz\u0103 acesta.<\/p>\n<p>\u201eO joac\u0103 \u0219i r\u0103spunde cum trebuie la aceast\u0103 criz\u0103\u201d<\/p>\n<p>Revenind la Sorin Grindeanu, un alt \u0219ef de filial\u0103 spune c\u0103 liderul de la Bucure\u0219ti \u201ese adapteaz\u0103 situa\u021biei create de guvernul demis\u201d. \u201eNu po\u021bi s\u0103 joci altfel \u00een situa\u021bia asta\u201d, mai adaug\u0103 el.<\/p>\n<p>\u201eSorin Grindeanu joac\u0103 exact cum ar trebui s\u0103 joace un adev\u0103rat lider de partid. Nu po\u021bi s\u0103 stai cu capul plecat la comanda premierului c\u0103 trebuie convocat\u0103 o sesiune extraordinar\u0103 pentru ni\u0219te legi pe care guvernul putea s\u0103 le treac\u0103 atunci c\u00e2nd Ilie Bolojan era premier \u00een toat\u0103 regula\u201d, spune un alt lider PSD din \u021bar\u0103.<\/p>\n<p>Totodat\u0103, social-democra\u021bii mai sunt de p\u0103rere c\u0103 Sorin Grindeanu r\u0103spunde de fapt atacurilor care vin din partea lui Ilie Bolojan.<\/p>\n<p>\u201eO joac\u0103 \u0219i r\u0103spunde cum trebuie la aceast\u0103 criz\u0103. Trebuie s\u0103 ias\u0103 \u0219i s\u0103 joace hot\u0103r\u00e2t. S\u0103 nu cedeze la anumite care sunt \u00eempotriva partidului\u201d, mai spune un lider PSD.<\/p>\n<p>\n\t\t\t\t\t\t\t\tZiarul Cotidianul \u00ee\u0219i propune s\u0103 g\u0103zduiasc\u0103 informa\u021bii \u0219i puncte de vedere diverse \u0219i contradictorii. Publica\u021bia roag\u0103 cititorii s\u0103 evite atacurile la persoan\u0103, vulgarit\u0103\u021bile, atitudinile extremiste, antisemite, rasiste sau discriminatorii. De asemenea, invit\u0103 cititorii s\u0103 comenteze subiectele articolelor sau s\u0103 se exprime doar pe seama aspectelor importante din via\u021ba lor si a societ\u0103\u021bii, folosind un limbaj \u00eengrijit, \u00eentr-un spa\u021biu de o dimensiune rezonabil\u0103. Am fi de-a dreptul bucuro\u0219i ca unii comentatori s\u0103 semneze cu numele lor sau cu pseudonime decente. Pentru acurate\u021bea spa\u021biului afectat, redac\u021bia va modera comentariile, renun\u021b\u00eend la cele pe care le consider\u0103 nepotrivite.\n\t\t\t\t\t\t\t<\/p>\n","protected":false},"excerpt":{"rendered":"Cotidianul a stat de vorb\u0103 cu mai mul\u021bi lideri PSD din teritoriu pentru a vedea cum se vede&hellip;\n","protected":false},"author":2,"featured_media":232315,"comment_status":"","ping_status":"","sticky":false,"template":"","format":"standard","meta":{"footnotes":"","_share_on_mastodon":"0"},"categories":[10],"tags":[32,33,31,36,37,27,34,35,41328,25,1123,41,40,38,39,2008,26,2493,28,29,30],"class_list":["post-232314","post","type-post","status-publish","format-standard","has-post-thumbnail","category-romania","tag-breaking-news","tag-breakingnews","tag-cele-mai-populare-subiecte","tag-featured-news","tag-featurednews","tag-headlines","tag-latest-news","tag-latestnews","tag-lideri","tag-news","tag-psd","tag-ro","tag-romana","tag-romania","tag-romanian","tag-sorin-grindeanu","tag-stiri","tag-strategie","tag-titluri","tag-top-stories","tag-topstories"],"share_on_mastodon":{"url":"https:\/\/pubeurope.com\/@ro\/116928149614600704","error":""},"_links":{"self":[{"href":"https:\/\/www.europesays.com\/ro\/wp-json\/wp\/v2\/posts\/232314","targetHints":{"allow":["GET"]}}],"collection":[{"href":"https:\/\/www.europesays.com\/ro\/wp-json\/wp\/v2\/posts"}],"about":[{"href":"https:\/\/www.europesays.com\/ro\/wp-json\/wp\/v2\/types\/post"}],"author":[{"embeddable":true,"href":"https:\/\/www.europesays.com\/ro\/wp-json\/wp\/v2\/users\/2"}],"replies":[{"embeddable":true,"href":"https:\/\/www.europesays.com\/ro\/wp-json\/wp\/v2\/comments?post=232314"}],"version-history":[{"count":0,"href":"https:\/\/www.europesays.com\/ro\/wp-json\/wp\/v2\/posts\/232314\/revisions"}],"wp:featuredmedia":[{"embeddable":true,"href":"https:\/\/www.europesays.com\/ro\/wp-json\/wp\/v2\/media\/232315"}],"wp:attachment":[{"href":"https:\/\/www.europesays.com\/ro\/wp-json\/wp\/v2\/media?parent=232314"}],"wp:term":[{"taxonomy":"category","embeddable":true,"href":"https:\/\/www.europesays.com\/ro\/wp-json\/wp\/v2\/categories?post=232314"},{"taxonomy":"post_tag","embeddable":true,"href":"https:\/\/www.europesays.com\/ro\/wp-json\/wp\/v2\/tags?post=232314"}],"curies":[{"name":"wp","href":"https:\/\/api.w.org\/{rel}","templated":true}]}}