{"id":233653,"date":"2026-07-17T13:53:12","date_gmt":"2026-07-17T13:53:12","guid":{"rendered":"https:\/\/www.europesays.com\/ro\/233653\/"},"modified":"2026-07-17T13:53:12","modified_gmt":"2026-07-17T13:53:12","slug":"mutare-istorica-primul-transfer-direct-pe-axa-fcsb","status":"publish","type":"post","link":"https:\/\/www.europesays.com\/ro\/233653\/","title":{"rendered":"Mutare istoric\u0103: primul transfer DIRECT pe axa FCSB"},"content":{"rendered":"<p>\n            Articol de <a rel=\"author nofollow noopener\" href=\"https:\/\/www.gsp.ro\/autor\/cosmin-nistor-4005.html\" target=\"_blank\">Cosmin Nistor<\/a>            &#8211; Publicat vineri, 17 iulie 2026,  15:55            \/ Actualizat vineri, 17 iulie 2026 16:25                    <\/p>\n<p>Mutare surprinz\u0103toare \u00een Ghencea. Lauren\u021biu Vl\u0103sceanu (21 de ani) a p\u0103r\u0103sit <a class=\"autolink-enabled\" data-resource-id=\"576\" data-resource-type=\"team\" data-sport=\"football\" href=\"https:\/\/www.gsp.ro\/rezultate-live\/echipa-teamname-576\" rel=\"nofollow noopener\" target=\"_blank\">FCSB<\/a> \u0219i va evolua pentru Clubul Sportiv al Armatei <a class=\"autolink-enabled\" data-resource-id=\"24439\" data-resource-type=\"team\" data-sport=\"football\" href=\"https:\/\/www.gsp.ro\/rezultate-live\/echipa-teamname-24439\" rel=\"nofollow noopener\" target=\"_blank\">Steaua<\/a>, forma\u021bia din Liga 2 antrenat\u0103 de Daniel Opri\u021ba.<\/p>\n<p class=\"do-not-hide\">Anun\u021bul a fost f\u0103cut chiar de clubul din Ghencea, prin intermediul re\u021belelor sociale.<\/p>\n<p>Anun\u021bul oficial al CSA Steaua: \u201eUn nume nou \u00een lotul forma\u021biei noastre &#8211; Lauren\u021biu Vl\u0103sceanu\u201d<\/p>\n<p>De\u0219i \u00een comunicatul publicat de CSA <a class=\"autolink-enabled\" data-resource-id=\"24439\" data-resource-type=\"team\" data-sport=\"football\" href=\"https:\/\/www.gsp.ro\/rezultate-live\/echipa-teamname-24439\" rel=\"nofollow noopener\" target=\"_blank\">Steaua<\/a> nu este men\u021bionat\u0103 desp\u0103r\u021birea de <a class=\"autolink-enabled\" data-resource-id=\"576\" data-resource-type=\"team\" data-sport=\"football\" href=\"https:\/\/www.gsp.ro\/rezultate-live\/echipa-teamname-576\" rel=\"nofollow noopener\" target=\"_blank\">FCSB<\/a>, funda\u0219ul st\u00e2nga s-a aflat sub contract cu clubul patronat de Gigi Becali \u00eenc\u0103 din 2022.<\/p>\n<p>\u201eLauren\u021biu Vl\u0103sceanu se preg\u0103te\u0219te cu Steaua. Un nume nou \u00een lotul forma\u021biei noastre: Lauren\u021biu Vl\u0103sceanu are 21 de ani \u0219i evolueaz\u0103 pe postul de funda\u0219 st\u00e2nga. Juc\u0103tor de picior st\u00e2ng, cu o \u00een\u0103l\u021bime de 1,72 m, Lauren\u021biu a evoluat \u00een ultimele dou\u0103 sezoane \u00een Liga I la UTA \u0219i Unirea Slobozia\u201d, au transmis \u201emilitarii\u201d.<\/p>\n<p><img decoding=\"async\" src=\"https:\/\/www.europesays.com\/ro\/wp-content\/uploads\/2026\/07\/d059110d-6486-4459-81f5-2e9a7d7538a3.jpg\" loading=\"lazy\" title=\"Lauren\u021biu Vl\u0103sceanu, dup\u0103 FCSB - Farul 1-2\/ foto: Cristi Preda (GSP)\" alt=\"Mutare istoric\u0103: primul transfer DIRECT pe axa FCSB - Steaua! Anun\u021bul oficial a fost f\u0103cut de club\" width=\"738\" height=\"502\"\/><\/p>\n<p>Lauren\u021biu Vl\u0103sceanu, dup\u0103 FCSB &#8211; Farul 1-2\/ foto: Cristi Preda (GSP)<\/p>\n<p>Lauren\u021biu Vl\u0103sceanu, primul transfer DIRECT \u00eentre rivalele FCSB \u0219i Steaua<\/p>\n<p>Vl\u0103sceanu a fost transferat de FCSB de la Academica Clinceni, \u00eens\u0103 nu a reu\u0219it s\u0103 se impun\u0103 \u00een prima echip\u0103. \u00cen ultimele sezoane a fost \u00eemprumutat la UTA Arad \u0219i Unirea Slobozia. Acum a fost cedat de FCSB la Steaua.<\/p>\n<p>Funda\u0219ul este primul juc\u0103tor care face trecerea direct\u0103 de la FCSB la CSA Steaua. Totu\u0219i, nu este singurul fotbalist care a evoluat pentru ambele cluburi. Adrian Popa, campion al Rom\u00e2niei cu FCSB, a ajuns \u00een Ghencea \u00een 2023. Alexandru Buziuc a \u00eembr\u0103cat tricoul celor dou\u0103 forma\u021bii dup\u0103 desp\u0103r\u021birea de FCSB, iar Rare\u0219 Enceanu a semnat cu CSA Steaua \u00een 2019. Pe list\u0103 se mai afl\u0103 Drago\u0219 Nedelcu, transferat \u00een Ghencea \u00een 2025, Junior M\u0103cri\u0219, dar \u0219i fra\u021bii Emilian \u0219i \u0218tefan Pacionel, ambii forma\u021bi \u00een academia FCSB \u00eenainte de a evolua pentru echipa Armatei.<\/p>\n<p>Mutarea este una aparte \u00een contextul rela\u021biei tensionate dintre cele dou\u0103 cluburi. Conflictul dintre FCSB \u0219i CSA Steaua dureaz\u0103 de mai bine de un deceniu \u0219i vizeaz\u0103 dreptul de utilizare a numelui, siglei \u0219i palmaresului istoric.<\/p>\n<p>\u00cen 2017, clubul lui Gigi Becali a fost obligat prin hot\u0103r\u00e2re judec\u0103toreasc\u0103 s\u0103 renun\u021be la denumirea \u201eSteaua Bucure\u0219ti\u201d \u0219i s\u0103 evolueze oficial sub numele FCSB. Ulterior, CSA a re\u00eenfiin\u021bat echipa de fotbal, pornind din Liga a IV-a.<\/p>\n<p>\u00cen 2025, \u00cenalta Curte de Casa\u021bie \u0219i Justi\u021bie a stabilit definitiv c\u0103 palmaresul din perioada 1947-1998 apar\u021bine CSA Steaua, \u00een timp ce perioada 1998-2003 r\u0103m\u00e2ne \u00een litigiu, iar FCSB de\u021bine palmaresul aferent perioadei 2003-prezent.<\/p>\n","protected":false},"excerpt":{"rendered":"Articol de Cosmin Nistor &#8211; Publicat vineri, 17 iulie 2026, 15:55 \/ Actualizat vineri, 17 iulie 2026 16:25&hellip;\n","protected":false},"author":2,"featured_media":233654,"comment_status":"","ping_status":"","sticky":false,"template":"","format":"standard","meta":{"footnotes":"","_share_on_mastodon":"0"},"categories":[5],"tags":[32,33,31,2366,269,36,37,27,34,35,28345,1054,25,41,40,38,39,26,55,28,29,30,379],"class_list":["post-233653","post","type-post","status-publish","format-standard","has-post-thumbnail","category-titluri","tag-breaking-news","tag-breakingnews","tag-cele-mai-populare-subiecte","tag-csa-steaua","tag-fcsb","tag-featured-news","tag-featurednews","tag-headlines","tag-latest-news","tag-latestnews","tag-laurentiu-vlasceanu","tag-liga-2","tag-news","tag-ro","tag-romana","tag-romania","tag-romanian","tag-stiri","tag-superliga","tag-titluri","tag-top-stories","tag-topstories","tag-transfer"],"share_on_mastodon":{"url":"https:\/\/pubeurope.com\/@ro\/116935656130037987","error":""},"_links":{"self":[{"href":"https:\/\/www.europesays.com\/ro\/wp-json\/wp\/v2\/posts\/233653","targetHints":{"allow":["GET"]}}],"collection":[{"href":"https:\/\/www.europesays.com\/ro\/wp-json\/wp\/v2\/posts"}],"about":[{"href":"https:\/\/www.europesays.com\/ro\/wp-json\/wp\/v2\/types\/post"}],"author":[{"embeddable":true,"href":"https:\/\/www.europesays.com\/ro\/wp-json\/wp\/v2\/users\/2"}],"replies":[{"embeddable":true,"href":"https:\/\/www.europesays.com\/ro\/wp-json\/wp\/v2\/comments?post=233653"}],"version-history":[{"count":0,"href":"https:\/\/www.europesays.com\/ro\/wp-json\/wp\/v2\/posts\/233653\/revisions"}],"wp:featuredmedia":[{"embeddable":true,"href":"https:\/\/www.europesays.com\/ro\/wp-json\/wp\/v2\/media\/233654"}],"wp:attachment":[{"href":"https:\/\/www.europesays.com\/ro\/wp-json\/wp\/v2\/media?parent=233653"}],"wp:term":[{"taxonomy":"category","embeddable":true,"href":"https:\/\/www.europesays.com\/ro\/wp-json\/wp\/v2\/categories?post=233653"},{"taxonomy":"post_tag","embeddable":true,"href":"https:\/\/www.europesays.com\/ro\/wp-json\/wp\/v2\/tags?post=233653"}],"curies":[{"name":"wp","href":"https:\/\/api.w.org\/{rel}","templated":true}]}}