{"id":234653,"date":"2026-07-18T17:19:15","date_gmt":"2026-07-18T17:19:15","guid":{"rendered":"https:\/\/www.europesays.com\/ro\/234653\/"},"modified":"2026-07-18T17:19:15","modified_gmt":"2026-07-18T17:19:15","slug":"comentatorul-dan-stefanescu-vede-o-hegemonie-in-superliga-buget-de-20-de-milioane","status":"publish","type":"post","link":"https:\/\/www.europesays.com\/ro\/234653\/","title":{"rendered":"Comentatorul Dan \u0218tef\u0103nescu vede o hegemonie \u00een Superliga: \u201eBuget de 20 de milioane\u201d"},"content":{"rendered":"<p>\n            Articol de <a rel=\"author nofollow noopener\" href=\"https:\/\/www.gsp.ro\/autor\/alexandru-barbu-3848.html\" target=\"_blank\">Alexandru Barbu<\/a>, <a rel=\"author nofollow noopener\" href=\"https:\/\/www.gsp.ro\/autor\/razvan-stamatiu-3958.html\" target=\"_blank\">R\u0103zvan Stamatiu<\/a>            &#8211; Publicat sambata, 18 iulie 2026,  09:25            \/ Actualizat sambata, 18 iulie 2026 10:52                    <\/p>\n<p>Comentatorul Dan \u0218tef\u0103nescu a prefa\u021bat startul noului sezon din Superliga, vineri diminea\u021b\u0103, <a target=\"_self\" class=\"editor-link\" href=\"https:\/\/www.gsp.ro\/gsp-special\/media\/azi-la-gsp-live-gata-revine-superliga-u-cluj-eliminata-din-europa-league-961432.html\" rel=\"nofollow noopener\">la GSP Live<\/a>. Cele mai mari a\u0219tept\u0103ri le are de la <a target=\"_self\" class=\"editor-link\" href=\"https:\/\/www.gsp.ro\/rezultate-live\/stiri-despre-echipa-universitatea-craiova-614\" rel=\"nofollow noopener\">Universitatea Craiova<\/a>, o \u00eempunge pe <a target=\"_self\" class=\"editor-link\" href=\"https:\/\/www.gsp.ro\/rezultate-live\/stiri-despre-echipa-fcsb-576\" rel=\"nofollow noopener\">FCSB <\/a>\u0219i nu este convins \u00een privin\u021ba lui <a target=\"_self\" class=\"editor-link\" href=\"https:\/\/www.gsp.ro\/rezultate-live\/stiri-despre-echipa-dinamo-586\" rel=\"nofollow noopener\">Dinamo<\/a>.<\/p>\n<p class=\"do-not-hide\">C\u00e2t despre revela\u021bii, vocea Digi Sport vorbe\u0219te despre Rapid condus\u0103 de Daniel Pancu.<\/p>\n<ul>\n<li>Superliga 2026-2027 a debutat vineri, cu partidele FC Voluntari &#8211; FC Boto\u0219ani 2-2 \u0219i FCSB &#8211; FC Arge\u0219 2-0. Continu\u0103 ast\u0103zi, cu O\u021belul &#8211; CFR Cluj (18:30) \u0219i Craiova &#8211; UTA (21:15). <\/li>\n<\/ul>\n<p>Predic\u021biile lui Dan \u0218tef\u0103nescu pentru noul sezon al Superligii: \u201eEi pot domina campionatul\u201d<\/p>\n<p>\u201eUniversitatea Craiova e favorit\u0103 la titlu, f\u0103r\u0103 \u00eendoial\u0103. Universitatea Craiova poate s\u0103 domine campionatul, s\u0103 instaureze o hegemonie, \u00een genul celei pe care o anun\u021ba la un moment dat Mihai Stoica, managerul general de la FCSB\u201d, spune \u0218tef\u0103nescu. <\/p>\n<p>De\u0219i e \u201econvins c\u0103 nu vor r\u0103m\u00e2ne to\u021bi juc\u0103torii care sunt acum \u00een lot la Craiova. La un moment dat, dup\u0103 ce se vor limpezi apele \u00een cupele europene, vor mai pleca dintre cei din ofensiv\u0103\u201d. <\/p>\n<p>\u201eSe anun\u021b\u0103 ni\u0219te investi\u021bii serioase la Craiova, am \u00een\u021beles c\u0103 mai vin ni\u0219te oameni de afaceri l\u00e2ng\u0103 Mihai Rotaru. \u00cen prezent, bugetul e pe la 20 de milioane. Dac\u0103 te duci la mai mult, e greu s\u0103 mai ai un rival\u201d, subliniaz\u0103 acesta. <\/p>\n<blockquote>\n<p>Craiova a v\u00e2ndut peste 10.000 de abonamente \u00eentr-un fotbal \u00een care nu exist\u0103 acea cultur\u0103 a suporterului care s\u0103 vin\u0103 al\u0103turi de echip\u0103 \u0219i \u00een momentele bune, \u0219i \u00een cele rele. Bravo lor! Ar fi bine s\u0103 existe mai multe echipe de genul \u0103sta. <\/p>\n<p>A deprins \u0219i Mihai Rotaru anumite competen\u021be, \u00eenainte era, mai mult sau mai pu\u021bin, un fel de Gigi Becali, f\u0103cea de toate la echip\u0103<\/p>\n<p>&#8211; Dan \u0218tef\u0103nescu, la GSP Live<\/p>\n<\/blockquote>\n<p>Dan \u0218tef\u0103nescu: \u201eDinamo nu m-a convins\u201d<\/p>\n<p>La capitolul revela\u021bii, \u0218tef\u0103nescu se a\u0219teapt\u0103 \u201es\u0103 fac\u0103 Pancu ceva la Rapid, dar n-a\u0219 zice c\u0103 ar mai fi tocmai o revela\u021bie. Revela\u021bie a fost ce a reu\u0219it sezonul trecut la CFR. Aten\u021bie, totu\u0219i, Rapid nu a impresionat \u00een acest mercato. M-a\u0219 fi a\u0219teptat s\u0103 revin\u0103 Sepsi la un nivel decent, dar nu cred, <a target=\"_self\" class=\"editor-link\" href=\"https:\/\/www.gsp.ro\/fotbal\/liga-1\/nu-pot-sa-tin-echipa-semnal-de-alarma-inainte-de-startul-superligii-961202.html\" rel=\"nofollow noopener\">av\u00e2nd \u00een vedere \u00eentreb\u0103rile despre situa\u021bia lor financiar\u0103<\/a>\u201d.<\/p>\n<p>Mizeaz\u0103 pe \u201eplay-off-ul de anul trecut, dar cu FCSB \u00een locul lui FC Arge\u0219 sau Dinamo\u201d.<\/p>\n<p>Nu e optimist \u00een privin\u021ba \u201ec\u00e2inilor\u201d. Argumenteaz\u0103: \u201eDinamo nu m-a convins. A supravie\u021buit datorit\u0103 lui Kopic \u00een Superliga, \u0219i p\u0103rea c\u0103 dezvoltarea lui Dinamo e str\u00e2ns legat\u0103 de prezen\u021ba lui Kopic, care acum nu mai e. Nu \u0219tiu ce s\u0103 zic, au plecat juc\u0103tori importan\u021bi, Gnahore, Boateng. <\/p>\n<p>Au mai adus juc\u0103tori pe care nu-i \u0219tia nimeni, \u0219i s-au dovedit a fi buni, \u00eens\u0103 cu bani mul\u021bi. \u00cen\u021beleg c\u0103 banii \u0103ia mul\u021bi nu prea mai sunt \u00een momentul de fa\u021b\u0103. Aveau salarii de 15-20 de mii de euro, un nivel foarte \u00eenalt pe care pu\u021bine echipe din campionatul \u0103sta \u00eel pot egala. Acum au mai cobor\u00e2t nivelul salarial\u201d.<\/p>\n<p>                        <img loading=\"lazy\" decoding=\"async\" alt=\"\" src=\"https:\/\/www.europesays.com\/ro\/wp-content\/uploads\/2026\/07\/1784394731_523_blank.gif\" width=\"728\" height=\"405\"\/> <\/p>\n<blockquote>\n<p>Nici CFR-ul nu m\u0103 convinge p\u00e2n\u0103 acum. Ea a fost \u00een groap\u0103 anul trecut, p\u00e2n\u0103 s\u0103 vin\u0103 Pancu, \u0219i nu \u0219tiu dac\u0103 nu cumva perioada cu Pancu a reprezentat o excep\u021bie<\/p>\n<p>&#8211; Dan \u0218tef\u0103nescu, la GSP Live<\/p>\n<\/blockquote>\n<p>\u201eLa FCSB se vorbe\u0219te mult \u0219i se face pu\u021bin\u201d<\/p>\n<p>Comentatorul cu peste 20 de ani experien\u021b\u0103 a ajuns \u0219i la fosta campioan\u0103 FCSB, unde \u201eun juc\u0103tor nu poate avea un parcurs normal\u201d.<\/p>\n<p>\u201eNici FCSB n-a adus cine \u0219tie ce juc\u0103tori, dar de la FCSB nu ai a\u0219tept\u0103ri. De ce te-ai a\u0219tepta de la FCSB s\u0103 aduc\u0103 ceva? Au anun\u021bat, dar e greu s\u0103 dai din gur\u0103? Nu po\u021bi s\u0103 \u0219tii niciodat\u0103 la FCSB, pentru c\u0103 acolo un juc\u0103tor nu poate avea un parcurs normal, de tipul &#8211; vine, se acomodeaz\u0103, intr\u0103 treptat \u00een echip\u0103 \u0219i \u00eel judec\u0103m dup\u0103 \u0219ase luni sau un an. Acolo vine, intr\u0103 45 de minute \u0219i, dac\u0103 n-a dat dou\u0103-trei goluri, gata. Altul!<\/p>\n<p>La FCSB se vorbe\u0219te mult \u0219i se face pu\u021bin. Nu sunt de acord nici cu cei care spun c\u0103 e un dezastru, c\u0103 a plecat o echip\u0103 \u00eentreag\u0103 \u0219i n-a venit nimeni. Pierdere e plecarea lui Olaru, \u0219i ar mai fi, \u00eentr-o oarecare m\u0103sur\u0103, pierderi Thiam sau Lixandru. \u00cen rest, ce? Au plecat Baba Alhassan, Zima, Pantea, Pantea. A sc\u0103pat de balast\u201d, a ad\u0103ugat Dan \u0218tef\u0103nescu, prezent \u00een studioul Gazetei Sporturilor.<\/p>\n<blockquote>\n<p>A\u0219 mai vrea de la o echip\u0103 care intr\u0103 \u00een play-off s\u0103 joace pentru cupele europene. S\u0103 nu se considere intrarea \u00een play-off \u00eendeplinirea obiectivului, c\u0103 altfel intri de poman\u0103<\/p>\n<p>&#8211; Dan \u0218tef\u0103nescu, la GSP Live<\/p>\n<\/blockquote>\n<p>Emisiunea integral\u0103 GSP Live cu Dan \u0218tef\u0103nescu: <\/p>\n","protected":false},"excerpt":{"rendered":"Articol de Alexandru Barbu, R\u0103zvan Stamatiu &#8211; Publicat sambata, 18 iulie 2026, 09:25 \/ Actualizat sambata, 18 iulie&hellip;\n","protected":false},"author":2,"featured_media":234654,"comment_status":"","ping_status":"","sticky":false,"template":"","format":"standard","meta":{"footnotes":"","_share_on_mastodon":"0"},"categories":[20],"tags":[65400,269,1109,41,40,38,39,185,184,55,2787],"class_list":["post-234653","post","type-post","status-publish","format-standard","has-post-thumbnail","category-sport","tag-dan-stefanescu","tag-fcsb","tag-gsp-live","tag-ro","tag-romana","tag-romania","tag-romanian","tag-sport","tag-sports","tag-superliga","tag-u-craiova"],"share_on_mastodon":{"url":"https:\/\/pubeurope.com\/@ro\/116942128685497709","error":""},"_links":{"self":[{"href":"https:\/\/www.europesays.com\/ro\/wp-json\/wp\/v2\/posts\/234653","targetHints":{"allow":["GET"]}}],"collection":[{"href":"https:\/\/www.europesays.com\/ro\/wp-json\/wp\/v2\/posts"}],"about":[{"href":"https:\/\/www.europesays.com\/ro\/wp-json\/wp\/v2\/types\/post"}],"author":[{"embeddable":true,"href":"https:\/\/www.europesays.com\/ro\/wp-json\/wp\/v2\/users\/2"}],"replies":[{"embeddable":true,"href":"https:\/\/www.europesays.com\/ro\/wp-json\/wp\/v2\/comments?post=234653"}],"version-history":[{"count":0,"href":"https:\/\/www.europesays.com\/ro\/wp-json\/wp\/v2\/posts\/234653\/revisions"}],"wp:featuredmedia":[{"embeddable":true,"href":"https:\/\/www.europesays.com\/ro\/wp-json\/wp\/v2\/media\/234654"}],"wp:attachment":[{"href":"https:\/\/www.europesays.com\/ro\/wp-json\/wp\/v2\/media?parent=234653"}],"wp:term":[{"taxonomy":"category","embeddable":true,"href":"https:\/\/www.europesays.com\/ro\/wp-json\/wp\/v2\/categories?post=234653"},{"taxonomy":"post_tag","embeddable":true,"href":"https:\/\/www.europesays.com\/ro\/wp-json\/wp\/v2\/tags?post=234653"}],"curies":[{"name":"wp","href":"https:\/\/api.w.org\/{rel}","templated":true}]}}