{"id":236252,"date":"2026-07-20T17:00:13","date_gmt":"2026-07-20T17:00:13","guid":{"rendered":"https:\/\/www.europesays.com\/ro\/236252\/"},"modified":"2026-07-20T17:00:13","modified_gmt":"2026-07-20T17:00:13","slug":"tomac-intrebat-daca-o-sa-fie-nominalizat-din-nou-pentru-functia-de-premier-presedintele-va-desemna-persoana-potrivita-grindeanu-spune-ca-lucreaza-la-o-majoritate-care-sa-excluda-voturile-extremist","status":"publish","type":"post","link":"https:\/\/www.europesays.com\/ro\/236252\/","title":{"rendered":"Tomac, \u00eentrebat dac\u0103 o s\u0103 fie nominalizat din nou pentru func\u021bia de premier: Pre\u0219edintele va desemna persoana potrivit\u0103 \/ Grindeanu spune c\u0103 lucreaz\u0103 la o majoritate care s\u0103 exclud\u0103 voturile extremi\u0219tilor"},"content":{"rendered":"<p>                        <img loading=\"lazy\" decoding=\"async\" width=\"30\" height=\"30\" src=\"https:\/\/www.europesays.com\/ro\/wp-content\/uploads\/2026\/07\/1784562132_870_google-g.png\" alt=\"Google Split\"\/>    <\/p>\n<p class=\"p1\" id=\"p-0\">Eurodeputatul Eugen Tomac a evitat un r\u0103spuns direct, la Digi24, c\u00e2nd a fost chestionat dac\u0103 urmeaz\u0103 s\u0103 fie nominalizat \u00eenc\u0103 o dat\u0103 pentru func\u021bia de premier.<\/p>\n<p class=\"p1\" id=\"p-1\">\u201ePre\u0219edintele Rom\u00e2niei va desemna persoana potrivit\u0103 \u0219i capabil\u0103 s\u0103 creeze o majoritate parlamentar\u0103 care s\u0103 asigure un guvern cu puteri depline. Domnia sa (Nicu\u0219or Dan \u2013 n.red) are prerogative s\u0103 fac\u0103 numirea \u0219i c\u00e2nd va avea \u00een fa\u021b\u0103 persoana potrivit\u0103 o va face\u201d, s-a limitat s\u0103 r\u0103spund\u0103 Tomac.<\/p>\n<p>&#8211; articolul continu\u0103 mai jos &#8211;<\/p>\n<p class=\"p1\" id=\"p-2\">Chestionat dac\u0103 se lucreaz\u0103 la crearea unei majorit\u0103\u021bi parlamentare cu AUR, Eugen Tomac a afirmat c\u0103 \u201epre\u0219edintele va insista la un dialog cu liderii partidelor proocidentale\u201d, indic\u00e2nd c\u0103 AUR nu se bucur\u0103 de \u00eencredere, \u201eat\u00e2ta timp c\u00e2t pune sub semnul \u00eentreb\u0103rii apartenen\u021ba noastr\u0103 la NATO, cere ca Republica Moldova s\u0103 fie abandonat\u0103 \u0219i consider\u0103 c\u0103 Ucraina nu e de interes pentru noi\u201d.<\/p>\n<p class=\"p1\" id=\"p-3\">Reamintim c\u0103 Eugen Tomac a fost prima op\u021biune pentru Nicu\u0219or Dan, \u00een vederea form\u0103rii unui guvern \u201etehnocrat\u201d, \u00eens\u0103 acesta \u0219i-a depus mandatul, dat fiind c\u0103 n-a reu\u0219it s\u0103 creeze o majoritate parlamentar\u0103,<\/p>\n<p class=\"p1\" id=\"p-4\">\u0218i liderul PSD, Sorin Grindeanu, a anun\u021bat luni c\u0103 nu renun\u021b\u0103 la planul de a crea o majoritate parlamentar\u0103 care s\u0103 exclud\u0103 \u201evoturile extremi\u0219tilor\u201d. Grindeanu l-a acuzat din nou pe Bolojan c\u0103 se aga\u021b\u0103 de putere cu sprijinul USR.<\/p>\n<p class=\"p1\" id=\"p-5\">\u201eEu pot s\u0103 v\u0103 spun a\u015fa: \u00een acest moment nu putem vorbi de o majoritate, ci, mai degrab\u0103, de o minoritate de blocaj \u2013 a\u015fa a\u015f numi-o \u2013, care \u0163ine practic Rom\u00e2nia ostatic\u0103. M\u0103 refer, \u00een mod evident, la Ilie Bolojan, la PNL \u015fi la USR, care se aga\u0163\u0103, \u00een continuare, de putere. Eu nu mai am a\u015ftept\u0103ri de la prim-ministrul demis, am fost deja de acord cu toate variantele, aproape toate variantele pe care le-a vehiculat, inclusiv cu acel acord politic, dac\u0103 v\u0103 aduce\u0163i aminte. A\u0163i mai v\u0103zut pe cineva s\u0103 vin\u0103 s\u0103 semn\u0103m vreun acord? Cum i-a\u0163i v\u0103zut dumneavoastr\u0103, i-am v\u0103zut \u015fi eu (\u2026) Eu voi continua s\u0103 lucrez la formarea unei majorit\u0103\u0163i care s\u0103 exclud\u0103, \u015fi vreau s\u0103 fiu foarte clar, voturile extremiste. Dar care s\u0103 ofere solu\u0163ie de stabilitate pentru Rom\u00e2nia. Vede\u0163i c\u0103 situa\u0163ia este din ce \u00een ce mai rea \u015fi avem nevoie de un guvern c\u00e2t mai repede\u201d, a declarat Grindeanu.<\/p>\n","protected":false},"excerpt":{"rendered":"Eurodeputatul Eugen Tomac a evitat un r\u0103spuns direct, la Digi24, c\u00e2nd a fost chestionat dac\u0103 urmeaz\u0103 s\u0103 fie&hellip;\n","protected":false},"author":2,"featured_media":236253,"comment_status":"","ping_status":"","sticky":false,"template":"","format":"standard","meta":{"footnotes":"","_share_on_mastodon":"0"},"categories":[10],"tags":[32,33,31,51374,12094,36,37,27,34,35,25,358,41,40,38,39,2008,26,28,29,30],"class_list":["post-236252","post","type-post","status-publish","format-standard","has-post-thumbnail","category-romania","tag-breaking-news","tag-breakingnews","tag-cele-mai-populare-subiecte","tag-desemnare-premier","tag-eugen-tomac","tag-featured-news","tag-featurednews","tag-headlines","tag-latest-news","tag-latestnews","tag-news","tag-nicusor-dan","tag-ro","tag-romana","tag-romania","tag-romanian","tag-sorin-grindeanu","tag-stiri","tag-titluri","tag-top-stories","tag-topstories"],"share_on_mastodon":{"url":"https:\/\/pubeurope.com\/@ro\/116953378140051874","error":""},"_links":{"self":[{"href":"https:\/\/www.europesays.com\/ro\/wp-json\/wp\/v2\/posts\/236252","targetHints":{"allow":["GET"]}}],"collection":[{"href":"https:\/\/www.europesays.com\/ro\/wp-json\/wp\/v2\/posts"}],"about":[{"href":"https:\/\/www.europesays.com\/ro\/wp-json\/wp\/v2\/types\/post"}],"author":[{"embeddable":true,"href":"https:\/\/www.europesays.com\/ro\/wp-json\/wp\/v2\/users\/2"}],"replies":[{"embeddable":true,"href":"https:\/\/www.europesays.com\/ro\/wp-json\/wp\/v2\/comments?post=236252"}],"version-history":[{"count":0,"href":"https:\/\/www.europesays.com\/ro\/wp-json\/wp\/v2\/posts\/236252\/revisions"}],"wp:featuredmedia":[{"embeddable":true,"href":"https:\/\/www.europesays.com\/ro\/wp-json\/wp\/v2\/media\/236253"}],"wp:attachment":[{"href":"https:\/\/www.europesays.com\/ro\/wp-json\/wp\/v2\/media?parent=236252"}],"wp:term":[{"taxonomy":"category","embeddable":true,"href":"https:\/\/www.europesays.com\/ro\/wp-json\/wp\/v2\/categories?post=236252"},{"taxonomy":"post_tag","embeddable":true,"href":"https:\/\/www.europesays.com\/ro\/wp-json\/wp\/v2\/tags?post=236252"}],"curies":[{"name":"wp","href":"https:\/\/api.w.org\/{rel}","templated":true}]}}