{"id":236294,"date":"2026-07-20T17:49:14","date_gmt":"2026-07-20T17:49:14","guid":{"rendered":"https:\/\/www.europesays.com\/ro\/236294\/"},"modified":"2026-07-20T17:49:14","modified_gmt":"2026-07-20T17:49:14","slug":"influencerii-andrew-si-tristan-tate-urmeaza-sa-apara-luni-in-fata-unui-judecator-federal-din-miami","status":"publish","type":"post","link":"https:\/\/www.europesays.com\/ro\/236294\/","title":{"rendered":"Influencerii Andrew \u0219i Tristan Tate urmeaz\u0103 s\u0103 apar\u0103 luni \u00een fa\u021ba unui judec\u0103tor federal din Miami"},"content":{"rendered":"<p>                        <img loading=\"lazy\" decoding=\"async\" width=\"30\" height=\"30\" src=\"https:\/\/www.europesays.com\/ro\/wp-content\/uploads\/2026\/07\/1784569754_641_google-g.png\" alt=\"Google Split\"\/>    <\/p>\n<p id=\"p-0\">Fra\u021bii influenceri Andrew \u0219i Tristan Tate urmeaz\u0103 s\u0103 apar\u0103 luni \u00een fa\u021ba unui magistrat federal din Miami, dup\u0103 ce au fost aresta\u021bi pentru a fi acuza\u021bi de viol \u0219i trafic sexual \u00een Regatul Unit, potrivit <a href=\"https:\/\/www.mediafax.ro\/externe\/influencerii-andrew-si-tristan-tate-sunt-asteptati-la-tribunalul-din-miami-23775305\" target=\"_blank\" rel=\"noopener nofollow\">Mediafax<\/a>.<\/p>\n<p id=\"p-1\">Fra\u021bii Tate sunt \u021binu\u021bi \u00een arest federal dup\u0103 arestarea lor de s\u00e2mb\u0103t\u0103. \u00cen urm\u0103toarele s\u0103pt\u0103m\u00e2ni, un judec\u0103tor districtual american va analiza dac\u0103 \u00eendeplinesc condi\u021biile pentru extr\u0103dare, relateaz\u0103 agen\u021bia de \u0219tiri AP.<\/p>\n<p>&#8211; articolul continu\u0103 mai jos &#8211;<\/p>\n<p id=\"p-2\">Un avocat al fra\u021bilor, Joseph McBride, a criticat acuza\u021biile recente drept \u201emizerie \u0219i calomnie\u201d. Duminic\u0103, avocatul declarat c\u0103 este \u00eencrez\u0103tor c\u0103 cererea de extr\u0103dare va fi respins\u0103.<\/p>\n<p id=\"p-3\">Procurorii din Marea Britanie au declarat c\u0103 noile acuza\u021bii se refer\u0103 la alte patru victime \u0219i au fost aduse dup\u0103 ce autorit\u0103\u021bile au primit dovezi de la Poli\u021bia din Bedfordshire, \u00een sud-estul Angliei. Acuza\u021biile care acoper\u0103 presupuse incidente dintre 2010 \u0219i 2017 includ viol, agresiune, trafic de persoane \u0219i infrac\u021biuni legate de \u201eimagini indecente cu copii \u0219i pornografie extrem\u0103\u201d.<\/p>\n<p id=\"p-4\">Fra\u021bii se confrunt\u0103 deja cu acuza\u021bii anterioare de viol, v\u0103t\u0103mare corporal\u0103, trafic de persoane \u0219i controlul prostitu\u021biei \u00een scop lucrativ, legate de alte trei presupuse victime din Marea Britanie \u00eentre 2012 \u0219i 2015.<\/p>\n<p>Aresta\u021bi \u00een Rom\u00e2nia, apoi elibera\u021bi<\/p>\n<p id=\"p-5\">Noile acuza\u021bii sunt cele mai recente dintr-o lung\u0103 saga juridic\u0103 interna\u021bional\u0103 care implic\u0103 familia Tate \u0219i care s-a extins \u00een SUA, Marea Britanie \u0219i Rom\u00e2nia. Fra\u021bii au negat \u00een repetate r\u00e2nduri c\u0103 ar fi f\u0103cut vreo gre\u0219eal\u0103.<\/p>\n<p id=\"p-6\">Imperiul lor de social media, care promoveaz\u0103 bog\u0103\u021bia, domina\u021bia masculin\u0103 \u0219i misoginismul, i-a transformat printre cele mai polarizante personalit\u0103\u021bi ale internetului.<\/p>\n<p id=\"p-7\">Cei doi, cu dubl\u0103 cet\u0103\u021benie american\u0103 \u0219i britanic\u0103, s-au mutat \u00een Rom\u00e2nia \u00een 2016. Au fost aresta\u021bi acolo \u00een 2022, acuza\u021bi de participarea la scheme de atragere a femeilor \u00een scopul exploat\u0103rii sexuale. Ei au negat aceste acuza\u021bii, iar cazul rom\u00e2nesc nu a mers mai departe din cauza unor probleme juridice \u0219i procedurale.<\/p>\n<p id=\"p-8\">Anul trecut, li s-a permis s\u0103 p\u0103r\u0103seasc\u0103 Rom\u00e2nia \u0219i au zburat \u00een Florida.<\/p>\n","protected":false},"excerpt":{"rendered":"Fra\u021bii influenceri Andrew \u0219i Tristan Tate urmeaz\u0103 s\u0103 apar\u0103 luni \u00een fa\u021ba unui magistrat federal din Miami, dup\u0103&hellip;\n","protected":false},"author":2,"featured_media":236295,"comment_status":"","ping_status":"","sticky":false,"template":"","format":"standard","meta":{"footnotes":"","_share_on_mastodon":"0"},"categories":[10],"tags":[32,33,31,36,37,27,34,35,25,41,40,38,39,26,65849,28,29,30],"class_list":["post-236294","post","type-post","status-publish","format-standard","has-post-thumbnail","category-romania","tag-breaking-news","tag-breakingnews","tag-cele-mai-populare-subiecte","tag-featured-news","tag-featurednews","tag-headlines","tag-latest-news","tag-latestnews","tag-news","tag-ro","tag-romana","tag-romania","tag-romanian","tag-stiri","tag-tate","tag-titluri","tag-top-stories","tag-topstories"],"share_on_mastodon":{"url":"https:\/\/pubeurope.com\/@ro\/116953571134560045","error":""},"_links":{"self":[{"href":"https:\/\/www.europesays.com\/ro\/wp-json\/wp\/v2\/posts\/236294","targetHints":{"allow":["GET"]}}],"collection":[{"href":"https:\/\/www.europesays.com\/ro\/wp-json\/wp\/v2\/posts"}],"about":[{"href":"https:\/\/www.europesays.com\/ro\/wp-json\/wp\/v2\/types\/post"}],"author":[{"embeddable":true,"href":"https:\/\/www.europesays.com\/ro\/wp-json\/wp\/v2\/users\/2"}],"replies":[{"embeddable":true,"href":"https:\/\/www.europesays.com\/ro\/wp-json\/wp\/v2\/comments?post=236294"}],"version-history":[{"count":0,"href":"https:\/\/www.europesays.com\/ro\/wp-json\/wp\/v2\/posts\/236294\/revisions"}],"wp:featuredmedia":[{"embeddable":true,"href":"https:\/\/www.europesays.com\/ro\/wp-json\/wp\/v2\/media\/236295"}],"wp:attachment":[{"href":"https:\/\/www.europesays.com\/ro\/wp-json\/wp\/v2\/media?parent=236294"}],"wp:term":[{"taxonomy":"category","embeddable":true,"href":"https:\/\/www.europesays.com\/ro\/wp-json\/wp\/v2\/categories?post=236294"},{"taxonomy":"post_tag","embeddable":true,"href":"https:\/\/www.europesays.com\/ro\/wp-json\/wp\/v2\/tags?post=236294"}],"curies":[{"name":"wp","href":"https:\/\/api.w.org\/{rel}","templated":true}]}}