{"id":237223,"date":"2026-07-21T19:25:10","date_gmt":"2026-07-21T19:25:10","guid":{"rendered":"https:\/\/www.europesays.com\/ro\/237223\/"},"modified":"2026-07-21T19:25:10","modified_gmt":"2026-07-21T19:25:10","slug":"inca-o-plecare-de-la-dinamo-al-doilea-jucator-care-se-desparte-de-caini-dupa-prima-etapa-din-liga-1-fiecare-pas-isi-are-rostul-lui","status":"publish","type":"post","link":"https:\/\/www.europesays.com\/ro\/237223\/","title":{"rendered":"\u00cenc\u0103 o plecare de la Dinamo.\u00a0Al doilea juc\u0103tor care se desparte de \u201ec\u00e2ini\u201d dup\u0103 prima etap\u0103 din Liga 1: \u201eFiecare pas \u00ee\u0219i are rostul lui\u201d"},"content":{"rendered":"<ul class=\"bullets\">&#13;<\/p>\n<li>Adrian Caragea (20 de ani) \u0219i-a anun\u021bat plecarea de la Dinamo, dup\u0103 doi ani petrecu\u021bi \u00een tab\u0103ra \u201ec\u00e2inilor\u201d.<\/li>\n<p>&#13;\n<\/ul>\n<p><a id=\"google-source-button\" class=\"google-favorite\" target=\"_blank\" href=\"https:\/\/www.google.com\/preferences\/source?q=golazo.ro\" rel=\"nofollow noopener\"><\/p>\n<p>        <img decoding=\"async\" src=\"https:\/\/golazo.ro\/images\/google-logo.svg\" alt=\"\"\/><br \/>\n        <img decoding=\"async\" src=\"https:\/\/golazo.ro\/images\/check-icon-2.svg\" alt=\"\"\/><\/p>\n<p>    Adaug\u0103 GOLAZO.ro la favorite<\/p>\n<p><\/a><\/p>\n<p class=\"\">Transferat \u00een vara anului 2024 de la echipa de tineret a italienilor de la Sassuolo, Caragea se desparte acum de gruparea alb-ro\u0219ie.<\/p>\n<p>Adrian Caragea \u0219i-a anun\u021bat plecarea de la Dinamo<\/p>\n<p class=\"\">Anun\u021bul a fost f\u0103cut chiar de t\u00e2n\u0103rul fotbalist, prin intermediul unei post\u0103ri de la re\u021belele de socializare.<\/p>\n<p class=\"\">\u201eFiecare pas \u00ee\u0219i are rostul lui. Drumul continu\u0103 cu aceea\u0219i credin\u021b\u0103!\u201d, a scris Adrian Caragea, pe Instagram.<\/p>\n<p class=\"\">Postarea a fost \u00eenso\u021bit\u0103 \u0219i de un mesaj de adio pentru echipa antrenat\u0103 de Nuno Campos: <\/p>\n<p class=\"\">\u201eMul\u021bumesc, Dinamo, pentru aceast\u0103 etap\u0103 din cariera mea. Le mul\u021bumesc colegilor, staff-ului \u0219i tuturor celor care m-au apreciat\u201d.<\/p>\n<p class=\"\">Juc\u0103torul a \u00eenchis comentariile la postare. \u00cen finalul sezonului trecut a primit mai multe mesaje \u0219i comentarii negative de la fanii dinamovi\u0219ti, nemul\u021bumi\u021bi de evolu\u021biile sale. <\/p>\n<p class=\"\">\u00cen cele dou\u0103 sezoane petrecute la Dinamo, extrema st\u00e2ng\u0103 a jucat 35 de meciuri, reu\u0219ind s\u0103 \u00eenscrie doar dou\u0103 goluri.<\/p>\n<p class=\"\">Crescut la Academia \u201eGheorghe Hagi\u201d, Adrian Caragea a fost transferat de Sassuolo \u00een 2021, pentru care a jucat doar la echipele de tineret. Nu s-a impus \u00een Italia \u0219i, \u00een 2024, a ajuns la Dinamo.<\/p>\n<p>450.000 de euro<\/p>\n<p>este cota de pia\u021b\u0103 a lui Adrian Caragea, conform Transfermarkt<\/p>\n<p class=\"\">\u00cen prima etap\u0103 a noului sezon din Liga 1, Dinamo a fost \u00eenvins\u0103 de Petrolul cu scorul de 1-0, iar Adrian Caragea nu a fost inclus \u00een lotul lui Nuno Campos pentru acest meci.<\/p>\n<p class=\"\">VIDEO. Golul marcat de Martins \u00een Petrolul &#8211; Dinamo 1-0<\/p>\n<p class=\"\">Dup\u0103 e\u0219ecul de la Ploie\u0219ti, \u0219i <a target=\"_blank\" href=\"https:\/\/golazo.ro\/maxime-sivis-dinamo-petrolul-plecare-rusia-orenburg-180834\" rel=\"nofollow noopener\">Maxime Sivis<\/a> \u0219i-a anun\u021bat plecarea de la Dinamo. Funda\u0219ul dreapta va pleca la Orenburg, \u00een Rusia, iar ro\u0219-albii <a href=\"https:\/\/golazo.ro\/maxime-sivis-dinamo-transfer-rusia-dario-benavides-180508\" target=\"_blank\" rel=\"noreferrer noopener nofollow\">vor \u00eencasa 750.000 de euro \u00een urma transferului<\/a>.<\/p>\n<p class=\"\">Pentru \u201ec\u00e2ini\u201d urmeaz\u0103 duelul cu Universitatea Craiova de s\u00e2mb\u0103t\u0103, 25 iulie, de la ora 20:30, din cadrul etapei #2 din Liga 1. Meciul va fi transmis liveTEXT pe GOLAZO.ro \u0219i \u00een direct pe Digi Sport 1 \u0219i Prima Sport 1.<\/p>\n<p>Cite\u0219te \u0219i<\/p>\n<p>VIDEO: cele mai noi imagini din sport<\/p>\n","protected":false},"excerpt":{"rendered":"&#13; Adrian Caragea (20 de ani) \u0219i-a anun\u021bat plecarea de la Dinamo, dup\u0103 doi ani petrecu\u021bi \u00een tab\u0103ra&hellip;\n","protected":false},"author":2,"featured_media":237224,"comment_status":"","ping_status":"","sticky":false,"template":"","format":"standard","meta":{"footnotes":"","_share_on_mastodon":"0"},"categories":[20],"tags":[10579,4842,49,51,41,40,38,39,185,184],"class_list":["post-237223","post","type-post","status-publish","format-standard","has-post-thumbnail","category-sport","tag-adrian-caragea","tag-despartire","tag-dinamo","tag-liga-1","tag-ro","tag-romana","tag-romania","tag-romanian","tag-sport","tag-sports"],"share_on_mastodon":{"url":"https:\/\/pubeurope.com\/@ro\/116959610583951274","error":""},"_links":{"self":[{"href":"https:\/\/www.europesays.com\/ro\/wp-json\/wp\/v2\/posts\/237223","targetHints":{"allow":["GET"]}}],"collection":[{"href":"https:\/\/www.europesays.com\/ro\/wp-json\/wp\/v2\/posts"}],"about":[{"href":"https:\/\/www.europesays.com\/ro\/wp-json\/wp\/v2\/types\/post"}],"author":[{"embeddable":true,"href":"https:\/\/www.europesays.com\/ro\/wp-json\/wp\/v2\/users\/2"}],"replies":[{"embeddable":true,"href":"https:\/\/www.europesays.com\/ro\/wp-json\/wp\/v2\/comments?post=237223"}],"version-history":[{"count":0,"href":"https:\/\/www.europesays.com\/ro\/wp-json\/wp\/v2\/posts\/237223\/revisions"}],"wp:featuredmedia":[{"embeddable":true,"href":"https:\/\/www.europesays.com\/ro\/wp-json\/wp\/v2\/media\/237224"}],"wp:attachment":[{"href":"https:\/\/www.europesays.com\/ro\/wp-json\/wp\/v2\/media?parent=237223"}],"wp:term":[{"taxonomy":"category","embeddable":true,"href":"https:\/\/www.europesays.com\/ro\/wp-json\/wp\/v2\/categories?post=237223"},{"taxonomy":"post_tag","embeddable":true,"href":"https:\/\/www.europesays.com\/ro\/wp-json\/wp\/v2\/tags?post=237223"}],"curies":[{"name":"wp","href":"https:\/\/api.w.org\/{rel}","templated":true}]}}