{"id":237456,"date":"2026-07-22T05:36:12","date_gmt":"2026-07-22T05:36:12","guid":{"rendered":"https:\/\/www.europesays.com\/ro\/237456\/"},"modified":"2026-07-22T05:36:12","modified_gmt":"2026-07-22T05:36:12","slug":"andreea-ibacka-rupe-tacerea-dupa-divortul-de-cabral-ranile-se-vindeca-alaturi-de-ai-mei","status":"publish","type":"post","link":"https:\/\/www.europesays.com\/ro\/237456\/","title":{"rendered":"Andreea Ibacka rupe t\u0103cerea dup\u0103 divor\u021bul de Cabral. \u201eR\u0103nile se vindec\u0103 al\u0103turi de ai mei\u201d"},"content":{"rendered":"<p class=\"isSelectedEnd\">Andreea Ibacka a vorbit pentru prima dat\u0103 deschis despre perioada dificil\u0103 prin care trece dup\u0103 divor\u021bul de Cabral. Actri\u021ba a explicat c\u0103, de\u0219i a ales s\u0103 p\u0103streze discre\u021bia \u00een privin\u021ba vie\u021bii personale, acest lucru nu \u00eenseamn\u0103 c\u0103 desp\u0103r\u021birea nu i-a provocat suferin\u021b\u0103.<\/p>\n<p class=\"isSelectedEnd\">Vedeta a transmis c\u0103 nu \u00ee\u0219i dore\u0219te ca divor\u021bul s\u0103 devin\u0103 un spectacol public \u0219i c\u0103 prefer\u0103 s\u0103 \u00ee\u0219i vindece r\u0103nile \u00een intimitate, al\u0103turi de familie. Mesajul a fost publicat la finalul unei post\u0103ri aparent relaxate, despre \u021binutele potrivite pentru festivaluri.<\/p>\n<p class=\"isSelectedEnd\">Andreea Ibacka \u0219i Cabral au anun\u021bat \u00een urm\u0103 cu c\u00e2teva luni c\u0103 au decis s\u0103 se despart\u0103, dup\u0103 15 ani de c\u0103snicie. Cei doi au \u00eempreun\u0103 doi copii, Namiko \u0219i Tiago, iar \u00een aceast\u0103 perioad\u0103 \u00eencearc\u0103 s\u0103 se adapteze schimb\u0103rilor din via\u021ba lor.<\/p>\n<p class=\"isSelectedEnd\">Dup\u0103 ce Cabral a recunoscut recent c\u0103 trece printr-o perioad\u0103 dificil\u0103 \u00een urma divor\u021bului, Andreea Ibacka a transmis, la r\u00e2ndul ei, un mesaj sincer despre suferin\u021ba pe care a ales s\u0103 nu o expun\u0103 pe re\u021belele sociale.<\/p>\n<p><a href=\"https:\/\/www.utv.ro\/stiri\/vedete\/cabral-recunoaste-pentru-prima-data-cat-de-mult-l-a-afectat-divortul-de-andreea-ibacka-nu-ma-pot-reaseza-alergand-mai-tare-64031\" data-skip-linkfix=\"1\" rel=\"nofollow noopener\" target=\"_blank\">Cite\u0219te \u0219i &#8222;Cabral recunoa\u0219te pentru prima dat\u0103 c\u00e2t de mult l-a afectat divor\u021bul de Andreea Ibacka: \u201eNu m\u0103 pot rea\u0219eza alerg\u00e2nd mai tare\u201d<\/a><\/p>\n<p><img decoding=\"async\" src=\"https:\/\/www.europesays.com\/ro\/wp-content\/uploads\/2026\/07\/PTgwMCZoYXNoPTE0MmNjMTE0M2E5YzYxMmNmYTA3YmE2NDFmZmJlMTg0.thumb.jpg\" alt=\"andreea-ibacka2\" data-skip-htmlfix=\"1\" style=\"\"\/>   Andreea Ibacka \/\/ Surs\u0103 foto: Instagram Andreea Ibacka: \u201eSocial media nu este ora mea de terapie\u201d<\/p>\n<p class=\"isSelectedEnd\">Actri\u021ba a publicat pe Instagram un clip despre \u021binutele de festival \u0219i despre importan\u021ba alegerii unor haine care s\u0103 fie at\u00e2t atr\u0103g\u0103toare, c\u00e2t \u0219i practice.<\/p>\n<p class=\"isSelectedEnd\">La finalul post\u0103rii, Andreea Ibacka a sim\u021bit nevoia s\u0103 vorbeasc\u0103 despre comentariile \u0219i reac\u021biile ap\u0103rute \u00een mediul online dup\u0103 divor\u021bul de Cabral.<\/p>\n<p class=\"isSelectedEnd\">\u201eSocial media nu este ora mea de terapie. Faptul c\u0103 sunt discret\u0103 cu via\u021ba personal\u0103 este o op\u021biune, nu anuleaz\u0103 suferin\u021ba. Aleg elegan\u021ba \u00een locul spectacolului. Prefer demnitatea \u00een locul explica\u021biilor publice. R\u0103nile se vindec\u0103 al\u0103turi de ai mei\u201d, a scris Andreea Ibacka.<\/p>\n<p class=\"isSelectedEnd\">Vedeta a precizat c\u0103 nu \u00ee\u0219i dore\u0219te s\u0103 apar\u0103 \u00een centrul aten\u021biei doar prin intermediul desp\u0103r\u021birii \u0219i c\u0103 prefer\u0103 s\u0103 fie apreciat\u0103 pentru proiectele sale profesionale.<\/p>\n<p class=\"isSelectedEnd\">\u201eNu \u00eemi doresc s\u0103 apar pe prima pagin\u0103 a presei \u00een urma unui divor\u021b, acest &#8216;minut de celebritate&#8217; nu se reg\u0103se\u0219te printre op\u021biunile mele. Exist\u0103 \u0219i altele, bazate pe ceea ce m\u0103 define\u0219te ca om \u0219i artist. M\u0103 \u0219ti\u021bi de at\u00e2\u021bia ani, aceasta a fost dintotdeauna direc\u021bia\u201d, a continuat actri\u021ba.<\/p>\n<p><a href=\"https:\/\/www.utv.ro\/stiri\/vedete\/cum-a-reactionat-cabral-dupa-imaginile-cu-tanara-care-l-a-insotit-pe-litoral-la-cateva-luni-de-la-divortul-de-andreea-ibacka-63647\" data-skip-linkfix=\"1\" rel=\"nofollow noopener\" target=\"_blank\">Cite\u0219te \u0219i &#8222;Cum a reac\u021bionat Cabral dup\u0103 imaginile cu t\u00e2n\u0103ra care l-a \u00eenso\u021bit pe litoral, la c\u00e2teva luni de la divor\u021bul de Andreea Ibacka&#8221;<\/a><\/p>\n<p>Pute\u0163i urm\u0103ri \u0218tirile UTV \u015fi pe<br \/>\n                            <a href=\"https:\/\/news.google.com\/publications\/CAAqBwgKMPzSpgww4uDsAg?ceid=RO:ro&amp;oc=3\" target=\"_blank\" rel=\"nofollow noopener\">Google News<\/a>!\n                        <\/p>\n","protected":false},"excerpt":{"rendered":"Andreea Ibacka a vorbit pentru prima dat\u0103 deschis despre perioada dificil\u0103 prin care trece dup\u0103 divor\u021bul de Cabral.&hellip;\n","protected":false},"author":2,"featured_media":237457,"comment_status":"","ping_status":"","sticky":false,"template":"","format":"standard","meta":{"footnotes":"","_share_on_mastodon":"0"},"categories":[18],"tags":[50538,50539,16046,4842,171,170,2314,41,40,38,39,4564],"class_list":["post-237456","post","type-post","status-publish","format-standard","has-post-thumbnail","category-divertisment","tag-andreea-ibacka","tag-cabral-ibacka","tag-cuplu","tag-despartire","tag-divertisment","tag-entertainment","tag-familie","tag-ro","tag-romana","tag-romania","tag-romanian","tag-vedete"],"share_on_mastodon":{"url":"https:\/\/pubeurope.com\/@ro\/116962013159079899","error":""},"_links":{"self":[{"href":"https:\/\/www.europesays.com\/ro\/wp-json\/wp\/v2\/posts\/237456","targetHints":{"allow":["GET"]}}],"collection":[{"href":"https:\/\/www.europesays.com\/ro\/wp-json\/wp\/v2\/posts"}],"about":[{"href":"https:\/\/www.europesays.com\/ro\/wp-json\/wp\/v2\/types\/post"}],"author":[{"embeddable":true,"href":"https:\/\/www.europesays.com\/ro\/wp-json\/wp\/v2\/users\/2"}],"replies":[{"embeddable":true,"href":"https:\/\/www.europesays.com\/ro\/wp-json\/wp\/v2\/comments?post=237456"}],"version-history":[{"count":0,"href":"https:\/\/www.europesays.com\/ro\/wp-json\/wp\/v2\/posts\/237456\/revisions"}],"wp:featuredmedia":[{"embeddable":true,"href":"https:\/\/www.europesays.com\/ro\/wp-json\/wp\/v2\/media\/237457"}],"wp:attachment":[{"href":"https:\/\/www.europesays.com\/ro\/wp-json\/wp\/v2\/media?parent=237456"}],"wp:term":[{"taxonomy":"category","embeddable":true,"href":"https:\/\/www.europesays.com\/ro\/wp-json\/wp\/v2\/categories?post=237456"},{"taxonomy":"post_tag","embeddable":true,"href":"https:\/\/www.europesays.com\/ro\/wp-json\/wp\/v2\/tags?post=237456"}],"curies":[{"name":"wp","href":"https:\/\/api.w.org\/{rel}","templated":true}]}}