{"id":241939,"date":"2026-07-27T10:05:10","date_gmt":"2026-07-27T10:05:10","guid":{"rendered":"https:\/\/www.europesays.com\/ro\/241939\/"},"modified":"2026-07-27T10:05:10","modified_gmt":"2026-07-27T10:05:10","slug":"ioanitoaia-vehement-dupa-ce-le-a-vazut-pe-dinamo-craiova-si-fcsb-risc-un-pronostic-fotbalul-lor-e-o-facatura","status":"publish","type":"post","link":"https:\/\/www.europesays.com\/ro\/241939\/","title":{"rendered":"Ioani\u021boaia, vehement dup\u0103 ce le-a v\u0103zut pe Dinamo, Craiova \u0219i FCSB: \u201eRisc un pronostic. Fotbalul lor e o f\u0103c\u0103tur\u0103!\u201d"},"content":{"rendered":"<p>\n            Articol de <a rel=\"author nofollow noopener\" href=\"https:\/\/www.gsp.ro\/autor\/daniel-grigore-3879.html\" target=\"_blank\">Daniel Grigore<\/a>            &#8211; Publicat luni, 27 iulie 2026,  12:00            \/ Actualizat luni, 27 iulie 2026 12:07                    <\/p>\n<p class=\"do-not-hide\">Interven\u021bia lui Ovidiu Ioani\u021boaia \u00een edi\u021bia de ast\u0103zi a emisiunii GSP Live a \u00eenceput cu analiza duelului dintre Dinamo \u0219i Universitatea Craiova. Cu alb-alba\u0219trii \u00een inferioritate numeric\u0103 mai bine de o repriz\u0103 \u00eentreag\u0103, Dinamo le-a administrat un e\u0219ec ustur\u0103tor, 5-1.<\/p>\n<p>Ovidiu Ioani\u021boaia: \u201eCraiova a gre\u0219it juc\u00e2nd f\u0103r\u0103 7-8 titulari\u201d<\/p>\n<p>\u201eSigur, Dinamo a fost o surpriz\u0103 pl\u0103cut\u0103. De\u0219i toat\u0103 lumea lua echipa asta la pre\u021b de matineu, socotind c\u0103 au plecat Gnahore, Boateng, Sivis, c\u0103 Pu\u0219ca\u0219 era accidentat, dar p\u0103rerea mea este c\u0103 a fost o eroare comis\u0103 de Craiova, care trat\u00e2nd-o de sus pe Dinamo \u0219i-a permis s\u0103 menajeze 7-8 titulari. <\/p>\n<p>Cam mult. Nu se justific\u0103 o asemenea pruden\u021b\u0103 exagerat\u0103, \u00een condi\u021biile \u00een care campionatul abia a \u00eenceput. Deja sunt obosi\u021bi juc\u0103torii? Mai normal e ca ei s\u0103 r\u0103m\u00e2n\u0103 \u00een ritm, s\u0103 aib\u0103 jocuri \u00een picioare. Aici cred c\u0103 este vina lui Coelho, dac\u0103 el a luat aceast\u0103 decizie.<\/p>\n<p>Apoi, din disperare de cauz\u0103, i-a introdus pe Mora, Bancu \u0219i Cic\u00e2ld\u0103u, dar a r\u0103mas o echip\u0103 f\u0103r\u0103 Lauren\u021biu Popescu, Rus, Screciu \u0219i Baiaram. Nu po\u021bi s\u0103-\u021bi imaginezi c\u0103 adversarul este at\u00e2t de slab \u00eenc\u00e2t s\u0103 te privezi de 7-8 titulari. Nu este vorba despre unul sau doi, ci despre \u0219apte.<\/p>\n<p>S\u0103 ne g\u00e2ndim, s\u0103 facem o compara\u021bie. FCSB a avut o atitudine mai realist\u0103. De\u0219i a jucat cu 4 juc\u0103tori U21, P\u0103durariu, Toma, David Popa \u0219i Stoian, \u0219i a avut rezerve dintre titulari, pe parcurs, \u00een repriza a doua, i-a introdus pe to\u021bi. Au intrat B\u00eerligea, Tavi Popescu, Cisotti, mai pu\u021bin \u0219i Joao Paulo.<\/p>\n<p>Cum s\u0103 spun&#8230; Juc\u0103torii no\u0219tri obosesc prea repede. Nu e normal s\u0103 se \u00eent\u00e2mple a\u0219a ceva! Am citit c\u0103 \u0219i Auda, adversara FCSB-ului, a folosit rezervele, dar Auda vine dup\u0103 23 de etape din campionatul Letoniei, cum o fi el. Se justific\u0103 s\u0103-\u021bi mai odihne\u0219ti titularii dup\u0103 23 de etape, dar s\u0103-i consideri obosi\u021bi dup\u0103 ce au jucat 90 de minute de campionat mi se pare o atitudine gre\u0219it\u0103.<\/p>\n<p>A\u0219a s-a ajuns la acest 5-1 care pare neverosimil, \u00een condi\u021biile \u00een care Craiova este campioana en-titre a Rom\u00e2niei. Dar nu este diferen\u021ba real\u0103 dintre echipe, ci eroarea lui Coelho sau a celui care a decis aceast\u0103 strategie, de a folosi o echip\u0103 f\u0103r\u0103 7-8 titulari.<\/p>\n<p>Sigur c\u0103 meciurile europene sunt mai importante, sunt f\u0103r\u0103 repeti\u021bie, ca s\u0103 spun a\u0219a. Ele \u00eenseamn\u0103 palmares \u0219i bani. A r\u0103m\u00e2ne \u00een Europa \u00eenseamn\u0103 ca echipa s\u0103 c\u00e2\u0219tige \u0219i financiar, dar c\u00e2nd ai o echip\u0103 cum e Craiova, \u00ee\u021bi faci un calcul, dac\u0103 po\u021bi s\u0103 te lipse\u0219ti chiar de to\u021bi titularii.<\/p>\n<p>Lauren\u021biu Popescu, Screciu, Rus \u0219i Baiaram nu au fost folosi\u021bi deloc \u00eentr-un asemenea meci. Or Dinamo, f\u0103r\u0103 un v\u00e2rf autentic, a reu\u0219it, a \u0219tiu s\u0103 exploateze tocmai absen\u021ba lui Rus \u0219i Screciu din partea central\u0103 a ap\u0103r\u0103rii Craiovei. A\u0219a s-a ajuns la un 5-1 pe care n-ar fi pariat nimeni, nici cel mai \u00eenfocat suporter al dinamovi\u0219tilor\u201d, a comentat directorul GSP.<\/p>\n<p>Ovidiu Ioani\u021boaia: \u201eUn singur lucru i-a\u0219 repro\u0219a cu prec\u0103dere lui Istvan Kovacs\u201d<\/p>\n<p>Meciul de pe stadionul \u201eArcul de Triumf\u201d a fost arbitrat de <a target=\"_blank\" class=\"editor-link\" href=\"https:\/\/www.gsp.ro\/fotbal\/liga-1\/dinamo-universitatea-craiova-4-faze-delicate-arbitraj-964248.html\" rel=\"nofollow noopener\">Istvan Kovacs, care a interpretat gre\u0219it c\u00e2teva<\/a> dintre fazele delicate ale meciului. Cel mai bine cotat arbitru rom\u00e2n a fost salvat de colegul din camera VAR, Marcel B\u00eersan.<\/p>\n<p>\u201eCu bune \u0219i cu rele, Istvan Kovacs este cel mai bun arbitru al nostru. Doar nu ne-om pricepe noi mai bine dec\u00e2t Roberto Rosetti, \u0219eful arbitrilor UEFA, sau Pierluigi Collina, \u0219eful arbitrilor FIFA, care-l tot deleag\u0103. A fost delegat \u0219i la dou\u0103 meciuri la Mondiale. Nu cele mai importante, dar jucate la Campionatul Mondial.<\/p>\n<p>P\u0103rerea mea este c\u0103 sistemul VAR asigur\u0103 arbitrilor un fel de plas\u0103 de siguran\u021b\u0103, de alibi, \u0219i c\u0103 ei se concentreaz\u0103 mai pu\u021bin \u0219tiind c\u0103 au \u00een spate acest VAR, care le corijeaz\u0103 gre\u0219elile mari. Fa\u021b\u0103 de ce s-a \u00eent\u00e2mplat s\u00e2mb\u0103t\u0103, i-a\u0219 repro\u0219a un singur lucru cu prec\u0103dere lui Istvan Kovacs: faza cu eliminarea lui Badelj, pe care l-a eliminat pentru fault din postura de ultim ap\u0103r\u0103tor, dar nu \u0219i-a dat seama c\u0103 faultul s-a petrecut \u00een afara careului, ci nu \u00een careu.<\/p>\n<p>Ca atare, a ar\u0103tat \u00eent\u00e2i penalty \u0219i cartona\u0219 galben, apoi, tras de m\u00e2nec\u0103 de Marcel B\u00eersan de la VAR, a revenit \u0219i a schimbat culoarea cartona\u0219ului, pentru c\u0103 faultul se petrecuse \u00een afara careului. Dac\u0103 e\u0219ti Istvan Kovacs, ar trebui s\u0103 ai ochiul at\u00e2t de format \u00eenc\u00e2t s\u0103 nu confunzi un fault comis \u00een afara careului cu unul comis \u00een careu.<\/p>\n<p>\u00cen rest, la golul anulat lui Musi pentru c\u0103 mingea i-a s\u0103rit \u00een m\u00e2n\u0103, care ar fi fost golul de 3-0, Istvan Kovacs nu avea cum s\u0103 vad\u0103 din acea pozi\u021bie. Dar acum \u00eencep s\u0103-l \u00een\u021beleg pe regretatul Mircea Lucescu, care era \u00eempotriva VAR-ului \u0219i spunea c\u0103 el afecteaz\u0103 \u0219i ritmul \u0219i farmecul fotbalului.<\/p>\n<p>\u0218i noi, acum, parc\u0103 \u00eel p\u00e2ndim pe Istvan Kovacs \u0219i una-dou\u0103 ne repezim s\u0103-l urechem. Eu cred c\u0103 Istvan Kovacs, cu toate erorile lui, r\u0103m\u00e2ne arbitrul nostru num\u0103rul 1, altfel nu ajungea la Mondiale. Nu cred se \u00een\u0219al\u0103 toat\u0103 lumea \u0219i numai noi apreciem corect lucrurile\u201d, a comentat Ioani\u021boaia despre \u201ecentralul\u201d din Carei.<\/p>\n<p>Ovidiu Ioani\u021boaia: \u201eRisc un pronostic despre Csikszereda. Fotbalul lor e o f\u0103c\u0103tur\u0103\u201d<\/p>\n<p>Directorul GSP a vorbit \u0219i cel mai recent meci al etapei, Csikszereda &#8211; FCSB 0-2, care-i las\u0103 pe ciucani f\u0103r\u0103 punct \u0219i gol marcat dup\u0103 dou\u0103 runde:<\/p>\n<p>\u201eE de remarcat curajul lui Marius Baciu, care-i folose\u0219te titulari la Miercurea Ciuc \u0219i pe T\u00e2rnovanu \u0219i pe Politic, juc\u0103tori pe care patronul Gigi Becali \u00eei c\u0103lcase \u00een picioare, \u00eei distrusese. Pe Politic nejustificat, pentru c\u0103 nu jucase dec\u00e2t dou\u0103 minute \u00een meciul cu Auda.<\/p>\n<p>Curaj \u0219i pentru c\u0103 a folosit 4 juc\u0103tori U21, dar \u00een fa\u021ba unei echipe care nu se reg\u0103se\u0219te. Csikszereda mai are, dup\u0103 p\u0103rerea mea, un singur fotbalist adev\u0103rat, pe Anderson Ceara. Plecarea lui Robert Ilye\u0219 se simte, echipa nu mai are d\u00e2rzenia, vigoarea de alt\u0103dat\u0103, dovad\u0103 c\u0103 a luat dou\u0103 goluri \u00een primul sfert de or\u0103 \u0219i meciul s-a \u00eencheiat \u00een minutul 16, dup\u0103 golul lui Politic.<\/p>\n<p>La Csikszereda sunt nu doar probleme de lot, ci \u0219i probleme financiare. Ca s\u0103 fiu sincer, risc un pronostic, faptul c\u0103 Csikszereda va avea un campionat foarte greu \u0219i o situa\u021bie foarte grea, dup\u0103 cum a ar\u0103tat ieri. Dar e \u00eenc\u0103 prea devreme ca s\u0103 tragem concluzii. <\/p>\n<p>Arat\u0103 \u00eens\u0103 r\u0103u. C\u00e2nd mingea arat\u0103 la Anderson Ceara mai e fotbal, \u00een rest e o f\u0103c\u0103tur\u0103, o \u00eencercare nereu\u0219it\u0103\u201d.<\/p>\n","protected":false},"excerpt":{"rendered":"Articol de Daniel Grigore &#8211; Publicat luni, 27 iulie 2026, 12:00 \/ Actualizat luni, 27 iulie 2026 12:07&hellip;\n","protected":false},"author":2,"featured_media":241940,"comment_status":"","ping_status":"","sticky":false,"template":"","format":"standard","meta":{"footnotes":"","_share_on_mastodon":"0"},"categories":[5],"tags":[32,33,31,1268,49,269,36,37,1109,27,34,35,25,1108,41,40,38,39,26,28,29,30,615],"class_list":["post-241939","post","type-post","status-publish","format-standard","has-post-thumbnail","category-titluri","tag-breaking-news","tag-breakingnews","tag-cele-mai-populare-subiecte","tag-csikszereda","tag-dinamo","tag-fcsb","tag-featured-news","tag-featurednews","tag-gsp-live","tag-headlines","tag-latest-news","tag-latestnews","tag-news","tag-ovidiu-ioanitoaia","tag-ro","tag-romana","tag-romania","tag-romanian","tag-stiri","tag-titluri","tag-top-stories","tag-topstories","tag-universitatea-craiova"],"share_on_mastodon":{"url":"https:\/\/pubeurope.com\/@ro\/116991382531517453","error":""},"_links":{"self":[{"href":"https:\/\/www.europesays.com\/ro\/wp-json\/wp\/v2\/posts\/241939","targetHints":{"allow":["GET"]}}],"collection":[{"href":"https:\/\/www.europesays.com\/ro\/wp-json\/wp\/v2\/posts"}],"about":[{"href":"https:\/\/www.europesays.com\/ro\/wp-json\/wp\/v2\/types\/post"}],"author":[{"embeddable":true,"href":"https:\/\/www.europesays.com\/ro\/wp-json\/wp\/v2\/users\/2"}],"replies":[{"embeddable":true,"href":"https:\/\/www.europesays.com\/ro\/wp-json\/wp\/v2\/comments?post=241939"}],"version-history":[{"count":0,"href":"https:\/\/www.europesays.com\/ro\/wp-json\/wp\/v2\/posts\/241939\/revisions"}],"wp:featuredmedia":[{"embeddable":true,"href":"https:\/\/www.europesays.com\/ro\/wp-json\/wp\/v2\/media\/241940"}],"wp:attachment":[{"href":"https:\/\/www.europesays.com\/ro\/wp-json\/wp\/v2\/media?parent=241939"}],"wp:term":[{"taxonomy":"category","embeddable":true,"href":"https:\/\/www.europesays.com\/ro\/wp-json\/wp\/v2\/categories?post=241939"},{"taxonomy":"post_tag","embeddable":true,"href":"https:\/\/www.europesays.com\/ro\/wp-json\/wp\/v2\/tags?post=241939"}],"curies":[{"name":"wp","href":"https:\/\/api.w.org\/{rel}","templated":true}]}}