{"id":252380,"date":"2026-08-05T20:38:14","date_gmt":"2026-08-05T20:38:14","guid":{"rendered":"https:\/\/www.europesays.com\/ro\/252380\/"},"modified":"2026-08-05T20:38:14","modified_gmt":"2026-08-05T20:38:14","slug":"pleaca-din-superliga-dupa-un-sezon-senzational-500-000-de-euro-pentru-fotbalistul-care-a-marcat-15-goluri-in-stagiunea-trecuta","status":"publish","type":"post","link":"https:\/\/www.europesays.com\/ro\/252380\/","title":{"rendered":"Pleac\u0103 din Superliga dup\u0103 un sezon senza\u021bional \u00bb 500.000 de euro pentru fotbalistul care a marcat 15 goluri \u00een stagiunea trecut\u0103"},"content":{"rendered":"<p>\n            Articol de <a rel=\"author nofollow noopener\" href=\"https:\/\/www.gsp.ro\/autor\/eduard-apostol-10.html\" target=\"_blank\">Eduard Apostol<\/a>, <a rel=\"author nofollow noopener\" href=\"https:\/\/www.gsp.ro\/autor\/alexandru-tomutiu-3976.html\" target=\"_blank\">Alexandru Tomu\u021biu<\/a>            &#8211; Publicat miercuri, 05 august 2026,  20:12            \/ Actualizat miercuri, 05 august 2026 20:17                    <\/p>\n<p><a class=\"autolink-enabled\" href=\"https:\/\/www.gsp.ro\/rezultate-live\/jucatorul-playername-50834\" data-resource-id=\"50834\" data-resource-type=\"player\" data-sport=\"football\" rel=\"nofollow noopener\" target=\"_blank\">Sebastian Mailat<\/a> (28 de ani, arip\u0103 st\u00e2nga), unul dintre liderii celor de la FC Boto\u0219ani, se preg\u0103te\u0219te s\u0103 \u00eei p\u0103r\u0103seasc\u0103 pe moldoveni. Acesta este dorit \u00een Turcia, la Erzurumspor, echip\u0103 nou promovat\u0103 \u00een prima lig\u0103.<\/p>\n<p class=\"do-not-hide\">Sezonul bun f\u0103cut de Sebastian Mailat \u00een stagiunea precedent\u0103 \u00eei poate aduce transferul acestuia. Acesta \u00eenregistrase 15 goluri \u0219i 5 pase decisive \u00een cele 39 de meciuri jucate \u00een campionatul intern, iar acum este cu bagajele f\u0103cute.<\/p>\n<p>Sebastian Mailat, la un pas de transferul la Erzurumspor<\/p>\n<p>Sursele GSP.ro indic\u0103 faptul c\u0103 cele dou\u0103 cluburi se afl\u0103 \u00een discu\u021bii avansate pentru transferul lui Mailat.<\/p>\n<p>FC Boto\u0219ani vrea s\u0103 ob\u021bin\u0103 500.000 de euro \u00een schimbul vedetei echipei. Turcii vor s\u0103 pl\u0103teasc\u0103 mai pu\u021bin, iar negocierile \u00eenc\u0103 au loc.<\/p>\n<p>Sunt \u0219anse destul de mari ca Boto\u0219ani s\u0103 ajung\u0103 la un acord cu Erzurmuspor p\u00e2n\u0103 la finalul perioadei de mercato din Turcia, care este deschis\u0103 \u00eenc\u0103 o lun\u0103.<\/p>\n<p><img decoding=\"async\" src=\"https:\/\/www.europesays.com\/ro\/wp-content\/uploads\/2026\/08\/94de073b-4694-4763-8767-2375dfdcbf3d.jpg\" loading=\"lazy\" title=\"Sebastian Mailat \u0219i Darius Olaru\" alt=\"Pleac\u0103 din Superliga dup\u0103 un sezon senza\u021bional \u00bb 500.000 de euro pentru fotbalistul care a marcat 15 goluri \u00een stagiunea trecut\u0103\" width=\"738\" height=\"502\"\/><\/p>\n<p>Sebastian Mailat \u0219i Darius Olaru<\/p>\n<p>Sebastian Mailat, vedeta celor de la FC Boto\u0219ani<\/p>\n<p>Mailat este la Boto\u0219ani din iulie 2025, fiind la a doua aventur\u0103 \u00een tab\u0103ra moldovenilor. A mai jucat pentru echipa lui Valeriu Iftime \u00eentre 2022 \u0219i 2024, \u00eenainte s\u0103 se transfere la Suwon Bluewings. A mai jucat \u00een cariera lui pentru LPS Banatul, ACS Poli Timi\u0219oara, CFR Cluj, Gaz Metan Media\u0219, FC Voluntari \u0219i Sepsi.<\/p>\n<p>Este cotat la un milion de euro, conform site-ului de specialitate transfermarkt.com. \u00cen acest start de sezon a jucat \u00een cele 3 meciuri ale moldovenilor \u00een campionatul intern. A marcat un gol \u0219i a oferit o pas\u0103 decisiv\u0103. <\/p>\n<p>Cum s-a mi\u0219cat FC Boto\u0219ani \u00een mercato: <\/p>\n<ul>\n<li>\n<p>Antrenor: Marius Croitoru (confirmat)<\/p>\n<\/li>\n<li>\n<p>Veniri: Mario Preda (FCSB U18), Ion Gur\u0103u (Bylis), Gabriel Gama da Silva (Al-Mesaimeer), Jovan Markovic (Farul), Mamadou Diarra (Erbil SC), Bayeye Brian Jephte (FC Villefranche)<\/p>\n<\/li>\n<li>\n<p>Reveniri: Codrin C\u0103r\u0103u\u0219u (R\u0103d\u0103u\u021bi), George Sorodoc (R\u0103d\u0103u\u021bi), Alberto Bra\u0219oveanu (Sighet)<\/p>\n<\/li>\n<li>\n<p>Plec\u0103ri: Friday Adams (U Cluj), Enzo L\u00f3pez (liber), Antonio Dumitru (liber), Luka Kukic (liber), Michael Pavlovic (liber), Alda\u00edr Ferreira (liber), Alexandru Bota (U Cluj), \u0218tefan P\u0103noiu (Concordia Chiajna),<\/p>\n<\/li>\n<\/ul>\n","protected":false},"excerpt":{"rendered":"Articol de Eduard Apostol, Alexandru Tomu\u021biu &#8211; Publicat miercuri, 05 august 2026, 20:12 \/ Actualizat miercuri, 05 august&hellip;\n","protected":false},"author":2,"featured_media":252381,"comment_status":"","ping_status":"","sticky":false,"template":"","format":"standard","meta":{"footnotes":"","_share_on_mastodon":"0"},"categories":[20],"tags":[69881,662,41,40,38,39,13250,185,184],"class_list":["post-252380","post","type-post","status-publish","format-standard","has-post-thumbnail","category-sport","tag-erzurumspor","tag-fc-botosani","tag-ro","tag-romana","tag-romania","tag-romanian","tag-sebastian-mailat","tag-sport","tag-sports"],"share_on_mastodon":{"url":"https:\/\/pubeurope.com\/@ro\/117044832382640998","error":""},"_links":{"self":[{"href":"https:\/\/www.europesays.com\/ro\/wp-json\/wp\/v2\/posts\/252380","targetHints":{"allow":["GET"]}}],"collection":[{"href":"https:\/\/www.europesays.com\/ro\/wp-json\/wp\/v2\/posts"}],"about":[{"href":"https:\/\/www.europesays.com\/ro\/wp-json\/wp\/v2\/types\/post"}],"author":[{"embeddable":true,"href":"https:\/\/www.europesays.com\/ro\/wp-json\/wp\/v2\/users\/2"}],"replies":[{"embeddable":true,"href":"https:\/\/www.europesays.com\/ro\/wp-json\/wp\/v2\/comments?post=252380"}],"version-history":[{"count":0,"href":"https:\/\/www.europesays.com\/ro\/wp-json\/wp\/v2\/posts\/252380\/revisions"}],"wp:featuredmedia":[{"embeddable":true,"href":"https:\/\/www.europesays.com\/ro\/wp-json\/wp\/v2\/media\/252381"}],"wp:attachment":[{"href":"https:\/\/www.europesays.com\/ro\/wp-json\/wp\/v2\/media?parent=252380"}],"wp:term":[{"taxonomy":"category","embeddable":true,"href":"https:\/\/www.europesays.com\/ro\/wp-json\/wp\/v2\/categories?post=252380"},{"taxonomy":"post_tag","embeddable":true,"href":"https:\/\/www.europesays.com\/ro\/wp-json\/wp\/v2\/tags?post=252380"}],"curies":[{"name":"wp","href":"https:\/\/api.w.org\/{rel}","templated":true}]}}