{"id":253939,"date":"2026-08-07T07:19:14","date_gmt":"2026-08-07T07:19:14","guid":{"rendered":"https:\/\/www.europesays.com\/ro\/253939\/"},"modified":"2026-08-07T07:19:14","modified_gmt":"2026-08-07T07:19:14","slug":"primul-jucator-out-de-la-cfr-cluj-dupa-0-5-cu-tromso","status":"publish","type":"post","link":"https:\/\/www.europesays.com\/ro\/253939\/","title":{"rendered":"Primul juc\u0103tor OUT de la CFR Cluj, dup\u0103 0-5 cu Tromso"},"content":{"rendered":"\n<ul class=\"bullets\">\n<li>\n<p>Liga 2: Unirea Slobozia &#8211; Gloria Bistri\u021ba, vineri, 18:00, DGS 1<\/p>\n<\/li>\n<li>\n<p>SuperLiga: UTA Arad &#8211; Rapid, vineri, 21:00, DGS 1<\/p>\n<\/li>\n<\/ul>\n<ul>\n<li>Golurile norvegienilor au fost marcate de Heine Larsen (minutele 5 \u0219i 20) \u0219i Isak Dahlqvist (27, 61 \u0219i 73)<\/li>\n<\/ul>\n<p>Dup\u0103 acest e\u0219ec ustur\u0103tor, patronul ardelenilor Ioan Varga, a\u0219a cum era de a\u0219teptat, <a href=\"https:\/\/www.digisport.ro\/fotbal\/liga-1\/lovitura-de-proportii-ioan-varga-gata-sa-renunte-la-cfr-si-sa-preia-alt-club-din-superliga-acolo-sunt-toate-conditiile-4418383\" target=\"_blank\" rel=\"noopener nofollow\" data-skip-linkfix=\"1\">a fost extrem de furios<\/a> \u0219i a anun\u021bat c\u0103 va face \u201dcur\u0103\u021benie\u201d la echip\u0103.\u00a0<\/p>\n<p>\u00cen reac\u021bia sa \u201dla cald\u201d dup\u0103 meci, omul de afaceri a anun\u021bat, \u00een mod indirect, primul juc\u0103tor pe care-l va da afar\u0103 de la echip\u0103.\u00a0<\/p>\n<p>Renato Pantalon, OUT de la CFR Cluj<\/p>\n<p>Ioan Varga a anun\u021bat, printr-o aluzie, c\u0103 funda\u0219ul central Renato Pantalon (28 de ani) va pleca de la CFR Cluj, dup\u0103 umilin\u021ba 0-5 cu Tromso.\u00a0<\/p>\n<p>De asemenea, patronul clujenilor a spus c\u0103-l d\u0103 afar\u0103 \u0219i pe antrenorul Antonio Folha (55 de ani), cel care a preluat echipa la \u00eenceputul acestui sezon.\u00a0<\/p>\n<p>\u201dScuz\u0103-m\u0103, dar sunt negru de sup\u0103rare! Mi-e greu s\u0103 vorbesc dup\u0103 a\u0219a umilin\u021b\u0103 \u0219i a\u0219a fotbal. Cur\u0103\u021b tot! O s\u0103 cur\u0103\u021b inclusiv `pantaloni`, antrenori \u0219i c\u00e2\u021biva dintre juc\u0103tori.<\/p>\n<p>Nu vreau s\u0103 dau nume la ora asta, dar o s\u0103 vede\u021bi c\u0103 o s\u0103 m\u0103 \u021bin de cuv\u00e2nt \u0219i chiar o s\u0103 fac cur\u0103\u021benie la CFR Cluj\u201d, a spus Ioan Varga, la <a href=\"https:\/\/www.fanatik.ro\/curat-tot-nelutu-varga-furios-dupa-umilinta-cfr-cluj-tromso-0-5-exclusiv-21518521\" target=\"_blank\" rel=\"noopener nofollow\" data-skip-linkfix=\"1\">Fanatik.\u00a0<\/a><\/p>\n<p>Renato Pantalon a fost transferat liber de contract de CFR Cluj \u00een aceast\u0103 var\u0103, dup\u0103 ce stoperul \u0219i-a \u00eencheiat angajamentul cu Jablonec, echipa care a terminat pe locul al 5-lea \u00een Cehia \u00een sezonul trecut.<\/p>\n<p>  <img decoding=\"async\" data-skip-htmlfix=\"1\" src=\"https:\/\/www.europesays.com\/ro\/wp-content\/uploads\/2026\/08\/OTRlYzJlNzYzYzdmMGEyYTdjMzE2OWZjOWM2MWRjZg==.thumb.jpg\" alt=\"pantalon\"\/>   Renato Pantalon (al treilea de la dreapta la st\u00e2nga) \/ Foto: Sport Pictures  Renato Pantalon a f\u0103cut mai multe gre\u0219eli \u00een ap\u0103rare<\/p>\n<p>Renato Pantalon a fost titularul lui CFR Cluj \u00een centrul defensivei \u00een acest start de sezon \u0219i a evoluat \u00een cinci partide pentru ardeleni. \u00cens\u0103, din nefericire pentru clujeni, croatul a avut presta\u021bii nesigure \u0219i s-a remarcat prin mai multe gre\u0219eli:\u00a0<\/p>\n<ul>\n<li>la golul de 1-0 marcat de Alashkert \u00een prima man\u0219\u0103 din turul al doilea preliminar al Conference League<\/li>\n<li>la cele dou\u0103 goluri marcate de Alex Dobre \u00een e\u0219ecul 1-3 cu Rapid, \u00een meciul din etapa a 3-a a SuperLigii<\/li>\n<\/ul>\n<p>\u00cen urma acestor gre\u0219eli, stoperul, cotat la 500.000 de euro potrivit Transfermarkt, o va p\u0103r\u0103si pe CFR Cluj \u0219i va fi nevoit s\u0103-\u0219i g\u0103seasc\u0103 o nou\u0103 echip\u0103.\u00a0<\/p>\n<p>CFR Cluj a avut o partid\u0103 de co\u0219mar pe plan defensiv \u00een meciul cu Tromso. Ardelenii au comis mai multe gre\u0219eli \u0219i le-au permis norvegienilor s\u0103 marcheze cu u\u0219urin\u021b\u0103.\u00a0Duelul cu Tromso a intrat \u00een istoria negativ\u0103 a clubului CFR: a fost cel mai drastic e\u015fec european suferit vreodat\u0103 pe teren propriu.\u00a0<\/p>\n<p>Meciul retur din Norvegia dintre Tromso \u0219i CFR Cluj este programat joi (13 august), de la ora 20:00, \u00eens\u0103 acesta va fi doar unul \u201dde palmares\u201d.\u00a0<\/p>\n<p>VIDEO Rezumat CFR Cluj &#8211; Tromso, scor 0-5VIDEO CFR Cluj &#8211; Tromso rez 060826, Conference League, turul 3 preliminar   <\/p>\n<p>  Etichete:  <a href=\"https:\/\/www.digisport.ro\/eticheta\/cfr-cluj\" rel=\"nofollow noopener\" target=\"_blank\">cfr cluj<\/a> , <a href=\"https:\/\/www.digisport.ro\/eticheta\/cfr\" rel=\"nofollow noopener\" target=\"_blank\">cfr<\/a> , <a href=\"https:\/\/www.digisport.ro\/eticheta\/tromso\" rel=\"nofollow noopener\" target=\"_blank\">tromso<\/a> , <a href=\"https:\/\/www.digisport.ro\/eticheta\/ioan-varga\" rel=\"nofollow noopener\" target=\"_blank\">ioan varga<\/a> , <a href=\"https:\/\/www.digisport.ro\/eticheta\/renato-pantalon\" rel=\"nofollow noopener\" target=\"_blank\">renato pantalon<\/a> , <a href=\"https:\/\/www.digisport.ro\/eticheta\/pantalon\" rel=\"nofollow noopener\" target=\"_blank\">pantalon<\/a>   <\/p>\n<p>Urm\u0103re\u0219te \u0219tirile digisport.ro \u0219i pe <a href=\"https:\/\/news.google.com\/publications\/CAAiENr1L9HFNMG5hpp5zTfVtpsqFAgKIhDa9S_RxTTBuYaaec031bab?ceid=RO:ro&amp;oc=3\" target=\"_blank\" rel=\"external nofollow noopener\">Google News<\/a><\/p>\n<p>   Noua Aplica\u0163ie Digi Sport poate fi desc\u0103rcat\u0103 din   <\/p>\n","protected":false},"excerpt":{"rendered":"Liga 2: Unirea Slobozia &#8211; Gloria Bistri\u021ba, vineri, 18:00, DGS 1 SuperLiga: UTA Arad &#8211; Rapid, vineri, 21:00,&hellip;\n","protected":false},"author":2,"featured_media":253940,"comment_status":"","ping_status":"","sticky":false,"template":"","format":"standard","meta":{"footnotes":"","_share_on_mastodon":"0"},"categories":[20],"tags":[6084,186,870,70252,61926,41,40,38,39,185,184,25419],"class_list":["post-253939","post","type-post","status-publish","format-standard","has-post-thumbnail","category-sport","tag-cfr","tag-cfr-cluj","tag-ioan-varga","tag-pantalon","tag-renato-pantalon","tag-ro","tag-romana","tag-romania","tag-romanian","tag-sport","tag-sports","tag-tromso"],"share_on_mastodon":{"url":"https:\/\/pubeurope.com\/@ro\/117053014828368633","error":""},"_links":{"self":[{"href":"https:\/\/www.europesays.com\/ro\/wp-json\/wp\/v2\/posts\/253939","targetHints":{"allow":["GET"]}}],"collection":[{"href":"https:\/\/www.europesays.com\/ro\/wp-json\/wp\/v2\/posts"}],"about":[{"href":"https:\/\/www.europesays.com\/ro\/wp-json\/wp\/v2\/types\/post"}],"author":[{"embeddable":true,"href":"https:\/\/www.europesays.com\/ro\/wp-json\/wp\/v2\/users\/2"}],"replies":[{"embeddable":true,"href":"https:\/\/www.europesays.com\/ro\/wp-json\/wp\/v2\/comments?post=253939"}],"version-history":[{"count":0,"href":"https:\/\/www.europesays.com\/ro\/wp-json\/wp\/v2\/posts\/253939\/revisions"}],"wp:featuredmedia":[{"embeddable":true,"href":"https:\/\/www.europesays.com\/ro\/wp-json\/wp\/v2\/media\/253940"}],"wp:attachment":[{"href":"https:\/\/www.europesays.com\/ro\/wp-json\/wp\/v2\/media?parent=253939"}],"wp:term":[{"taxonomy":"category","embeddable":true,"href":"https:\/\/www.europesays.com\/ro\/wp-json\/wp\/v2\/categories?post=253939"},{"taxonomy":"post_tag","embeddable":true,"href":"https:\/\/www.europesays.com\/ro\/wp-json\/wp\/v2\/tags?post=253939"}],"curies":[{"name":"wp","href":"https:\/\/api.w.org\/{rel}","templated":true}]}}