{"id":254929,"date":"2026-08-08T02:09:13","date_gmt":"2026-08-08T02:09:13","guid":{"rendered":"https:\/\/www.europesays.com\/ro\/254929\/"},"modified":"2026-08-08T02:09:13","modified_gmt":"2026-08-08T02:09:13","slug":"samsung-galaxy-s26-fe-primele-imagini-detaliate-specificatii-hardware-si-posibila-perioada-de-lansare","status":"publish","type":"post","link":"https:\/\/www.europesays.com\/ro\/254929\/","title":{"rendered":"Samsung Galaxy S26 FE \u2013 primele imagini detaliate, specifica\u0163ii hardware \u015fi posibil\u0103 perioad\u0103 de lansare"},"content":{"rendered":"<p class=\"wp-block-paragraph\">Samsung urmeaz\u0103 a lansa peste c\u00e2teva s\u0103pt\u0103m\u00e2ni smartphone-ul Samsung Galaxy S26 FE, cel care va \u00eenchide cu succes seria de telefoane Samsung Galaxy S26.<\/p>\n<p class=\"wp-block-paragraph\">Acesta a ap\u0103rut recent \u00een primele imagini detaliate, unele care par a fi luate din kit-ul de pres\u0103 al companiei sud-coreene. Samsung Galaxy S26 FE va fi disponibil \u00een 3 variante de culoare astfel:<\/p>\n<p><img fetchpriority=\"high\" decoding=\"async\" width=\"1200\" height=\"693\" src=\"https:\/\/www.europesays.com\/ro\/wp-content\/uploads\/2026\/08\/Samsung-Galaxy-S26-FE.jpg\" alt=\"\" class=\"wp-image-387511\"  \/><\/p>\n<p class=\"wp-block-paragraph\">Dup\u0103 cum pute\u0163i vedea, noul device este un copy-paste la nivel estetic dup\u0103 <a href=\"https:\/\/gadget.ro\/samsung-galaxy-s26-si-galaxy-s26-specificatii-galerie-de-imagini-si-pret-in-romania-la-precomanda\/\" rel=\"nofollow noopener\" target=\"_blank\">Samsung Galaxy S26,<\/a> deci dac\u0103 v\u0103 a\u015ftepta\u0163i la altceva, mare dezam\u0103gire pe voi.<\/p>\n<p class=\"wp-block-paragraph\">Din punct de vedere hardware, se spune c\u0103 Samsung Galaxy S26 FE va veni echipat cu:<\/p>\n<p><img loading=\"lazy\" decoding=\"async\" width=\"900\" height=\"900\" src=\"https:\/\/www.europesays.com\/ro\/wp-content\/uploads\/2026\/08\/Samsung-Galaxy-S26-FE-2.jpg\" alt=\"\" class=\"wp-image-387512\"  \/><\/p>\n<ul class=\"wp-block-list\">\n<li>display OLED de 6.7 inch, rezolu\u021bie FHD+, rat\u0103 maxim\u0103 de refresh 120Hz;<\/li>\n<li>procesor octa-core Exynos 2500 pe 3nm, 10 nuclee cu 1 x 3.3GHz Cortex-X5 + 2 x 2.74GHz Cortex-A725 + 5 x 2.36GHz Cortex-A725 + 2 x 1.8GHz Cortex-A520;<\/li>\n<li>minim 8 GB RAM;<\/li>\n<li>p\u00e2n\u0103 la 512 GB spa\u0163iu de stocare;<\/li>\n<li>camer\u0103 foto tripl\u0103 cu senzor wide de 50 Megapixeli cu OIS + senzor ultrawide de 12 Megapixeli + senzor telephoto de 8 Megapixeli cu zoom optic 3x \u015fi OIS;<\/li>\n<li>camer\u0103 frontal\u0103 de 12 Megapixeli;<\/li>\n<li>baterie de 5000 mAh cu \u00eenc\u0103rcare rapid\u0103 pe fir la 45W;<\/li>\n<li>certificare IP68.<\/li>\n<\/ul>\n<p class=\"wp-block-paragraph\">Samsung Galaxy S26 FE va veni din fabric\u0103 cu interfa\u0163a One UI 9 bazat\u0103 pe Android 17 \u015fi va primi 7 actualiz\u0103ri software majore. Smartphone-ul ar putea fi lansat oficial \u00een cadrul IFA Berlin 2026, eveniment ce va avea loc \u00een perioada 4 \u2013 8 septembrie.<\/p>\n<p><img loading=\"lazy\" decoding=\"async\" width=\"600\" height=\"900\" src=\"https:\/\/www.europesays.com\/ro\/wp-content\/uploads\/2026\/08\/Samsung-Galaxy-S26-FE-3.jpg\" alt=\"\" class=\"wp-image-387513\"  \/><\/p>\n<p>Sursa: <a href=\"https:\/\/www.androidheadlines.com\/samsung-galaxy-s26-fe\" rel=\"nofollow noopener\" target=\"_blank\">androidheadlines.com<\/a><\/p>\n","protected":false},"excerpt":{"rendered":"Samsung urmeaz\u0103 a lansa peste c\u00e2teva s\u0103pt\u0103m\u00e2ni smartphone-ul Samsung Galaxy S26 FE, cel care va \u00eenchide cu succes&hellip;\n","protected":false},"author":2,"featured_media":254930,"comment_status":"","ping_status":"","sticky":false,"template":"","format":"standard","meta":{"footnotes":"","_share_on_mastodon":"0"},"categories":[16],"tags":[5214,70522,70523,41,40,38,39,163,9735,41494,141,124],"class_list":["post-254929","post","type-post","status-publish","format-standard","has-post-thumbnail","category-tehnologie","tag-bursa-zvonurilor","tag-ifa-berlin","tag-lansare-samsung-galaxy-s26-fe","tag-ro","tag-romana","tag-romania","tag-romanian","tag-samsung","tag-samsung-galaxy-s26","tag-samsung-galaxy-s26-fe","tag-technology","tag-tehnologie"],"share_on_mastodon":{"url":"https:\/\/pubeurope.com\/@ro\/117057458784385204","error":""},"_links":{"self":[{"href":"https:\/\/www.europesays.com\/ro\/wp-json\/wp\/v2\/posts\/254929","targetHints":{"allow":["GET"]}}],"collection":[{"href":"https:\/\/www.europesays.com\/ro\/wp-json\/wp\/v2\/posts"}],"about":[{"href":"https:\/\/www.europesays.com\/ro\/wp-json\/wp\/v2\/types\/post"}],"author":[{"embeddable":true,"href":"https:\/\/www.europesays.com\/ro\/wp-json\/wp\/v2\/users\/2"}],"replies":[{"embeddable":true,"href":"https:\/\/www.europesays.com\/ro\/wp-json\/wp\/v2\/comments?post=254929"}],"version-history":[{"count":0,"href":"https:\/\/www.europesays.com\/ro\/wp-json\/wp\/v2\/posts\/254929\/revisions"}],"wp:featuredmedia":[{"embeddable":true,"href":"https:\/\/www.europesays.com\/ro\/wp-json\/wp\/v2\/media\/254930"}],"wp:attachment":[{"href":"https:\/\/www.europesays.com\/ro\/wp-json\/wp\/v2\/media?parent=254929"}],"wp:term":[{"taxonomy":"category","embeddable":true,"href":"https:\/\/www.europesays.com\/ro\/wp-json\/wp\/v2\/categories?post=254929"},{"taxonomy":"post_tag","embeddable":true,"href":"https:\/\/www.europesays.com\/ro\/wp-json\/wp\/v2\/tags?post=254929"}],"curies":[{"name":"wp","href":"https:\/\/api.w.org\/{rel}","templated":true}]}}