{"id":255343,"date":"2026-08-08T11:16:12","date_gmt":"2026-08-08T11:16:12","guid":{"rendered":"https:\/\/www.europesays.com\/ro\/255343\/"},"modified":"2026-08-08T11:16:12","modified_gmt":"2026-08-08T11:16:12","slug":"dji-pregateste-osmo-360-ii-pentru-13-august-baterie-mai-mare-si-posibil-8k-la-60-fps","status":"publish","type":"post","link":"https:\/\/www.europesays.com\/ro\/255343\/","title":{"rendered":"DJI preg\u0103te\u0219te Osmo 360 II pentru 13 august; baterie mai mare \u0219i posibil 8K la 60 fps"},"content":{"rendered":"<p><a href=\"https:\/\/www.mobilissimo.ro\/stiri-despre\/DJI\" target=\"_blank\" rel=\"nofollow noopener\">DJI<\/a> pare gata s\u0103 mai fac\u0103 un pas \u00een zona camerelor 360, iar de data asta nu \u00eencearc\u0103 s\u0103 reinventeze totul. Osmo 360 II se apropie de lansare, iar primele teasere oficiale arat\u0103 c\u0103 avem de-a face mai degrab\u0103 cu o evolu\u021bie a modelului actual dec\u00e2t cu o schimbare radical\u0103.<\/p>\n<p>Compania a publicat pe site-ul din Hong Kong o pagin\u0103 cu mesajul \u201eAll Angles. All Epic\u201d, iar lansarea este programat\u0103 pentru 13 august 2026, la 12:00 GMT. Un teaser de pe Instagram las\u0103 s\u0103 se \u00een\u021beleag\u0103 c\u0103 rezerv\u0103rile sau precomenzile ar putea \u00eencepe chiar mai devreme, iar clipurile promo\u021bionale pun accent pe film\u0103ri 360 \u00een mi\u0219care, de la mountain biking \u0219i dans p\u00e2n\u0103 la schi.<\/p>\n<p><a href=\"https:\/\/www.mobilissimo.ro\/imgs\/uploaded\/images\/4\/DJI Osmo 360 II main.jpg\" target=\"_blank\" rel=\"nofollow noopener\"><img decoding=\"async\" alt=\"\" src=\"https:\/\/www.europesays.com\/ro\/wp-content\/uploads\/2026\/08\/DJI Osmo 360 II main.jpg\" style=\"height:333px; width:592px\"\/><\/a><\/p>\n<p>La capitolul hardware, <a href=\"https:\/\/www.mobilissimo.ro\/stiri-despre\/DJI\" target=\"_blank\" rel=\"nofollow noopener\">DJI<\/a> nu a dezv\u0103luit \u00eenc\u0103 toate specifica\u021biile, dar exist\u0103 c\u00e2teva indicii interesante. Modelul actual ofer\u0103 deja filmare 8K la 50 fps, 6K la 60 fps \u0219i fotografii panoramice de 120 MP. Pentru succesor se vorbe\u0219te despre o baterie de 2.150 mAh, fa\u021b\u0103 de 1.950 mAh pe prima genera\u021bie, dar \u0219i despre posibilitatea de a urca la 8K la 60 fps. Mai apare \u0219i suport NFC pentru \u00eemperechere mai rapid\u0103.<\/p>\n<p>Designul pare s\u0103 r\u0103m\u00e2n\u0103 familiar, ceea ce nu este neap\u0103rat un lucru r\u0103u. DJI pare s\u0103 prefere s\u0103 rafineze formula existent\u0103 \u0219i s\u0103 lucreze la autonomie, vitez\u0103 \u0219i u\u0219urin\u021ba de utilizare. Singura necunoscut\u0103 mai mare \u021bine de disponibilitate, mai ales \u00een SUA, unde <a href=\"https:\/\/www.mobilissimo.ro\/stiri-diverse\/sua-interzice-dronele-dji-ce-consecinte-sunt\" target=\"_blank\" rel=\"nofollow noopener\">restric\u021biile impuse asupra produselor DJI<\/a> complic\u0103 deja lans\u0103rile.<\/p>\n<p>Pe 13 august afl\u0103m exact c\u00e2t de mare este saltul fa\u021b\u0103 de prima genera\u021bie. Dac\u0103 8K la 60 fps \u0219i bateria mai mare se confirm\u0103, Osmo 360 II ar putea fi un upgrade serios pentru cei care filmeaz\u0103 mult \u00een mi\u0219care \u0219i vor ceva compact, dar f\u0103r\u0103 prea multe compromisuri.<\/p>\n","protected":false},"excerpt":{"rendered":"DJI pare gata s\u0103 mai fac\u0103 un pas \u00een zona camerelor 360, iar de data asta nu \u00eencearc\u0103&hellip;\n","protected":false},"author":2,"featured_media":255344,"comment_status":"","ping_status":"","sticky":false,"template":"","format":"standard","meta":{"footnotes":"","_share_on_mastodon":"0"},"categories":[16],"tags":[70661,70660,70663,235,70662,70610,41,40,38,39,141,124],"class_list":["post-255343","post","type-post","status-publish","format-standard","has-post-thumbnail","category-tehnologie","tag-8k-60-fps","tag-camera-360","tag-camera-panoramica","tag-dji","tag-dji-2026","tag-dji-osmo-360-ii","tag-ro","tag-romana","tag-romania","tag-romanian","tag-technology","tag-tehnologie"],"share_on_mastodon":{"url":"https:\/\/pubeurope.com\/@ro\/117059609390319670","error":""},"_links":{"self":[{"href":"https:\/\/www.europesays.com\/ro\/wp-json\/wp\/v2\/posts\/255343","targetHints":{"allow":["GET"]}}],"collection":[{"href":"https:\/\/www.europesays.com\/ro\/wp-json\/wp\/v2\/posts"}],"about":[{"href":"https:\/\/www.europesays.com\/ro\/wp-json\/wp\/v2\/types\/post"}],"author":[{"embeddable":true,"href":"https:\/\/www.europesays.com\/ro\/wp-json\/wp\/v2\/users\/2"}],"replies":[{"embeddable":true,"href":"https:\/\/www.europesays.com\/ro\/wp-json\/wp\/v2\/comments?post=255343"}],"version-history":[{"count":0,"href":"https:\/\/www.europesays.com\/ro\/wp-json\/wp\/v2\/posts\/255343\/revisions"}],"wp:featuredmedia":[{"embeddable":true,"href":"https:\/\/www.europesays.com\/ro\/wp-json\/wp\/v2\/media\/255344"}],"wp:attachment":[{"href":"https:\/\/www.europesays.com\/ro\/wp-json\/wp\/v2\/media?parent=255343"}],"wp:term":[{"taxonomy":"category","embeddable":true,"href":"https:\/\/www.europesays.com\/ro\/wp-json\/wp\/v2\/categories?post=255343"},{"taxonomy":"post_tag","embeddable":true,"href":"https:\/\/www.europesays.com\/ro\/wp-json\/wp\/v2\/tags?post=255343"}],"curies":[{"name":"wp","href":"https:\/\/api.w.org\/{rel}","templated":true}]}}