{"id":256628,"date":"2026-08-09T14:59:10","date_gmt":"2026-08-09T14:59:10","guid":{"rendered":"https:\/\/www.europesays.com\/ro\/256628\/"},"modified":"2026-08-09T14:59:10","modified_gmt":"2026-08-09T14:59:10","slug":"samsung-a-dezvaluit-seria-galaxy-tab-s12-cu-design-notch-cip-dimensity-9500-si-baterie-de-11-600-mah","status":"publish","type":"post","link":"https:\/\/www.europesays.com\/ro\/256628\/","title":{"rendered":"Samsung a dezv\u0103luit seria Galaxy Tab S12 cu design notch, cip Dimensity 9500 \u0219i baterie de 11.600 mAh."},"content":{"rendered":"<p>Primele rand\u0103ri clare ale tabletelor de top <a class=\"data-link\" data-org-href=\"https:\/\/www.vietnam.vn\/ro\/tag\/samsung\" href=\"https:\/\/www.vietnam.vn\/ro\/tag\/samsung\" title=\"Samsung\" target=\"_blank\" rel=\"nofollow noopener\">Samsung<\/a> Galaxy Tab S12 Series tocmai au fost dezv\u0103luite oficial. Conform informa\u021biilor scurse, Galaxy Tab S12+ \u0219i Galaxy Tab S12 Ultra ofer\u0103 \u00eembun\u0103t\u0103\u021biri semnificative \u00een ceea ce prive\u0219te procesorul, capacitatea bateriei \u0219i un limbaj de design optimizat pentru experien\u021ba de afi\u0219are. <\/p>\n<p><img decoding=\"async\" style=\"cursor:pointer\" src=\"https:\/\/www.europesays.com\/ro\/wp-content\/uploads\/2026\/08\/1786280165681_img_69480d88.jpeg\" alt=\"S-au scurs imagini cu imaginile de pe Galaxy Tab S12\"\/> S-au scurs imagini cu imaginile de pe Galaxy Tab S12 Limbaj de design optimizat \u0219i crest\u0103tur\u0103 distinctiv\u0103.<\/p>\n<p> Pe baza imaginilor scurse, Samsung a optat pentru men\u021binerea limbajului de design de succes al predecesorilor s\u0103i. Ramele ecranului ambelor versiuni au fost reduse la minimum, maximiz\u00e2nd suprafa\u021ba de afi\u0219are, asigur\u00e2nd \u00een acela\u0219i timp o senza\u021bie solid\u0103 \u00een m\u00e2n\u0103.<\/p>\n<p> \u00cen mod special, modelul de top Galaxy Tab S12 Ultra p\u0103streaz\u0103 crest\u0103tura din partea superioar\u0103 a ecranului. Aceast\u0103 decizie permite dispozitivului s\u0103 g\u0103zduiasc\u0103 o configura\u021bie de \u00eenalt\u0103 calitate cu dou\u0103 camere selfie, maximiz\u00e2nd utilizarea sa pentru \u00eent\u00e2lniri online \u0219i apeluri <a class=\"data-link\" data-org-href=\"https:\/\/www.vietnam.vn\/ro\/category\/video\" href=\"https:\/\/www.vietnam.vn\/ro\/category\/video\" title=\"video\" target=\"_blank\" rel=\"nofollow noopener\">video<\/a> de \u00eenalt\u0103 rezolu\u021bie, \u00een loc s\u0103 o sacrifice cu o camer\u0103 sub ecran. <\/p>\n<p><img decoding=\"async\" style=\"cursor:pointer\" src=\"https:\/\/www.europesays.com\/ro\/wp-content\/uploads\/2026\/08\/1786280166882_img_c4e1ddbe.jpeg\" alt=\"Noile tablete Samsung vor avea rame ultra-sub\u021biri.\"\/> Noile tablete Samsung vor avea rame ultra-sub\u021biri.<\/p>\n<p>S-ar putea s\u0103 v\u0103 plac\u0103 \u0219i<\/p>\n<p> \u00cen ceea ce prive\u0219te capacit\u0103\u021bile de afi\u0219are, Galaxy Tab S12+ dispune de un ecran Dynamic AMOLED 2X de 12,4 inci cu o rat\u0103 de re\u00eemprosp\u0103tare de 120 Hz. \u00centre timp, Galaxy Tab S12 Ultra \u00ee\u0219i men\u021bine statutul de tablet\u0103 de dimensiuni mari, cu un ecran de 14,6 inci, oferind un spa\u021biu superior de multitasking \u0219i divertisment. Noua linie de produse este \u00eenso\u021bit\u0103 de un set exclusiv de imagini de fundal cu tonuri dominante de albastru \u0219i violet, \u00eempreun\u0103 cu un logo \u201eS\u201d stilizat.<\/p>\n<p> Putere de la cipul Dimensity 9500 \u0219i o autonomie impresionant\u0103 a bateriei.<\/p>\n<p> Configura\u021bia hardware marcheaz\u0103 o schimbare semnificativ\u0103, deoarece Samsung echipeaz\u0103 ambele modele de tablete cu procesorul MediaTek Dimensity 9500. Acest chipset de nou\u0103 genera\u021bie promite performan\u021be de procesare grafic\u0103 GPU semnificativ \u00eembun\u0103t\u0103\u021bite, precum \u0219i sarcini de inteligen\u021b\u0103 artificial\u0103 (IA), rul\u00e2nd f\u0103r\u0103 probleme pe interfa\u021ba One UI 9. <\/p>\n<p><img decoding=\"async\" style=\"cursor:pointer\" src=\"https:\/\/www.europesays.com\/ro\/wp-content\/uploads\/2026\/08\/1786280168473_img_22bf6ff3.jpeg\" alt=\"Galaxy Tab S12 va fi lansat \u00een cur\u00e2nd.\"\/> Galaxy Tab S12 va fi lansat \u00een cur\u00e2nd.<\/p>\n<p> Pentru a satisface cerin\u021bele func\u021bion\u0103rii continue, capacitatea bateriei acestui duo este, de asemenea, impresionant\u0103. Versiunea Tab S12+ are o baterie de 10.600 mAh, \u00een timp ce Tab S12 Ultra se m\u00e2ndre\u0219te cu o baterie de 11.600 mAh, asigur\u00e2nd un timp lung de utilizare pentru sarcini solicitante.<\/p>\n<p> Tabel comparativ al specifica\u021biilor tehnice a\u0219teptate<\/p>\n<p>S-ar putea s\u0103 v\u0103 plac\u0103 \u0219i<\/p>\n<tr> Parametru Galaxy Tab S12+ Galaxy Tab S12 Ultra<\/tr>\n<tr>\n<td> Ecran<\/td>\n<td> 12,4 inci, AMOLED dinamic 2X, 120Hz<\/td>\n<td> 14,6 inci, AMOLED dinamic 2X, 120Hz<\/td>\n<\/tr>\n<tr>\n<td> Design frontal<\/td>\n<td> Margini sub\u021biri \u0219i uniforme<\/td>\n<td> Rame sub\u021biri, cu o crest\u0103tur\u0103.<\/td>\n<\/tr>\n<tr>\n<td> Microprocesoare<\/td>\n<td> MediaTek Dimensiunea 9500<\/td>\n<td> MediaTek Dimensiunea 9500<\/td>\n<\/tr>\n<tr>\n<td> Capacitatea bateriei<\/td>\n<td> 10.600 mAh<\/td>\n<td> 11.600 mAh<\/td>\n<\/tr>\n<tr>\n<td> Sistem de operare<\/td>\n<td> O singur\u0103 interfa\u021b\u0103 utilizator 9<\/td>\n<td> O singur\u0103 interfa\u021b\u0103 utilizator 9<\/td>\n<\/tr>\n<tr>\n<td> Op\u021biuni de culoare<\/td>\n<td> Gri, Argintiu<\/td>\n<td> Gri, Argintiu<\/td>\n<\/tr>\n<p> Seria Galaxy Tab S12 este a\u0219teptat\u0103 s\u0103 fie lansat\u0103 oficial \u00een septembrie, \u00een dou\u0103 op\u021biuni de culoare: gri \u0219i argintiu.<\/p>\n<p class=\"mb-0\"> Surs\u0103: https:\/\/baonghean.vn\/samsung-galaxy-tab-s12-series-lo-dien-thiet-design-tai-tho-chip-dimensionity-9500-va-pin-11600-mah-10347622.html<\/p>\n","protected":false},"excerpt":{"rendered":"Primele rand\u0103ri clare ale tabletelor de top Samsung Galaxy Tab S12 Series tocmai au fost dezv\u0103luite oficial. Conform&hellip;\n","protected":false},"author":2,"featured_media":256629,"comment_status":"","ping_status":"","sticky":false,"template":"","format":"standard","meta":{"footnotes":"","_share_on_mastodon":"0"},"categories":[16],"tags":[71076,71077,69024,41,40,38,39,71075,141,124],"class_list":["post-256628","post","type-post","status-publish","format-standard","has-post-thumbnail","category-tehnologie","tag-dimensiunea-9500","tag-galaxy-tab-s12","tag-galaxy-tab-s12-ultra","tag-ro","tag-romana","tag-romania","tag-romanian","tag-tablete-samsung","tag-technology","tag-tehnologie"],"share_on_mastodon":{"url":"https:\/\/pubeurope.com\/@ro\/117066148546351474","error":""},"_links":{"self":[{"href":"https:\/\/www.europesays.com\/ro\/wp-json\/wp\/v2\/posts\/256628","targetHints":{"allow":["GET"]}}],"collection":[{"href":"https:\/\/www.europesays.com\/ro\/wp-json\/wp\/v2\/posts"}],"about":[{"href":"https:\/\/www.europesays.com\/ro\/wp-json\/wp\/v2\/types\/post"}],"author":[{"embeddable":true,"href":"https:\/\/www.europesays.com\/ro\/wp-json\/wp\/v2\/users\/2"}],"replies":[{"embeddable":true,"href":"https:\/\/www.europesays.com\/ro\/wp-json\/wp\/v2\/comments?post=256628"}],"version-history":[{"count":0,"href":"https:\/\/www.europesays.com\/ro\/wp-json\/wp\/v2\/posts\/256628\/revisions"}],"wp:featuredmedia":[{"embeddable":true,"href":"https:\/\/www.europesays.com\/ro\/wp-json\/wp\/v2\/media\/256629"}],"wp:attachment":[{"href":"https:\/\/www.europesays.com\/ro\/wp-json\/wp\/v2\/media?parent=256628"}],"wp:term":[{"taxonomy":"category","embeddable":true,"href":"https:\/\/www.europesays.com\/ro\/wp-json\/wp\/v2\/categories?post=256628"},{"taxonomy":"post_tag","embeddable":true,"href":"https:\/\/www.europesays.com\/ro\/wp-json\/wp\/v2\/tags?post=256628"}],"curies":[{"name":"wp","href":"https:\/\/api.w.org\/{rel}","templated":true}]}}