{"id":257849,"date":"2026-08-10T16:10:10","date_gmt":"2026-08-10T16:10:10","guid":{"rendered":"https:\/\/www.europesays.com\/ro\/257849\/"},"modified":"2026-08-10T16:10:10","modified_gmt":"2026-08-10T16:10:10","slug":"sony-xperia-1-ix-apare-deja-in-baza-gsma-flagship-ul-din-2027-are-si-varianta-pentru-europa","status":"publish","type":"post","link":"https:\/\/www.europesays.com\/ro\/257849\/","title":{"rendered":"Sony Xperia 1 IX apare deja \u00een baza GSMA: flagship-ul din 2027 are \u0219i variant\u0103 pentru Europa"},"content":{"rendered":"<p>Sony pare s\u0103 fi \u00eenceput deja lucrul la Xperia 1 IX, de\u0219i Xperia 1 VIII abia s-a instalat pe pia\u021b\u0103. Trei modele noi &#8211; XQ-HH44, XQ-HH54 \u0219i XQ-HH74 &#8211; au fost <a href=\"https:\/\/www.gizmochina.com\/2026\/08\/10\/sony-xperia-1-ix-spotted-in-gsmas-imei-database-with-three-distinct-models\/\" rel=\"nofollow noopener noreferrer\" target=\"_blank\">\u00eenregistrate \u00een baza de date IMEI a GSMA<\/a> pe 4 august \u0219i se potrivesc tiparului folosit de <a href=\"https:\/\/www.mobilissimo.ro\/stiri-despre\/Sony\" target=\"_blank\" rel=\"nofollow noopener\">Sony<\/a> pentru seria Xperia 1. Litera \u201eH\u201d indic\u0103 genera\u021bia 2027, astfel c\u0103 avem primul indiciu destul de serios despre viitorul flagship Xperia. Nu avem \u00eenc\u0103 specifica\u021bii, imagini sau o confirmare oficial\u0103 a numelui, deci a\u0219 p\u0103stra totu\u0219i Xperia 1 IX \u00een zona de \u201efoarte probabil\u201d.<\/p>\n<p style=\"text-align:center\"><a href=\"https:\/\/www.europesays.com\/ro\/wp-content\/uploads\/2026\/08\/09_xperia_02.jpg\" target=\"_blank\"><img decoding=\"async\" alt=\"\" src=\"https:\/\/www.europesays.com\/ro\/wp-content\/uploads\/2026\/08\/09_xperia_02.jpg\" style=\"height:108px; width:592px\"\/><\/a><\/p>\n<p>Cele trei coduri ne spun \u00eens\u0103 c\u00e2te ceva. XQ-HH44 ar fi varianta pentru Japonia, XQ-HH54 cea destinat\u0103 Europei, iar XQ-HH74 ar urma s\u0103 ajung\u0103 pe alte pie\u021be, inclusiv \u00een zona Greater China. Existen\u021ba unei versiuni europene mi se pare poate cel mai util detaliu acum, mai ales c\u0103 disponibilitatea telefoanelor Sony a devenit tot mai restr\u00e2ns\u0103 \u00een ultimii ani. Actualul <a href=\"https:\/\/www.mobilissimo.ro\/articole-telefoane\/sony-xperia-1-viii-acum-oficial\" target=\"_blank\" rel=\"nofollow noopener\">Xperia 1 VIII a fost lansat \u00een mai 2026<\/a>, p\u0103str\u00e2nd formula destul de atipic\u0103 a seriei: flagship puternic, camer\u0103 serioas\u0103, slot microSD \u0219i chiar jack audio de 3,5 mm. Sony \u00eenc\u0103 face telefoane pentru un public foarte specific \u0219i, aparent, nu se gr\u0103be\u0219te s\u0103 abandoneze re\u021beta.<\/p>\n<p style=\"text-align:center\"><a href=\"https:\/\/www.europesays.com\/ro\/wp-content\/uploads\/2026\/08\/x21.jpg\" target=\"_blank\"><img decoding=\"async\" alt=\"\" src=\"https:\/\/www.europesays.com\/ro\/wp-content\/uploads\/2026\/08\/x21.jpg\" style=\"height:340px; width:592px\"\/><\/a><\/p>\n<p>Mi-a atras aten\u021bia \u0219i momentul apari\u021biei acestor coduri. Xperia 1 VIII intrase \u00een aceea\u0219i baz\u0103 abia \u00een noiembrie 2025, iar <a href=\"https:\/\/www.mobilissimo.ro\/stiri-telefoane\/sony-xperia-1-vii-este-acum-oficial\" rel=\"nofollow noopener\" target=\"_blank\">Xperia 1 VII<\/a> fusese reperat \u00een octombrie 2024. Acum suntem doar \u00een august, dar asta nu \u00eenseamn\u0103 automat c\u0103 Xperia 1 IX va fi lansat mai devreme. \u00cenregistr\u0103rile IMEI pot ap\u0103rea \u00een momente diferite ale dezvolt\u0103rii unui produs. Pentru mine, informa\u021bia mai important\u0103 este alta: la doar c\u00e2teva luni dup\u0103 Xperia 1 VIII, Sony are deja preg\u0103tite identificatoare pentru genera\u021bia urm\u0103toare.<\/p>\n<p>Despre hardware \u00eenc\u0103 nu avem ce povesti \u0219i prefer s\u0103 r\u0103m\u00e2n\u0103 a\u0219a dec\u00e2t s\u0103 umplem spa\u021biul cu presupuneri despre procesor, camere sau baterie. Sunt curioas\u0103 mai ales dac\u0103 <a href=\"https:\/\/www.mobilissimo.ro\/stiri-despre\/Sony\" target=\"_blank\" rel=\"nofollow noopener\">Sony<\/a> va p\u0103stra lucrurile care fac seria Xperia at\u00e2t de diferit\u0103 \u00eentr-o pia\u021b\u0103 \u00een care telefoanele premium \u00eencep s\u0103 semene tot mai mult \u00eentre ele. P\u00e2n\u0103 acum, apari\u021bia lui Xperia 1 IX \u00een baza IMEI ne spune dou\u0103 lucruri concrete: proiectul pentru 2027 pare s\u0103 fie deja \u00een mi\u0219care \u0219i exist\u0103 din nou un cod dedicat Europei. Pentru un brand despre care reapare periodic \u00eentrebarea \u201emai continu\u0103 Sony cu telefoanele?\u201d, nu e chiar un detaliu mic.<\/p>\n","protected":false},"excerpt":{"rendered":"Sony pare s\u0103 fi \u00eenceput deja lucrul la Xperia 1 IX, de\u0219i Xperia 1 VIII abia s-a instalat&hellip;\n","protected":false},"author":2,"featured_media":257850,"comment_status":"","ping_status":"","sticky":false,"template":"","format":"standard","meta":{"footnotes":"","_share_on_mastodon":"0"},"categories":[16],"tags":[71387,41,40,38,39,164,71385,71383,141,124,71386,71384,33962],"class_list":["post-257849","post","type-post","status-publish","format-standard","has-post-thumbnail","category-tehnologie","tag-flagship-2027","tag-ro","tag-romana","tag-romania","tag-romanian","tag-sony","tag-sony-xperia","tag-sony-xperia-1-ix","tag-technology","tag-tehnologie","tag-telefoane-sony","tag-xperia-1-ix","tag-xperia-1-viii"],"share_on_mastodon":{"url":"https:\/\/pubeurope.com\/@ro\/117072090057007421","error":""},"_links":{"self":[{"href":"https:\/\/www.europesays.com\/ro\/wp-json\/wp\/v2\/posts\/257849","targetHints":{"allow":["GET"]}}],"collection":[{"href":"https:\/\/www.europesays.com\/ro\/wp-json\/wp\/v2\/posts"}],"about":[{"href":"https:\/\/www.europesays.com\/ro\/wp-json\/wp\/v2\/types\/post"}],"author":[{"embeddable":true,"href":"https:\/\/www.europesays.com\/ro\/wp-json\/wp\/v2\/users\/2"}],"replies":[{"embeddable":true,"href":"https:\/\/www.europesays.com\/ro\/wp-json\/wp\/v2\/comments?post=257849"}],"version-history":[{"count":0,"href":"https:\/\/www.europesays.com\/ro\/wp-json\/wp\/v2\/posts\/257849\/revisions"}],"wp:featuredmedia":[{"embeddable":true,"href":"https:\/\/www.europesays.com\/ro\/wp-json\/wp\/v2\/media\/257850"}],"wp:attachment":[{"href":"https:\/\/www.europesays.com\/ro\/wp-json\/wp\/v2\/media?parent=257849"}],"wp:term":[{"taxonomy":"category","embeddable":true,"href":"https:\/\/www.europesays.com\/ro\/wp-json\/wp\/v2\/categories?post=257849"},{"taxonomy":"post_tag","embeddable":true,"href":"https:\/\/www.europesays.com\/ro\/wp-json\/wp\/v2\/tags?post=257849"}],"curies":[{"name":"wp","href":"https:\/\/api.w.org\/{rel}","templated":true}]}}