{"id":259043,"date":"2026-08-11T17:29:12","date_gmt":"2026-08-11T17:29:12","guid":{"rendered":"https:\/\/www.europesays.com\/ro\/259043\/"},"modified":"2026-08-11T17:29:12","modified_gmt":"2026-08-11T17:29:12","slug":"plecari-de-la-corvinul-nu-pot-sta-in-calea-fericirii-lor","status":"publish","type":"post","link":"https:\/\/www.europesays.com\/ro\/259043\/","title":{"rendered":"Plec\u0103ri de la Corvinul: \u201eNu pot sta \u00een calea fericirii lor\u201d"},"content":{"rendered":"<p>\n            Articol de <a rel=\"author nofollow noopener\" href=\"https:\/\/www.gsp.ro\/autor\/alexandru-tomutiu-3976.html\" target=\"_blank\">Alexandru Tomu\u021biu<\/a>            &#8211; Publicat luni, 10 august 2026 20:52            \/ Actualizat luni, 10 august 2026 20:53                    <\/p>\n<p>Dup\u0103 remiza dintre <a target=\"_self\" class=\"editor-link\" href=\"https:\/\/www.gsp.ro\/fotbal\/liga-1\/fc-botosani-corvinul-hunedoara-superliga-live-968628.html\" rel=\"nofollow noopener\">FC Boto\u0219ani &#8211; Corvinul Hunedoara<\/a>, scor 0-0, Florin Maxim (45 de ani), antrenorul oaspe\u021bilor, a declarat c\u0103 rezultatul este unul meritat.<\/p>\n<p class=\"do-not-hide\">Dup\u0103 meci, Florim Maxim a spus c\u0103 este mul\u021bumit de rezultat, \u00eens\u0103 consider\u0103 c\u0103 echipa lui poate mult mai mult. Sper\u0103 c\u0103 jocul Corvinului va cre\u0219te de la un meci la altul. <\/p>\n<p>Florin Maxim, dup\u0103 Boto\u0219ani &#8211; Corvinul: \u201eAm preten\u021bii mai mari\u201d<\/p>\n<p>\u201eAm avut situa\u021biile mai clare, trebuia s\u0103 avem mai mult\u0103 \u00eencredere pe construc\u021bie, dar \u00eenv\u0103\u021b\u0103m din gre\u0219elile astea. Le-am zis \u0219i b\u0103ie\u021bilor: e bine c\u0103 \u00eenv\u0103\u021b\u0103m adun\u00e2nd puncte, dar vreau mai mult.<\/p>\n<p>Eu zic c\u0103 e echitabil, chiar dac\u0103 au pus presiune pe noi \u00een ultimele minute. Dar nu pot s\u0103 zic c\u0103 au avut ocazii. \u0218tiam ce avem de f\u0103cut. B\u0103ie\u021bii au depus un efort considerabil, \u00eei felicit. Mereu po\u021bi s\u0103 zici c\u0103 ai fi vrut sau ai fi putut mai mult, dar r\u0103m\u00e2n punctele ob\u021binute.<\/p>\n<p>Vreau s\u0103 m\u0103 aud\u0103 \u0219i juc\u0103torii mei: am preten\u021bii mai mari de la ei, s\u0103 punem \u00een practic\u0103 ce facem la antrenament. Putem s\u0103 gre\u0219im, dar s\u0103 o facem \u00een stilul nostru\u201d, a spus Florin Maxim, la Prima Sport.<\/p>\n<p>Florin Maxim: \u201eAu fost juc\u0103tori care \u0219i-au ar\u0103tat interesul de a pleca\u201d<\/p>\n<p>Florin Maxim mai a\u0219teapt\u0103 doi fotbali\u0219ti \u00een aceast\u0103 perioad\u0103 de transferuri. De asemenea, se a\u0219teapt\u0103 ca anumi\u021bi fotbali\u0219ti s\u0103 plece de la Corvinul: <\/p>\n<p>\u201eSchimb\u0103ri mai sunt. Au fost juc\u0103tori care \u0219i-au ar\u0103tat interesul de a pleca. Nu pot sta \u00een calea fericirii lor. Ei vor s\u0103 plece, poate \u0219i eu vreau s\u0103 fie mai buni la antrenamente. Cu siguran\u021b\u0103 vor mai veni doi juc\u0103tori\u201d.<\/p>\n<p>Dup\u0103 acest meci, Corvinul ocup\u0103 locul 9 \u00een Superliga, cu 5 puncte adunate \u00een 4 meciuri. <\/p>\n","protected":false},"excerpt":{"rendered":"Articol de Alexandru Tomu\u021biu &#8211; Publicat luni, 10 august 2026 20:52 \/ Actualizat luni, 10 august 2026 20:53&hellip;\n","protected":false},"author":2,"featured_media":259044,"comment_status":"","ping_status":"","sticky":false,"template":"","format":"standard","meta":{"footnotes":"","_share_on_mastodon":"0"},"categories":[5],"tags":[32,33,31,12530,662,36,37,22822,27,34,35,25,41,40,38,39,26,28,29,30],"class_list":["post-259043","post","type-post","status-publish","format-standard","has-post-thumbnail","category-titluri","tag-breaking-news","tag-breakingnews","tag-cele-mai-populare-subiecte","tag-corvinul-hunedoara","tag-fc-botosani","tag-featured-news","tag-featurednews","tag-florin-maxim","tag-headlines","tag-latest-news","tag-latestnews","tag-news","tag-ro","tag-romana","tag-romania","tag-romanian","tag-stiri","tag-titluri","tag-top-stories","tag-topstories"],"share_on_mastodon":{"url":"https:\/\/pubeurope.com\/@ro\/117078062847802403","error":""},"_links":{"self":[{"href":"https:\/\/www.europesays.com\/ro\/wp-json\/wp\/v2\/posts\/259043","targetHints":{"allow":["GET"]}}],"collection":[{"href":"https:\/\/www.europesays.com\/ro\/wp-json\/wp\/v2\/posts"}],"about":[{"href":"https:\/\/www.europesays.com\/ro\/wp-json\/wp\/v2\/types\/post"}],"author":[{"embeddable":true,"href":"https:\/\/www.europesays.com\/ro\/wp-json\/wp\/v2\/users\/2"}],"replies":[{"embeddable":true,"href":"https:\/\/www.europesays.com\/ro\/wp-json\/wp\/v2\/comments?post=259043"}],"version-history":[{"count":0,"href":"https:\/\/www.europesays.com\/ro\/wp-json\/wp\/v2\/posts\/259043\/revisions"}],"wp:featuredmedia":[{"embeddable":true,"href":"https:\/\/www.europesays.com\/ro\/wp-json\/wp\/v2\/media\/259044"}],"wp:attachment":[{"href":"https:\/\/www.europesays.com\/ro\/wp-json\/wp\/v2\/media?parent=259043"}],"wp:term":[{"taxonomy":"category","embeddable":true,"href":"https:\/\/www.europesays.com\/ro\/wp-json\/wp\/v2\/categories?post=259043"},{"taxonomy":"post_tag","embeddable":true,"href":"https:\/\/www.europesays.com\/ro\/wp-json\/wp\/v2\/tags?post=259043"}],"curies":[{"name":"wp","href":"https:\/\/api.w.org\/{rel}","templated":true}]}}