{"id":260494,"date":"2026-08-12T22:51:12","date_gmt":"2026-08-12T22:51:12","guid":{"rendered":"https:\/\/www.europesays.com\/ro\/260494\/"},"modified":"2026-08-12T22:51:12","modified_gmt":"2026-08-12T22:51:12","slug":"ce-lovitura-xavi-e-noul-selectioner-al-nationalei-din-europa-contract-pana-in-2030","status":"publish","type":"post","link":"https:\/\/www.europesays.com\/ro\/260494\/","title":{"rendered":"Ce lovitur\u0103! Xavi e noul selec\u021bioner al na\u021bionalei din Europa: contract p\u00e2n\u0103 \u00een 2030"},"content":{"rendered":"<p>\t    <img loading=\"lazy\" decoding=\"async\" class=\"mg-x-auto\" width=\"30\" height=\"30\" src=\"https:\/\/www.europesays.com\/ro\/wp-content\/uploads\/2026\/08\/1786575070_792_google-g.png\" alt=\"\"\/><\/p>\n<p id=\"p-0\">Xavi (46 de ani) revine \u00een antrenorat, din postura de selec\u021bioner al uneia dintre cele mai importante na\u021bionale europene. Federa\u021bia Olandez\u0103 l-a convins s\u0103 preia fr\u00e2iele \u201ePortocalei Mecanice\u201d.<\/p>\n<p id=\"p-1\">Spaniolul nu doar c\u0103 va lua din nou loc pe banca tehnic\u0103 dup\u0103 mai bine de doi ani de pauz\u0103, dar \u0219i-a \u00eendeplinit un vis. Chiar recent a declarat c\u0103 \u00ee\u0219i dore\u0219te s\u0103 accepte o astfel de provocare, pentru a lua parte la turnee finale europene \u0219i mondiale.<\/p>\n<p>Xavi, noul selec\u021bioner al Olandei<\/p>\n<p id=\"p-2\">Potrivit anun\u021bului oficial, Xavi a semnat un contract pe patru ani. Mandatul va dura astfel p\u00e2n\u0103 \u00een 2030, c\u00e2nd va avea loc urm\u0103toarea edi\u021bie a Campionatului Mondial, g\u0103zduit\u0103 chiar de Spania, \u00eempreun\u0103 cu Portugalia \u0219i Maroc.<\/p>\n<p>                <a href=\"https:\/\/www.prosport.ro\/poze\/xavi-selectionerul-olandei-anunt-oficial-20502640\" rel=\"nofollow noopener\" target=\"_blank\">&#13;<br \/>\n                                            <img decoding=\"async\" loading=\"lazy\" fetchpriority=\"low\" src=\"https:\/\/www.europesays.com\/ro\/wp-content\/uploads\/2026\/08\/https:\/\/www.prosport.ro\/wp-content\/uploads\/2026\/08\/ce-lovitura-xavi-e-noul-selectioner-al-nationalei.jpeg\" width=\"458\" height=\"305\"\/>&#13;<br \/>\n                                    <\/a><\/p>\n<p>                <a href=\"https:\/\/www.prosport.ro\/poze\/xavi-selectionerul-olandei-anunt-oficial-20502640\" rel=\"nofollow noopener\" target=\"_blank\">&#13;<br \/>\n                                            <img decoding=\"async\" loading=\"lazy\" fetchpriority=\"low\" src=\"https:\/\/www.europesays.com\/ro\/wp-content\/uploads\/2026\/08\/https:\/\/www.prosport.ro\/wp-content\/uploads\/2026\/08\/ce-lovitura-xavi-e-noul-selectioner-al-nationalei.jpeg\" width=\"227\" height=\"151\"\/>&#13;<br \/>\n                                    <\/a><\/p>\n<blockquote class=\"twitter-tweet\">\n<p dir=\"ltr\" lang=\"en\" id=\"p-3\">Xavi Hern\u00e1ndez has been appointed as the new head coach of the Netherlands men\u2019s national team. The 46-year-old Spanish coach takes over from Ronald Koeman. Xavi has reached an agreement with the KNVB on a contract through to the 2030 FIFA World Cup. \ud83e\udd1d <a href=\"https:\/\/t.co\/rO7r72Cxiw\" rel=\"nofollow\">https:\/\/t.co\/rO7r72Cxiw<\/a><\/p>\n<p id=\"p-4\">\u2014 OnsOranje (@OnsOranje) <a href=\"https:\/\/x.com\/OnsOranje\/status\/2087616526236934474?ref_src=twsrc%5Etfw\" rel=\"nofollow\">August 12, 2026<\/a><\/p>\n<\/blockquote>\n<p id=\"p-6\">O alegere pe c\u00e2t de interesant\u0103, pe at\u00e2t de surprinz\u0103toare, \u021bin\u00e2nd cont c\u0103 batavii \u00ee\u0219i f\u0103cuser\u0103 un obicei din a miza pe compatrio\u021bi. Precedentul selec\u021bioner a fost Ronald Koeman, cel care <a style=\"color: #0000ff;\" href=\"https:\/\/www.prosport.ro\/campionatul-mondial-2026\/ronald-koeman-mazilit-olanda-eliminata-de-la-campionatul-mondial-20473783\" rel=\"nofollow noopener\" target=\"_blank\">a plecat imediat dup\u0103 eliminarea de la Campionatul Mondial<\/a>, \u00een fa\u021ba Marocului, la loviturile de departajare.<\/p>\n<p id=\"p-7\">\u201eXavi Hern\u00e1ndez a fost numit noul antrenor principal al echipei na\u021bionale masculine a Olandei. Antrenorul spaniol, \u00een v\u00e2rst\u0103 de 46 de ani, \u00eel \u00eenlocuie\u0219te pe Ronald Koeman. Xavi a ajuns la un acord cu KNVB pentru un contract p\u00e2n\u0103 la Cupa Mondial\u0103 FIFA 2030\u201d, a transmis Federa\u021bia, prin intermediul re\u021belelor de socializare.<\/p>\n<p>Prima reac\u021bie a antrenorului: \u201e\u00centr-un fel, sunt un fiu al fotbalului olandez\u201d<\/p>\n<p id=\"p-8\">De asemenea, <a style=\"color: #0000ff;\" href=\"https:\/\/www.prosport.ro\/fotbal-extern\/campionate-externe\/spania\/xavi-atac-naucitor-la-adresa-lui-joan-laporta-messi-era-dispus-sa-revina-la-barcelona-dar-mi-a-spus-ca-ii-va-declara-razboi-20396778\" rel=\"nofollow noopener\" target=\"_blank\">fostul juc\u0103tor \u0219i antrenor al Barcelonei<\/a> a rostit primele cuvinte \u00een calitate de selec\u021bioner al \u201ePortocalei Mecanice\u201d. Nu doar c\u0103 s-a ar\u0103tat \u00eenc\u00e2ntat de aceast\u0103 oportunitate dar a dezv\u0103luit c\u0103 se consider\u0103 un \u201efiu\u201d al fotbalului olandez, datorit\u0103 influen\u021bei pe care legendarii Johan Cruyff \u0219i Rinus Michels au avut-o asupra sa.<\/p>\n<p id=\"p-9\">\u201eEste o mare onoare s\u0103 devin selec\u021bionerul echipei na\u021bionale a Olandei. Fiind format la academia lui FC Barcelona \u0219i puternic influen\u021bat de Johan Cruyff \u0219i Rinus Michels, printre al\u021bii, simt o leg\u0103tur\u0103 special\u0103 cu fotbalul olandez. A\u021bi putea spune c\u0103 sunt, \u00eentr-un fel, un fiu al fotbalului olandez.<\/p>\n<p id=\"p-10\">\u0218i al\u021bi mari antrenori, \u00een special Louis van Gaal \u2013 sub comanda c\u0103ruia am debutat la Barcelona \u2013 sau Frank Rijkaard au jucat un rol important \u00een formarea mea ca juc\u0103tor \u0219i antrenor.<\/p>\n<p id=\"p-11\">Olanda are o cultur\u0103 fotbalistic\u0103 bogat\u0103 \u0219i o viziune clar\u0103 care m\u0103 atrage foarte mult: fotbal ofensiv, bazat pe posesie, cu creativitate, pasiune \u0219i convingere. Desigur, cel mai important obiectiv este \u0219i va fi \u00eentotdeauna s\u0103 c\u00e2\u0219tig\u0103m, \u00eens\u0103 prefer s\u0103 o facem \u00eentr-un mod care s\u0103 reflecte aceste caracteristici \u0219i de care oamenii s\u0103 se poat\u0103 bucura.<\/p>\n<p id=\"p-12\">Poten\u021bialul exist\u0103, la fel \u0219i o funda\u021bie solid\u0103 pe care putem construi. A\u0219tept cu ner\u0103bdare s\u0103 accept aceast\u0103 provocare al\u0103turi de juc\u0103tori, staff \u0219i to\u021bi cei din cadrul KNVB\u201d, a declarat Xavi.<\/p>\n","protected":false},"excerpt":{"rendered":"Xavi (46 de ani) revine \u00een antrenorat, din postura de selec\u021bioner al uneia dintre cele mai importante na\u021bionale&hellip;\n","protected":false},"author":2,"featured_media":260495,"comment_status":"","ping_status":"","sticky":false,"template":"","format":"standard","meta":{"footnotes":"","_share_on_mastodon":"0"},"categories":[20],"tags":[8816,4297,41,40,38,39,72072,185,184,29573],"class_list":["post-260494","post","type-post","status-publish","format-standard","has-post-thumbnail","category-sport","tag-anunt-oficial","tag-lovitura","tag-ro","tag-romana","tag-romania","tag-romanian","tag-selectioner-olanda","tag-sport","tag-sports","tag-xavi"],"share_on_mastodon":{"url":"https:\/\/pubeurope.com\/@ro\/117084991765314337","error":""},"_links":{"self":[{"href":"https:\/\/www.europesays.com\/ro\/wp-json\/wp\/v2\/posts\/260494","targetHints":{"allow":["GET"]}}],"collection":[{"href":"https:\/\/www.europesays.com\/ro\/wp-json\/wp\/v2\/posts"}],"about":[{"href":"https:\/\/www.europesays.com\/ro\/wp-json\/wp\/v2\/types\/post"}],"author":[{"embeddable":true,"href":"https:\/\/www.europesays.com\/ro\/wp-json\/wp\/v2\/users\/2"}],"replies":[{"embeddable":true,"href":"https:\/\/www.europesays.com\/ro\/wp-json\/wp\/v2\/comments?post=260494"}],"version-history":[{"count":0,"href":"https:\/\/www.europesays.com\/ro\/wp-json\/wp\/v2\/posts\/260494\/revisions"}],"wp:featuredmedia":[{"embeddable":true,"href":"https:\/\/www.europesays.com\/ro\/wp-json\/wp\/v2\/media\/260495"}],"wp:attachment":[{"href":"https:\/\/www.europesays.com\/ro\/wp-json\/wp\/v2\/media?parent=260494"}],"wp:term":[{"taxonomy":"category","embeddable":true,"href":"https:\/\/www.europesays.com\/ro\/wp-json\/wp\/v2\/categories?post=260494"},{"taxonomy":"post_tag","embeddable":true,"href":"https:\/\/www.europesays.com\/ro\/wp-json\/wp\/v2\/tags?post=260494"}],"curies":[{"name":"wp","href":"https:\/\/api.w.org\/{rel}","templated":true}]}}