{"id":261802,"date":"2026-08-14T05:18:09","date_gmt":"2026-08-14T05:18:09","guid":{"rendered":"https:\/\/www.europesays.com\/ro\/261802\/"},"modified":"2026-08-14T05:18:09","modified_gmt":"2026-08-14T05:18:09","slug":"mihai-bobonete-a-devenit-actionar-la-universitatea-craiova-foto-cunoscutul-actor-roman-e-fan-inrait-al-gruparii-din-banie-jiul-imi-curge-prin-vene-in-alb-albastru","status":"publish","type":"post","link":"https:\/\/www.europesays.com\/ro\/261802\/","title":{"rendered":"Mihai Bobonete a devenit ac\u021bionar la Universitatea Craiova. FOTO. Cunoscutul actor rom\u00e2n e fan \u00eenr\u0103it al grup\u0103rii din B\u0103nie: \u201eJiul \u00eemi curge prin vene \u00een alb-albastru\u201d"},"content":{"rendered":"<ul class=\"bullets\">&#13;<\/p>\n<li>Mihai Bobonete (46 de ani), cunoscutul actor rom\u00e2n \u0219i fan \u00eenr\u0103it al Craiovei, a devenit ac\u021bionar al grup\u0103rii din B\u0103nie.<\/li>\n<p>&#13;\n<\/ul>\n<p><a id=\"google-source-button\" class=\"google-favorite\" target=\"_blank\" href=\"https:\/\/www.google.com\/preferences\/source?q=golazo.ro\" rel=\"nofollow noopener\"><\/p>\n<p>        <img loading=\"lazy\" decoding=\"async\" src=\"https:\/\/golazo.ro\/images\/google-logo.svg\" alt=\"\" width=\"24\" height=\"24\"\/><br \/>\n        <img loading=\"lazy\" decoding=\"async\" src=\"https:\/\/golazo.ro\/images\/check-icon-2.svg\" alt=\"\" width=\"24\" height=\"24\"\/><\/p>\n<p>    Adaug\u0103 GOLAZO.ro la favorite<\/p>\n<p><\/a><\/p>\n<p class=\"\">Anun\u021bul a fost f\u0103cut de comediant prin intermediul unei post\u0103ri pe re\u021belele de socializare, \u00eenaintea partidei <a target=\"_blank\" href=\"https:\/\/golazo.ro\/universitatea-craiova-kups-koupio-europa-league-filipe-coelho-miika-nuutinen-183077\" data-type=\"link\" data-id=\"https:\/\/golazo.ro\/universitatea-craiova-kups-koupio-europa-league-filipe-coelho-miika-nuutinen-183077\" rel=\"nofollow noopener\">Craiova &#8211; KuPS 2-1,<\/a> din man\u0219a retur a \u201edublei\u201d din turul 3 preliminar al Europa League. <\/p>\n<p>Mihai Bobobente a devenit ac\u021bionar la U Craiova<\/p>\n<p class=\"\">Bobonete a publicat \u0219i fotografii \u00een care apare al\u0103turi de Mihai Rotaru, finan\u021batorul \u0219i ac\u021bionarul majoritar al clubului.<\/p>\n<p class=\"\">\u201eAst\u0103zi (n.r. joi) e o zi mare, de meci important \u0219i pentru toat\u0103 suflarea olteneasc\u0103, iar pentru mine este Ziua Z, pentru c\u0103 de ast\u0103zi sunt ac\u021bionar la Universitatea Craiova.<\/p>\n<p class=\"\">Pentru c\u0103 inima mea bate \u00een ritmul tobelor de la peluz\u0103, pentru c\u0103 sufletul \u00eemi danseaz\u0103 de fiecare dat\u0103 pe ritmul Olteniei, Eterna Terra Nova, \u0219i pentru c\u0103 Jiul \u00eemi curge prin vene \u00een alb-albastru, pentru toate astea sunt de azi noul ac\u021bionar al Universit\u0103\u021bii Craiova\u201d, a scris actorul cunoscut pentru rolul s\u0103u din Las Fierbin\u021bi.<\/p>\n<p>U Craiova a ajuns la 13 ac\u021bionari<\/p>\n<p class=\"\">Potrivit <a target=\"_blank\" href=\"https:\/\/termene.ro\/\" data-type=\"link\" data-id=\"https:\/\/termene.ro\/\" rel=\"nofollow noopener\">termene.ro<\/a>, campioana Rom\u00e2niei avea 12 ac\u021bionari \u00eenainte de venirea lui Bobonete.<\/p>\n<p class=\"\">Dintre ace\u0219tia, cinci erau persoane fizice: Mihai Rotaru, Florin Enceanu, Ovidiu Coste\u0219in, Bogdan N\u0103stase \u0219i Adrian Racovi\u021b\u0103, \u00een timp ce ceilal\u021bi nou\u0103 erau persoane juridice, ale c\u0103ror identit\u0103\u021bi nu apar \u00een informa\u021biile publice ale ONRC (Oficiul Na\u021bional al Registrului Comer\u021bului).<\/p>\n<p class=\"\">\u201eSunt persoane low-profile, prefer\u0103 s\u0103 nu se vorbeasc\u0103. Sunt cu sufletul al\u0103turi de Universitatea Craiova \u0219i atunci vrem s\u0103 o l\u0103s\u0103m a\u0219a. Trebuie s\u0103 fac recens\u0103m\u00e2ntul, pesemne c\u0103 o s\u0103 apar\u0103 unii noi \u0219i atunci ne vom updata.<\/p>\n<p class=\"\">Cred c\u0103 suntem 11 sau 12 ac\u021bionari \u00een momentul \u0103sta, dar chiar nu am stat s\u0103 ne num\u0103r\u0103m \u00eentre noi. (n.r. C\u00e2\u021bi ac\u021bionari ar urma s\u0103 mai vin\u0103) Doi, trei, patru, cinci, unul, e greu de spus pentru c\u0103 pot s\u0103 spun c\u0103 nu ne intereseaz\u0103 doar banii unui ac\u021bionar\u201d, spunea Mihai Rotaru \u00een luna noiembrie pentru<a href=\"https:\/\/www.fanatik.ro\/vin-actionari-noi-la-universitatea-craiova-mihai-rotaru-anunta-infuzie-de-capital-pentru-campioana-romaniei-suntem-selectivi-nu-ne-intereseaza-doar-banii-dati-21476315\" target=\"_blank\" rel=\"noreferrer noopener nofollow\"> fanatik.ro<\/a>.<\/p>\n<p>Cite\u0219te \u0219i<\/p>\n<p>VIDEO: cele mai noi imagini din sport<\/p>\n","protected":false},"excerpt":{"rendered":"&#13; Mihai Bobonete (46 de ani), cunoscutul actor rom\u00e2n \u0219i fan \u00eenr\u0103it al Craiovei, a devenit ac\u021bionar al&hellip;\n","protected":false},"author":2,"featured_media":261803,"comment_status":"","ping_status":"","sticky":false,"template":"","format":"standard","meta":{"footnotes":"","_share_on_mastodon":"0"},"categories":[20],"tags":[37873,35874,1007,41,40,38,39,185,184,2787],"class_list":["post-261802","post","type-post","status-publish","format-standard","has-post-thumbnail","category-sport","tag-actionar","tag-mihai-bobonete","tag-mihai-rotaru","tag-ro","tag-romana","tag-romania","tag-romanian","tag-sport","tag-sports","tag-u-craiova"],"share_on_mastodon":{"url":"https:\/\/pubeurope.com\/@ro\/117092175814416096","error":""},"_links":{"self":[{"href":"https:\/\/www.europesays.com\/ro\/wp-json\/wp\/v2\/posts\/261802","targetHints":{"allow":["GET"]}}],"collection":[{"href":"https:\/\/www.europesays.com\/ro\/wp-json\/wp\/v2\/posts"}],"about":[{"href":"https:\/\/www.europesays.com\/ro\/wp-json\/wp\/v2\/types\/post"}],"author":[{"embeddable":true,"href":"https:\/\/www.europesays.com\/ro\/wp-json\/wp\/v2\/users\/2"}],"replies":[{"embeddable":true,"href":"https:\/\/www.europesays.com\/ro\/wp-json\/wp\/v2\/comments?post=261802"}],"version-history":[{"count":0,"href":"https:\/\/www.europesays.com\/ro\/wp-json\/wp\/v2\/posts\/261802\/revisions"}],"wp:featuredmedia":[{"embeddable":true,"href":"https:\/\/www.europesays.com\/ro\/wp-json\/wp\/v2\/media\/261803"}],"wp:attachment":[{"href":"https:\/\/www.europesays.com\/ro\/wp-json\/wp\/v2\/media?parent=261802"}],"wp:term":[{"taxonomy":"category","embeddable":true,"href":"https:\/\/www.europesays.com\/ro\/wp-json\/wp\/v2\/categories?post=261802"},{"taxonomy":"post_tag","embeddable":true,"href":"https:\/\/www.europesays.com\/ro\/wp-json\/wp\/v2\/tags?post=261802"}],"curies":[{"name":"wp","href":"https:\/\/api.w.org\/{rel}","templated":true}]}}