{"id":262282,"date":"2026-08-14T12:18:20","date_gmt":"2026-08-14T12:18:20","guid":{"rendered":"https:\/\/www.europesays.com\/ro\/262282\/"},"modified":"2026-08-14T12:18:20","modified_gmt":"2026-08-14T12:18:20","slug":"e-gata-gigi-becali-poate-face-transferul-lui-denis-dragus-la-fcsb-anuntul-presedintelui-lui-trabzonspor","status":"publish","type":"post","link":"https:\/\/www.europesays.com\/ro\/262282\/","title":{"rendered":"E gata! Gigi Becali poate face transferul lui Denis Dr\u0103gu\u0219 la FCSB: anun\u021bul pre\u0219edintelui lui Trabzonspor!"},"content":{"rendered":"<p>\t    <img loading=\"lazy\" decoding=\"async\" class=\"mg-x-auto\" width=\"30\" height=\"30\" src=\"https:\/\/www.europesays.com\/ro\/wp-content\/uploads\/2026\/08\/1786709899_193_google-g.png\" alt=\"\"\/><\/p>\n<p id=\"p-0\">Dorit cu insisten\u021b\u0103 de Gigi Becali (68 de ani), Denis Dr\u0103gu\u0219 (27 de ani) nu mai are viitor la Trabzonspor. Pre\u0219edintele a clarificat situa\u021bia sa, aprinz\u00e2nd speran\u021bele latifundiarului din Pipera.<\/p>\n<p id=\"p-1\">Totu\u0219i, mai r\u0103m\u00e2ne ca atacantul s\u0103 r\u0103m\u00e2n\u0103 liber, ceea nu pare deloc u\u0219or. Salariul uria\u0219 pe care \u00eel \u00eencaseaz\u0103 complic\u0103 situa\u021bia, cu at\u00e2t mai mult cu c\u00e2t contractul este valabil p\u00e2n\u0103 \u00een 2028.<\/p>\n<p id=\"p-2\">\u00cen plus, ro\u0219-alba\u0219trii i-au g\u0103sit deja un concurent pe post lui Daniel B\u00eerligea, care traverseaz\u0103 o criz\u0103 de form\u0103. Vorbim despre <a style=\"color: #0000ff;\" href=\"https:\/\/www.prosport.ro\/fotbal-intern\/superliga\/gigi-becali-anunt-sosire-arnold-garita-fcsb-contract-20502946\" rel=\"nofollow noopener\" target=\"_blank\">camerunezul Arnold Garita<\/a> (31 de ani), legitimat \u00een trecut la FC Arge\u0219.<\/p>\n<p>                <a href=\"https:\/\/www.prosport.ro\/poze\/denis-dragus-fcsb-trabzonspor-anunt-20503206\" rel=\"nofollow noopener\" target=\"_blank\">&#13;<br \/>\n                                            <img decoding=\"async\" loading=\"lazy\" fetchpriority=\"low\" src=\"https:\/\/www.europesays.com\/ro\/wp-content\/uploads\/2026\/08\/https:\/\/www.prosport.ro\/wp-content\/uploads\/2026\/08\/e-gata-gigi-becali-poate-face-transferul-lui-deni.jpeg\" width=\"458\" height=\"305\"\/>&#13;<br \/>\n                                    <\/a><\/p>\n<p>                <a href=\"https:\/\/www.prosport.ro\/poze\/denis-dragus-fcsb-trabzonspor-anunt-20503206\" rel=\"nofollow noopener\" target=\"_blank\">&#13;<br \/>\n                                            <img decoding=\"async\" loading=\"lazy\" fetchpriority=\"low\" src=\"https:\/\/www.europesays.com\/ro\/wp-content\/uploads\/2026\/08\/https:\/\/www.prosport.ro\/wp-content\/uploads\/2026\/08\/e-gata-gigi-becali-poate-face-transferul-lui-deni.jpeg\" width=\"227\" height=\"151\"\/>&#13;<br \/>\n                                    <\/a><\/p>\n<p>Denis Dr\u0103gu\u0219 poate pleca de la Trabzonspor. Pre\u0219edintele clubului a f\u0103cut anun\u021bul<\/p>\n<p id=\"p-3\">Adus \u00een vara lui 2024, \u00een schimbul sumei de 1,7 milioane de euro, Dr\u0103gu\u0219 a dezam\u0103git crunt la Trabzonspor. Doar un gol \u0219i o pas\u0103 decisiv\u0103 \u0219i-a trecut \u00een cont, motiv pentru care nici m\u0103car nu a mai fost luat \u00een stagiul de preg\u0103tire dinaintea noului sezon.<\/p>\n<p id=\"p-4\">Chestionat pe marginea subiectului, pre\u0219edintele Ertugrul Dogan a confirmat c\u0103 interna\u021bionalului rom\u00e2n <a style=\"color: #0000ff;\" href=\"https:\/\/www.prosport.ro\/fotbal-extern\/denis-dragus-refuzat-erzurumspor-20502961\" rel=\"nofollow noopener\" target=\"_blank\">i s-a transmis s\u0103-\u0219i caute echip\u0103<\/a>, \u00eentruc\u00e2t nu mai intr\u0103 \u00een planurile clubului. Decizia este valabil\u0103 \u0219i pentru al\u021bi doi juc\u0103tori, Batista Mendy, respectiv John Lundstram.<\/p>\n<p id=\"p-5\">\u201eNu \u00eei lu\u0103m \u00een calcul pe Dr\u0103gu\u0219, Mendy \u0219i Lundstram pentru noul sezon. Sunt juc\u0103tori c\u0103rora le-am dat permisiunea s\u0103 plece\u201d, a declarat oficialul pentru <a style=\"color: #000000;\" href=\"https:\/\/www.trtspor.com.tr\/\" target=\"_blank\" rel=\"noopener nofollow\">TRT Spor<\/a>.<\/p>\n<p>Marius \u0218umudic\u0103: \u201eAm stat pu\u021bin de vorb\u0103 cu Denis. La FCSB vine \u00een anumite condi\u021bii\u201d<\/p>\n<p id=\"p-6\">Recent, Marius \u0218umudic\u0103 a explicat pe larg situa\u021bia finului s\u0103u, dezv\u0103luind c\u0103 transferul la FCSB depinde de rezultatul negocierilor cu Trabzonspor. Dac\u0103 turcii \u00eei vor satisface preten\u021biile, \u00ee\u0219i va rezilia contractul \u0219i va lua \u00een calcul orice ofert\u0103.<\/p>\n<p id=\"p-7\">\u201eDenis a fost la mine, am stat pu\u0163in de vorb\u0103 cu el. Nu ia \u00een calcul acum nicio ofert\u0103, se prezint\u0103 la antrenament. El la FCSB vine \u00een anumite condi\u0163ii, iar prima este s\u0103 se \u00een\u0163eleag\u0103 cu Trabzonspor. Acolo are 1, 575 milioane euro pe an, ceea ce \u00eenseamn\u0103 3,15 milioane \u00een cei doi ani de contract.\u00a0 Dac\u0103 ajunge la un consens cu Trabzon, pleac\u0103. C\u00e2nd v\u0103d c\u0103 dau 22 de milioane pe Salah, n-a\u015f pleca de acolo p\u00e2n\u0103 nu le-a\u015f lua to\u0163i banii. A\u015f dormi \u015fi \u00een c\u0103mar\u0103.<\/p>\n<p id=\"p-8\">El s-a mai dus \u00eemprumut la Gaziantep \u015fi n-a luat banii p\u00e2n\u0103 \u00een ziua de azi. Au f\u0103cut notific\u0103ri la FIFA. Echipele din Anatolia nu te pl\u0103tesc trei, patru luni. CFR Cluj e parfum. Dac\u0103 se \u00een\u0163elege cu Trabzonspor, \u00eencepe s\u0103 ia \u00een calcul variantele. Nu \u015ftiu c\u00e2t vrea s\u0103-i dea Trabzon, probabil c\u00e2teva sute de mii de euro, dar asta cu Salah l-a \u00eent\u0103r\u00e2tat\u201d, a spus tehnicianul pentru <a style=\"color: #000000;\" href=\"https:\/\/www.fanatik.ro\/sumudica-a-aruncat-bomba-dragus-poate-semna-in-superliga-dar-nu-cu-fcsb-exclusiv-21518803\" target=\"_blank\" rel=\"noopener nofollow\">fanatik.ro<\/a>.<\/p>\n","protected":false},"excerpt":{"rendered":"Dorit cu insisten\u021b\u0103 de Gigi Becali (68 de ani), Denis Dr\u0103gu\u0219 (27 de ani) nu mai are viitor&hellip;\n","protected":false},"author":2,"featured_media":262283,"comment_status":"","ping_status":"","sticky":false,"template":"","format":"standard","meta":{"footnotes":"","_share_on_mastodon":"0"},"categories":[20],"tags":[8816,3811,196,41,40,38,39,185,184,16217],"class_list":["post-262282","post","type-post","status-publish","format-standard","has-post-thumbnail","category-sport","tag-anunt-oficial","tag-denis-dragus","tag-gigi-becali","tag-ro","tag-romana","tag-romania","tag-romanian","tag-sport","tag-sports","tag-trabzonspor"],"share_on_mastodon":{"url":"https:\/\/pubeurope.com\/@ro\/117093827080164394","error":""},"_links":{"self":[{"href":"https:\/\/www.europesays.com\/ro\/wp-json\/wp\/v2\/posts\/262282","targetHints":{"allow":["GET"]}}],"collection":[{"href":"https:\/\/www.europesays.com\/ro\/wp-json\/wp\/v2\/posts"}],"about":[{"href":"https:\/\/www.europesays.com\/ro\/wp-json\/wp\/v2\/types\/post"}],"author":[{"embeddable":true,"href":"https:\/\/www.europesays.com\/ro\/wp-json\/wp\/v2\/users\/2"}],"replies":[{"embeddable":true,"href":"https:\/\/www.europesays.com\/ro\/wp-json\/wp\/v2\/comments?post=262282"}],"version-history":[{"count":0,"href":"https:\/\/www.europesays.com\/ro\/wp-json\/wp\/v2\/posts\/262282\/revisions"}],"wp:featuredmedia":[{"embeddable":true,"href":"https:\/\/www.europesays.com\/ro\/wp-json\/wp\/v2\/media\/262283"}],"wp:attachment":[{"href":"https:\/\/www.europesays.com\/ro\/wp-json\/wp\/v2\/media?parent=262282"}],"wp:term":[{"taxonomy":"category","embeddable":true,"href":"https:\/\/www.europesays.com\/ro\/wp-json\/wp\/v2\/categories?post=262282"},{"taxonomy":"post_tag","embeddable":true,"href":"https:\/\/www.europesays.com\/ro\/wp-json\/wp\/v2\/tags?post=262282"}],"curies":[{"name":"wp","href":"https:\/\/api.w.org\/{rel}","templated":true}]}}