{"id":262805,"date":"2026-08-14T21:16:08","date_gmt":"2026-08-14T21:16:08","guid":{"rendered":"https:\/\/www.europesays.com\/ro\/262805\/"},"modified":"2026-08-14T21:16:08","modified_gmt":"2026-08-14T21:16:08","slug":"camera-dji-osmo-360-ii-a-fost-lansata-oficial","status":"publish","type":"post","link":"https:\/\/www.europesays.com\/ro\/262805\/","title":{"rendered":"Camera DJI Osmo 360 II a fost lansat\u0103 oficial"},"content":{"rendered":"<p>DJI a lansat oficial noua camer\u0103 video Osmo 360 II. Aduce \u00een total aproximativ 10 caracteristici noi fa\u021b\u0103 de prima versiune \u0219i a fost denumit\u0103 un upgrade care merit\u0103 cu adev\u0103rat.<\/p>\n<p>Cum este DJI Osmo 360 II<\/p>\n<p>Dup\u0103 ce  a fost lansat\u0103 <a href=\"https:\/\/www.connect.ro\/2026\/08\/12\/insta360-x6-camera-360\/\" target=\"_blank\" rel=\"nofollow noopener\">Insta360 X6<\/a>, aceasta a redus decalajul fa\u021b\u0103 de prima camer\u0103 <a href=\"https:\/\/www.connect.ro\/2025\/08\/01\/dji-osmo-360-a-fost-lansata-oficial-senzor-cmos-de-1-11-inch-si-urmarire-inteligenta\/\" target=\"_blank\" rel=\"nofollow noopener\">DJI Osmo 360<\/a>. \u00cens\u0103 DJI nu a stat pe loc \u0219i imediat a venit cu noua variant\u0103.<\/p>\n<p>Dezavantajul deocamdat\u0103: spre deosebire de Insta360 X6, DJI Osmo 360 II a fost dezv\u0103luit oficial doar \u00een China, momentan. De\u0219i ne a\u0219tept\u0103m la o lansare global\u0103  \u00een cur\u00e2nd, DJI nu a anun\u021bat \u00eenc\u0103 niciun plan \u00een acest sens.<\/p>\n<p>Vizual, camera de 360 \u200b\u200bde grade a fost foarte pu\u021bin modificat\u0103, a\u0219a cum se \u0219tia deja din unele leak-uri. Schimb\u0103rile sunt \u00een principal la partea tehnic\u0103. Conform paginii produsului din China \u0219i videoclipului de lansare, DJI a integrat \u00een principal urm\u0103toarele \u00eembun\u0103t\u0103\u021biri.<\/p>\n<p>\u00cen primul r\u00e2nd, lentile interschimbabile: spre deosebire de primul DJI Osmo 360, utilizatorii pot acum \u00eenlocui singuri lentilele zg\u00e2riate sau rupte. Nu este clar dac\u0103 senzorii de 1\/1,1 inch au fost \u00eenlocui\u021bi, dar, potrivit DJI, camera atinge acum o gam\u0103 dinamic\u0103 de 14,5 stopuri \u00een loc de 13,5 stopuri c\u00e2te era anterior.<\/p>\n<p>Fotografiile nocturne pot fi realizate \u0219i \u00een 8K60 datorit\u0103 AI Super Night View 2.0.<br \/>\u00cen loc de un maxim de 8K50 pentru film\u0103ri la 360 de grade, camera accept\u0103 acum p\u00e2n\u0103 la 8K\/60. Apropo de modurile de \u00eenregistrare: sunt disponibile slow motion 4K\/240 pentru videoclipuri la 360 de grade \u0219i 4K\/120 pentru videoclipuri cu un singur obiectiv.<\/p>\n<p>La fel ca la Insta360 X6, \u00eenregistr\u0103rile time-lapse de 16K sunt acum acceptate, \u00een loc de 8K ca \u00eenainte. Rata de bi\u021bi video este acum de 220 Mbps \u00een loc de 170 Mbps (600 Mbps \u00een time-lapse de 16K). Capacitatea bateriei a crescut de la 1.950 mAh la 2.150 mAh. De asemenea, pentru fotografiile la 360 de grade, sunt acum acceptate fotografiile HDR de 120 de megapixeli.<\/p>\n<p>\u00cembun\u0103t\u0103\u021biri minore, cum ar fi un design de montare magnetic\u0103 bidirec\u021bional\u0103, NFC Quick Connect \u0219i actualiz\u0103ri de software, cum ar fi un mod de urm\u0103rire.<\/p>\n<p>\u00cen magazinul DJI din China, Osmo 360 II este disponibil la acela\u0219i pre\u021b ca primul model, \u00eencep\u00e2nd de la 424 de euro. Acest lucru las\u0103 s\u0103 se \u00een\u021beleag\u0103 c\u0103 nu va exista o cre\u0219tere de pre\u021b nici pe pie\u021be precum Europa.<\/p>\n","protected":false},"excerpt":{"rendered":"DJI a lansat oficial noua camer\u0103 video Osmo 360 II. Aduce \u00een total aproximativ 10 caracteristici noi fa\u021b\u0103&hellip;\n","protected":false},"author":2,"featured_media":262806,"comment_status":"","ping_status":"","sticky":false,"template":"","format":"standard","meta":{"footnotes":"","_share_on_mastodon":"0"},"categories":[16],"tags":[72709,2066,235,72710,41,40,38,39,141,124],"class_list":["post-262805","post","type-post","status-publish","format-standard","has-post-thumbnail","category-tehnologie","tag-camere-actiune","tag-camere-video","tag-dji","tag-osmo-360","tag-ro","tag-romana","tag-romania","tag-romanian","tag-technology","tag-tehnologie"],"share_on_mastodon":{"url":"https:\/\/pubeurope.com\/@ro\/117095942241652243","error":""},"_links":{"self":[{"href":"https:\/\/www.europesays.com\/ro\/wp-json\/wp\/v2\/posts\/262805","targetHints":{"allow":["GET"]}}],"collection":[{"href":"https:\/\/www.europesays.com\/ro\/wp-json\/wp\/v2\/posts"}],"about":[{"href":"https:\/\/www.europesays.com\/ro\/wp-json\/wp\/v2\/types\/post"}],"author":[{"embeddable":true,"href":"https:\/\/www.europesays.com\/ro\/wp-json\/wp\/v2\/users\/2"}],"replies":[{"embeddable":true,"href":"https:\/\/www.europesays.com\/ro\/wp-json\/wp\/v2\/comments?post=262805"}],"version-history":[{"count":0,"href":"https:\/\/www.europesays.com\/ro\/wp-json\/wp\/v2\/posts\/262805\/revisions"}],"wp:featuredmedia":[{"embeddable":true,"href":"https:\/\/www.europesays.com\/ro\/wp-json\/wp\/v2\/media\/262806"}],"wp:attachment":[{"href":"https:\/\/www.europesays.com\/ro\/wp-json\/wp\/v2\/media?parent=262805"}],"wp:term":[{"taxonomy":"category","embeddable":true,"href":"https:\/\/www.europesays.com\/ro\/wp-json\/wp\/v2\/categories?post=262805"},{"taxonomy":"post_tag","embeddable":true,"href":"https:\/\/www.europesays.com\/ro\/wp-json\/wp\/v2\/tags?post=262805"}],"curies":[{"name":"wp","href":"https:\/\/api.w.org\/{rel}","templated":true}]}}