{"id":265613,"date":"2026-08-17T10:54:08","date_gmt":"2026-08-17T10:54:08","guid":{"rendered":"https:\/\/www.europesays.com\/ro\/265613\/"},"modified":"2026-08-17T10:54:08","modified_gmt":"2026-08-17T10:54:08","slug":"cinci-trepte-de-selectie-gica-hagi-le-a-enumerat-pe-degete-si-a-anuntat-decizia-sa-fii-100-sigur","status":"publish","type":"post","link":"https:\/\/www.europesays.com\/ro\/265613\/","title":{"rendered":"Cinci trepte de selec\u021bie! Gic\u0103 Hagi le-a enumerat pe degete \u0219i a anun\u021bat decizia: \u201dS\u0103 fii 100% sigur!\u201d"},"content":{"rendered":"\n<ul class=\"bullets\">\n<li>\n<p>SuperLiga: FCSB &#8211; Boto\u0219ani, luni, 21:30, DGS 1<\/p>\n<\/li>\n<li>\n<p>SuperLiga: U Cluj &#8211; UTA Arad, luni, 18:30, DGS 1<\/p>\n<\/li>\n<\/ul>\n<p>Printre altele, \u201dRegele\u201d a fost \u00eentrebat dac\u0103 nu cumva trebuie s\u0103 se implice, av\u00e2nd \u00een vedere numele pe care \u00eel are, \u00een \u00eencercarea de a convinge pu\u0219tii rom\u00e2ni (de 14-15-16 ani) din str\u0103in\u0103tate s\u0103 aleag\u0103 na\u021bionala Rom\u00e2niei \u00een detrimentul altor \u021b\u0103ri mai tari.<\/p>\n<p>Hagi a transmis c\u0103 va face cu siguran\u021b\u0103 acest lucru, dac\u0103 fotbali\u0219tii respectivi sunt monitoriza\u021bi de ceva timp, deoarece la na\u021bional\u0103 trebuie s\u0103 ajung\u0103 cei mai buni juc\u0103tori. Selec\u021bionerul are cinci trepte de selec\u021bie, a\u0219a cum a spus la conferin\u021b\u0103.<\/p>\n<p>Gic\u0103 Hagi: \u201d\u0218ti\u021bi alea 5 trepte ale mele de selec\u021bie? La mine nu exist\u0103 slab! Exist\u0103 bun, foarte bun, excelent, fantastic \u0219i geniu\u201d<\/p>\n<p>\u201dLucrez, sunt angajat la echipa na\u021bional\u0103, lucrez pentru Rom\u00e2nia, s\u0103 fii 100% sigur c\u0103 voi face treaba asta. Dac\u0103 se trateaz\u0103 de ceva special, pentru c\u0103 la loturile na\u021bionale \u00eentotdeauna trebuie s\u0103 r\u0103m\u00e2n\u0103 cei care&#8230; \u0218ti\u021bi alea 5 trepte ale mele de selec\u021bie? La mine nu exist\u0103 slab! Exist\u0103 bun, foarte bun, excelent, fantastic \u0219i geniu. Deci pe astea 5 criterii eu selectez juc\u0103torii.<\/p>\n<p>Bun \u0219i foarte bun \u00eenseamn\u0103 c\u0103 e juc\u0103tor de echip\u0103, iar ceilal\u021bi din categoriile respective fac diferen\u021ba. A\u0219a c\u0103&#8230; Cum v\u0103d eu lucrurile, nu conteaz\u0103 v\u00e2rsta. Eu sunt la federa\u021bie \u0219i trebuie s\u0103 g\u0103sim juc\u0103torii c\u0103rora le-a dat Dumnezeu \u0219i care pot \u0219i vor, cei care vor cu totul, nu cu jum\u0103tate de norm\u0103, part-time\u201d, a declarat Hagi la conferin\u021b\u0103.<\/p>\n<p>  <img decoding=\"async\" data-skip-htmlfix=\"1\" src=\"https:\/\/www.europesays.com\/ro\/wp-content\/uploads\/2026\/08\/Mzg1NzVlOWY1MTI1M2RiZWU2ZDg5NDAwYTVhYWI=.thumb.jpg\" alt=\"hagiii\"\/>   Gic\u0103 Hagi. selec\u021bionerul Rom\u00e2niei \/ Foto: captur\u0103 Digi Sport  <\/p>\n<p>\u00centrebat apoi dac\u0103 exist\u0103 vreun juc\u0103tor care s\u0103 se apropie de geniul lui Gic\u0103 Hagi, selec\u021bionerul a transmis urm\u0103toarele: \u201dSunt 100% sigur c\u0103 va fi unul mai bun dec\u00e2t to\u021bi. Trebuie s\u0103 fie cineva care s\u0103 fie mai bun dec\u00e2t cel din spate, care r\u0103m\u00e2ne un exemplu\u201d<\/p>\n<p><a href=\"https:\/\/www.digisport.ro\/fotbal\/echipa-nationala\/gica-hagi-a-anuntat-obiectivul-numarul-1-al-nationalei-romaniei-4435429\" target=\"_blank\" rel=\"noopener nofollow\" data-skip-linkfix=\"1\">Legat de obiectivul Rom\u00e2niei<\/a> din Liga Na\u021biunilor, \u201dRegele\u201d a fost c\u00e2t se poate de clar: \u201dObiectivul num\u0103rul 1 e acela de a c\u00e2\u0219tiga grupa, nu exist\u0103 alt obiectiv. Ne dorim s\u0103 c\u00e2\u0219tig\u0103m grupa, s\u0103 c\u00e2\u0219tig\u0103m toate meciurile, \u0219tim c\u0103 \u00eent\u00e2lnim echipe bune. Eu \u00eemi doresc s\u0103 ajungem \u00een prima grup\u0103, ca s\u0103 am ocazia s\u0103 m\u0103 verific \u0219i s\u0103 m\u0103 duelez cu antrenorii\u201d<\/p>\n<p>Programul Rom\u00e2niei \u00een Nations League<\/p>\n<ul class=\"\">\n<li>25 septembrie, 21:45: Suedia &#8211;\u00a0Rom\u00e2nia\u00a0(Strawberry Arena, Solna)<\/li>\n<li>28 septembrie, 21:45:\u00a0Rom\u00e2nia\u00a0&#8211; Bosnia (Arena Na\u021bional\u0103)<\/li>\n<li>2 octombrie, 21:45: Polonia &#8211;\u00a0Rom\u00e2nia\u00a0(Stadion Narodowy, Var\u0219ovia)<\/li>\n<li>5 octombrie, 21:45:\u00a0Rom\u00e2nia\u00a0&#8211; Suedia (Arena Na\u021bional\u0103)<\/li>\n<li>14 noiembrie, 21:45:\u00a0Rom\u00e2nia\u00a0&#8211; Polonia (Arena Na\u021bional\u0103)<\/li>\n<li>17 noiembrie, 21:45: Bosnia &#8211;\u00a0Rom\u00e2nia\u00a0(Bilino Polje Stadium, Zenica)<\/li>\n<\/ul>\n<p>Vor fi primele meciuri oficiale ale lui Gic\u0103 Hagi \u00een al doilea mandat ca selec\u021bioner.<\/p>\n<p>  Etichete:  <a href=\"https:\/\/www.digisport.ro\/eticheta\/gica-hagi\" rel=\"nofollow noopener\" target=\"_blank\">gica hagi<\/a> , <a href=\"https:\/\/www.digisport.ro\/eticheta\/selectie\" rel=\"nofollow noopener\" target=\"_blank\">selectie<\/a>   <\/p>\n<p>Urm\u0103re\u0219te \u0219tirile digisport.ro \u0219i pe <a href=\"https:\/\/news.google.com\/publications\/CAAiENr1L9HFNMG5hpp5zTfVtpsqFAgKIhDa9S_RxTTBuYaaec031bab?ceid=RO:ro&amp;oc=3\" target=\"_blank\" rel=\"external nofollow noopener\">Google News<\/a><\/p>\n<p>   Noua Aplica\u0163ie Digi Sport poate fi desc\u0103rcat\u0103 din   <\/p>\n","protected":false},"excerpt":{"rendered":"SuperLiga: FCSB &#8211; Boto\u0219ani, luni, 21:30, DGS 1 SuperLiga: U Cluj &#8211; UTA Arad, luni, 18:30, DGS 1&hellip;\n","protected":false},"author":2,"featured_media":265614,"comment_status":"","ping_status":"","sticky":false,"template":"","format":"standard","meta":{"footnotes":"","_share_on_mastodon":"0"},"categories":[20],"tags":[878,41,40,38,39,51634,185,184],"class_list":["post-265613","post","type-post","status-publish","format-standard","has-post-thumbnail","category-sport","tag-gica-hagi","tag-ro","tag-romana","tag-romania","tag-romanian","tag-selectie","tag-sport","tag-sports"],"share_on_mastodon":{"url":"https:\/\/pubeurope.com\/@ro\/117110483927660417","error":""},"_links":{"self":[{"href":"https:\/\/www.europesays.com\/ro\/wp-json\/wp\/v2\/posts\/265613","targetHints":{"allow":["GET"]}}],"collection":[{"href":"https:\/\/www.europesays.com\/ro\/wp-json\/wp\/v2\/posts"}],"about":[{"href":"https:\/\/www.europesays.com\/ro\/wp-json\/wp\/v2\/types\/post"}],"author":[{"embeddable":true,"href":"https:\/\/www.europesays.com\/ro\/wp-json\/wp\/v2\/users\/2"}],"replies":[{"embeddable":true,"href":"https:\/\/www.europesays.com\/ro\/wp-json\/wp\/v2\/comments?post=265613"}],"version-history":[{"count":0,"href":"https:\/\/www.europesays.com\/ro\/wp-json\/wp\/v2\/posts\/265613\/revisions"}],"wp:featuredmedia":[{"embeddable":true,"href":"https:\/\/www.europesays.com\/ro\/wp-json\/wp\/v2\/media\/265614"}],"wp:attachment":[{"href":"https:\/\/www.europesays.com\/ro\/wp-json\/wp\/v2\/media?parent=265613"}],"wp:term":[{"taxonomy":"category","embeddable":true,"href":"https:\/\/www.europesays.com\/ro\/wp-json\/wp\/v2\/categories?post=265613"},{"taxonomy":"post_tag","embeddable":true,"href":"https:\/\/www.europesays.com\/ro\/wp-json\/wp\/v2\/tags?post=265613"}],"curies":[{"name":"wp","href":"https:\/\/api.w.org\/{rel}","templated":true}]}}