{"id":269445,"date":"2026-08-20T11:34:10","date_gmt":"2026-08-20T11:34:10","guid":{"rendered":"https:\/\/www.europesays.com\/ro\/269445\/"},"modified":"2026-08-20T11:34:10","modified_gmt":"2026-08-20T11:34:10","slug":"fcsb-a-anuntat-oficial-noul-transfer-e-jucatorul-nostru-si-va-purta-numarul-14","status":"publish","type":"post","link":"https:\/\/www.europesays.com\/ro\/269445\/","title":{"rendered":"FCSB a anun\u021bat OFICIAL noul transfer: \u201eE juc\u0103torul nostru \u0219i va purta num\u0103rul 14!\u201d"},"content":{"rendered":"<p>\t    <img loading=\"lazy\" decoding=\"async\" class=\"mg-x-auto\" width=\"30\" height=\"30\" src=\"https:\/\/www.europesays.com\/ro\/wp-content\/uploads\/2026\/08\/1787225649_122_google-g.png\" alt=\"\"\/><\/p>\n<p id=\"p-0\">Joi, 20 august 2026, prin intermediul unei post\u0103ri pe care a realizat-o pe platformele de socializare, clubul de fotbal FCSB a anun\u021bat oficial noul transfer.<\/p>\n<p id=\"p-1\">Este vorba despre Arnold Garita (31 de ani), care a semnat un contract pe termen scurt cu ro\u0219-alba\u0219trii, pe 4 luni mai exact, \u0219i va purta tricoul cu num\u0103ul 14.<\/p>\n<p>FCSB l-a anun\u021bat oficial pe Arnold Garita<\/p>\n<p id=\"p-2\"><a style=\"color: #0000ff;\" href=\"https:\/\/www.prosport.ro\/fotbal-intern\/superliga\/gigi-becali-anunt-sosire-arnold-garita-fcsb-contract-20502946\" rel=\"nofollow noopener\" target=\"_blank\">Arnold Garita a semnat cu FCSB un contract valabil p\u00e2n\u0103 la iarn\u0103<\/a>, \u00eens\u0103 dac\u0103 \u00eel va convinge pe Gigi Becali ar putea primi o nou\u0103 \u00een\u021belegere, cu un salariu m\u0103rit. Momentan, atacantul camerunez cu trecut la FC Arge\u0219 va fi recompensat cu 15.000 de euro lunar, dup\u0103 cum a informat patronul echipei.<\/p>\n<p id=\"p-3\"><a style=\"color: #0000ff;\" href=\"https:\/\/www.prosport.ro\/fotbal-intern\/superliga\/gigi-becali-decizie-arnold-garita-20505955\" rel=\"nofollow noopener\" target=\"_blank\">Gigi Becali a spus c\u0103 abia \u00eel a\u0219teapt\u0103 pe Garita la FCSB<\/a>, pentru a-l arunca direct \u00een lupt\u0103. Fotbalistul are ritm, deoarece a jucat p\u00e2n\u0103 de cur\u00e2nd \u00een China, astfel c\u0103 antrenorul Marius Baciu va putea miza pe serviciile lui \u00eenc\u0103 din etapa viitoare.<\/p>\n<p>                <a href=\"https:\/\/www.prosport.ro\/poze\/fcsb-anunt-oficial-transfer-arnold-garita-20506721\" rel=\"nofollow noopener\" target=\"_blank\">&#13;<br \/>\n                                            <img decoding=\"async\" loading=\"lazy\" fetchpriority=\"low\" src=\"https:\/\/www.europesays.com\/ro\/wp-content\/uploads\/2026\/08\/https:\/\/www.prosport.ro\/wp-content\/uploads\/2026\/08\/arnold-garita.jpeg\" width=\"458\" height=\"305\"\/>&#13;<br \/>\n                                    <\/a><\/p>\n<p>                <a href=\"https:\/\/www.prosport.ro\/poze\/fcsb-anunt-oficial-transfer-arnold-garita-20506721\" rel=\"nofollow noopener\" target=\"_blank\">&#13;<br \/>\n                                            <img decoding=\"async\" loading=\"lazy\" fetchpriority=\"low\" src=\"https:\/\/www.europesays.com\/ro\/wp-content\/uploads\/2026\/08\/https:\/\/www.prosport.ro\/wp-content\/uploads\/2026\/08\/arnold-garita-si-a-facut-planul-dupa-ce-a-semnat-.jpeg\" width=\"227\" height=\"151\"\/>&#13;<br \/>\n                                    <\/a><\/p>\n<p id=\"p-4\">Duminic\u0103, 23 august, de la ora 21:30, FCSB se va deplasa \u00een Gruia pentru un duel cu CFR-ul lui Marius \u0218umudic\u0103, iar partida se anun\u021b\u0103 a fi incendiar\u0103.<\/p>\n<p id=\"p-5\">R\u0103m\u00e2ne de v\u0103zut dac\u0103 Garita va fi titularizat \u00een aceast\u0103 confruntare sau va intra pe parcurs, \u00eens\u0103 ce conteaz\u0103 pentru ro\u0219-alba\u0219tri este c\u0103 joi, 20 august, transferul a fost oficializat:<\/p>\n<p id=\"p-6\">\u201eArnold Garita este, \u00eencep\u00e2nd de ast\u0103zi, juc\u0103torul nostru. Atacantul francez \u00een v\u00e2rst\u0103 de 31 de ani a efectuat vizita medical\u0103 \u0219i va purta tricoul cu num\u0103rul 14.<\/p>\n<p id=\"p-7\">Clubul nostru \u00eei ureaz\u0103 bun-venit \u0219i s\u0103 aib\u0103 parte de mult succes \u00een tricoul ro\u0219-albastru!\u201d, au transmis cei de la FCSB, pe <a style=\"color: #000000;\" href=\"https:\/\/www.facebook.com\/photo\/?fbid=1614167556735627&amp;set=a.775113497307708\" rel=\"nofollow noopener\" target=\"_blank\">pagina oficial\u0103 de Facebook<\/a>.<\/p>\n<p>Arnold Garita a sunat \u00een Rom\u00e2nia pentru a cere transferul la FCSB<\/p>\n<p id=\"p-8\">Interesant este c\u0103 transferul lui Arnold Garita la FCSB s-a f\u0103cut la cererea fotbalistului. Camerunezul a fost dorit de Gigi Becali \u00een trecut, iar Garita a \u021binut minte acest aspect.<\/p>\n<p id=\"p-9\">Iar cum \u00een China a fost exclus din lot de precedentul lui club, el a decis s\u0103 pun\u0103 m\u00e2na pe telefon \u0219i s\u0103 sune \u00een Rom\u00e2nia:<\/p>\n<p id=\"p-10\">\u201eNu clubul m-a sunat, eu am trimis un mesaj clubului \u0219i am spus c\u0103 vreau s\u0103 vin. Pentru c\u0103 am jucat 12 sau 13 meciuri \u0219i am \u00eenscris 12 goluri (n.r. \u2013 la Shenzhen Juniors Reserves). Am ar\u0103tat c\u0103 am talent \u00een China \u0219i echipe din Turcia m-au dorit, \u00eens\u0103 eu am vrut s\u0103 joc aici.<\/p>\n<p id=\"p-11\">Nu o s\u0103 fie nicio competi\u021bie cu B\u00eerligea, el este un atacant foarte bun. Am venit s\u0103-l ajut pe el, dar \u0219i echipa \u0219i s\u0103 c\u00e2\u0219tig\u0103m campionatul. S\u0103 vedem ce se va \u00eent\u00e2mpla.<\/p>\n<p id=\"p-12\">FCSB este o echip\u0103 bun\u0103, nimic nu s-a schimbat. Nu s-au calificat \u00een Conference League, dar FCSB e FCSB, toat\u0103 lumea vrea s\u0103 joace la FCSB.<\/p>\n<p id=\"p-13\">Am venit s\u0103 ajut echipa, \u0103sta e obiectivul meu. Mereu dau totul unde joc \u0219i dac\u0103 vom c\u00e2\u0219tiga \u0219i campionatul, atunci va fi \u0219i mai bine. Trebuie s\u0103 m\u0103 adaptez repede \u0219i s\u0103 ajut echipa\u201d, a declarat Garita, printre altele, dup\u0103 ce a ajuns \u00een Rom\u00e2nia.<\/p>\n","protected":false},"excerpt":{"rendered":"Joi, 20 august 2026, prin intermediul unei post\u0103ri pe care a realizat-o pe platformele de socializare, clubul de&hellip;\n","protected":false},"author":2,"featured_media":269446,"comment_status":"","ping_status":"","sticky":false,"template":"","format":"standard","meta":{"footnotes":"","_share_on_mastodon":"0"},"categories":[20],"tags":[8816,54138,72677,12966,41,40,38,39,185,184,72631,202],"class_list":["post-269445","post","type-post","status-publish","format-standard","has-post-thumbnail","category-sport","tag-anunt-oficial","tag-arnold-garita","tag-arnold-garita-fcsb","tag-atacant-fcsb","tag-ro","tag-romana","tag-romania","tag-romanian","tag-sport","tag-sports","tag-transfer-arnold-garita","tag-transferuri-fcsb"],"share_on_mastodon":{"url":"https:\/\/pubeurope.com\/@ro\/117127627963348525","error":""},"_links":{"self":[{"href":"https:\/\/www.europesays.com\/ro\/wp-json\/wp\/v2\/posts\/269445","targetHints":{"allow":["GET"]}}],"collection":[{"href":"https:\/\/www.europesays.com\/ro\/wp-json\/wp\/v2\/posts"}],"about":[{"href":"https:\/\/www.europesays.com\/ro\/wp-json\/wp\/v2\/types\/post"}],"author":[{"embeddable":true,"href":"https:\/\/www.europesays.com\/ro\/wp-json\/wp\/v2\/users\/2"}],"replies":[{"embeddable":true,"href":"https:\/\/www.europesays.com\/ro\/wp-json\/wp\/v2\/comments?post=269445"}],"version-history":[{"count":0,"href":"https:\/\/www.europesays.com\/ro\/wp-json\/wp\/v2\/posts\/269445\/revisions"}],"wp:featuredmedia":[{"embeddable":true,"href":"https:\/\/www.europesays.com\/ro\/wp-json\/wp\/v2\/media\/269446"}],"wp:attachment":[{"href":"https:\/\/www.europesays.com\/ro\/wp-json\/wp\/v2\/media?parent=269445"}],"wp:term":[{"taxonomy":"category","embeddable":true,"href":"https:\/\/www.europesays.com\/ro\/wp-json\/wp\/v2\/categories?post=269445"},{"taxonomy":"post_tag","embeddable":true,"href":"https:\/\/www.europesays.com\/ro\/wp-json\/wp\/v2\/tags?post=269445"}],"curies":[{"name":"wp","href":"https:\/\/api.w.org\/{rel}","templated":true}]}}