{"id":271044,"date":"2026-08-21T18:30:13","date_gmt":"2026-08-21T18:30:13","guid":{"rendered":"https:\/\/www.europesays.com\/ro\/271044\/"},"modified":"2026-08-21T18:30:13","modified_gmt":"2026-08-21T18:30:13","slug":"actionarul-bobonete-despre-salvatorul-craiovei-in-europa-league-a-zis-ca-ma-impusca-m-a-impuscat-daca-il-dadea-si-pe-al-doilea-il-puneam-nas-la-nunta-de-aur","status":"publish","type":"post","link":"https:\/\/www.europesays.com\/ro\/271044\/","title":{"rendered":"Ac\u021bionarul Bobonete, despre salvatorul Craiovei \u00een Europa League: \u201dA zis c\u0103 m\u0103 \u00eempu\u0219c\u0103, m-a \u00eempu\u0219cat. Dac\u0103 \u00eel d\u0103dea \u0219i pe al doilea, \u00eel puneam na\u0219 la nunta de aur\u201d"},"content":{"rendered":"<p>Vineri, 21 August 2026, ora 11:37<\/p>\n<p>12220 citiri<\/p>\n<p><a class=\"news__image\" data-href=\"https:\/\/s2.ziareromania.ro\/?mmid=f1a8b56b28018f3757\" data-size=\"355x240\" title=\"Ac\u021bionarul Bobonete, despre salvatorul Craiovei \u00een Europa League: \u201dA zis c\u0103 m\u0103 \u00eempu\u0219c\u0103, m-a \u00eempu\u0219cat. Dac\u0103 \u00eel d\u0103dea \u0219i pe al doilea, \u00eel puneam na\u0219 la nunta de aur\u201d\"><img decoding=\"async\" src=\"https:\/\/www.europesays.com\/ro\/wp-content\/uploads\/2026\/08\/Ac--ionarul-Bobonete--despre-salvatorul-Craiovei---n-Europa-League-----A-zis-c---m-----mpu--c----m-a.jpeg\" alt=\"Ac\u021bionarul Bobonete, despre salvatorul Craiovei \u00een Europa League: \u201dA zis c\u0103 m\u0103 \u00eempu\u0219c\u0103, m-a \u00eempu\u0219cat. Dac\u0103 \u00eel d\u0103dea \u0219i pe al doilea, \u00eel puneam na\u0219 la nunta de aur\u201d\" title=\"Ac\u021bionarul Bobonete, despre salvatorul Craiovei \u00een Europa League: \u201dA zis c\u0103 m\u0103 \u00eempu\u0219c\u0103, m-a \u00eempu\u0219cat. Dac\u0103 \u00eel d\u0103dea \u0219i pe al doilea, \u00eel puneam na\u0219 la nunta de aur\u201d\" class=\"img-responsive\"\/><\/a><\/p>\n<p>Mihai Bobonete FOTO Captura Digisport<\/p>\n<p><a href=\"https:\/\/ziare.com\/universitatea-craiova\/\" title=\"Universitatea Craiova\" rel=\"nofollow noopener\" target=\"_blank\">Universitatea Craiova<\/a> \u0219i Ararat-Armenia au terminat la egalitate, 1-1 (1-1), joi seara, pe Stadionul &#8221;<a href=\"https:\/\/ziare.com\/ion-oblemenco\/\" title=\"Ion Oblemenco\" rel=\"nofollow noopener\" target=\"_blank\">Ion Oblemenco<\/a>&#8221; din <a href=\"https:\/\/ziare.com\/fotbal\/craiova\/\" title=\"Craiova\" rel=\"nofollow noopener\" target=\"_blank\">Craiova<\/a>, \u00een prima man\u0219\u0103 a play-off-ului <a href=\"https:\/\/ziare.com\/fotbal\/europa-league\/\" title=\"Europa League\" rel=\"nofollow noopener\" target=\"_blank\">Europa League<\/a> la fotbal.<\/p>\n<p>Campioana Rom\u00e2niei a fost condus\u0103 prin golul lui Alexandros Malis (20), dar a reu\u0219it s\u0103 revin\u0103 \u0219i s\u0103 egaleze, orin Nicu\u0219or Bancu (33), \u00eentr-un meci pe care l-a dominat, dar \u00een care nu a avut inspira\u021bie \u00een fa\u021ba por\u021bii.<\/p>\n<p>Reu\u0219ita lui Bancu a fost comentat\u0103 de actorul <a href=\"https:\/\/ziare.com\/mihai-bobonete\/\" title=\"Mihai Bobonete\" rel=\"nofollow noopener\" target=\"_blank\">Mihai Bobonete<\/a>, devenit recent ac\u021bionar la echipa din Craiova.<\/p>\n<p>\u201dUnul dintre cele mai bune \u00eenceputuri din ultimele cinci <a href=\"https:\/\/ziare.com\/fotbal\/meciuri\/\" title=\"meciuri\" rel=\"nofollow noopener\" target=\"_blank\">meciuri<\/a>. Eu, unul, sunt mul\u021bumit. Eu cred c\u0103 o s\u0103 \u00eei batem la ei. A dat gol Bancu, am vorbit cu el \u00eenainte de meci.<\/p>\n<p>A zis c\u0103 m\u0103 \u00eempu\u0219c\u0103, m-a \u00eempu\u0219cat. M\u0103 bucur foarte mult pentru Nicu\u0219or. Dac\u0103 \u00eel d\u0103dea \u0219i pe al doilea, \u00eel puneam na\u0219 la nunta de aur\u201d, a declarat Mihai Bobonete la finalul partidei, conform Digisport.ro.<\/p>\n<p>\u021ai-a pl\u0103cut articolul?<\/p>\n<p> Vrem s\u0103 producem mai multe, \u00eens\u0103 avem nevoie de sus\u021binerea ta. Orice dona\u021bie conteaz\u0103 pentru jurnalismul independent <\/p>\n","protected":false},"excerpt":{"rendered":"Vineri, 21 August 2026, ora 11:37 12220 citiri Mihai Bobonete FOTO Captura Digisport Universitatea Craiova \u0219i Ararat-Armenia au&hellip;\n","protected":false},"author":2,"featured_media":271045,"comment_status":"","ping_status":"","sticky":false,"template":"","format":"standard","meta":{"footnotes":"","_share_on_mastodon":"0"},"categories":[20],"tags":[37873,35874,5109,41,40,38,39,185,184,615],"class_list":["post-271044","post","type-post","status-publish","format-standard","has-post-thumbnail","category-sport","tag-actionar","tag-mihai-bobonete","tag-nicusor-bancu","tag-ro","tag-romana","tag-romania","tag-romanian","tag-sport","tag-sports","tag-universitatea-craiova"],"share_on_mastodon":{"url":"https:\/\/pubeurope.com\/@ro\/117134926142180431","error":""},"_links":{"self":[{"href":"https:\/\/www.europesays.com\/ro\/wp-json\/wp\/v2\/posts\/271044","targetHints":{"allow":["GET"]}}],"collection":[{"href":"https:\/\/www.europesays.com\/ro\/wp-json\/wp\/v2\/posts"}],"about":[{"href":"https:\/\/www.europesays.com\/ro\/wp-json\/wp\/v2\/types\/post"}],"author":[{"embeddable":true,"href":"https:\/\/www.europesays.com\/ro\/wp-json\/wp\/v2\/users\/2"}],"replies":[{"embeddable":true,"href":"https:\/\/www.europesays.com\/ro\/wp-json\/wp\/v2\/comments?post=271044"}],"version-history":[{"count":0,"href":"https:\/\/www.europesays.com\/ro\/wp-json\/wp\/v2\/posts\/271044\/revisions"}],"wp:featuredmedia":[{"embeddable":true,"href":"https:\/\/www.europesays.com\/ro\/wp-json\/wp\/v2\/media\/271045"}],"wp:attachment":[{"href":"https:\/\/www.europesays.com\/ro\/wp-json\/wp\/v2\/media?parent=271044"}],"wp:term":[{"taxonomy":"category","embeddable":true,"href":"https:\/\/www.europesays.com\/ro\/wp-json\/wp\/v2\/categories?post=271044"},{"taxonomy":"post_tag","embeddable":true,"href":"https:\/\/www.europesays.com\/ro\/wp-json\/wp\/v2\/tags?post=271044"}],"curies":[{"name":"wp","href":"https:\/\/api.w.org\/{rel}","templated":true}]}}