{"id":273138,"date":"2026-08-23T15:43:10","date_gmt":"2026-08-23T15:43:10","guid":{"rendered":"https:\/\/www.europesays.com\/ro\/273138\/"},"modified":"2026-08-23T15:43:10","modified_gmt":"2026-08-23T15:43:10","slug":"gianni-infantino-insulta-bizara-video-seful-fifa-dupa-ce-un-jurnalist-cu-chelie-l-a-intrebat-daca-a-tradat-fotbalul-ne-vedem-la-coafor","status":"publish","type":"post","link":"https:\/\/www.europesays.com\/ro\/273138\/","title":{"rendered":"Gianni Infantino, insult\u0103 bizar\u0103. VIDEO. \u0218eful FIFA, dup\u0103 ce un jurnalist cu chelie l-a \u00eentrebat dac\u0103 a tr\u0103dat fotbalul: \u201eNe vedem la coafor\u201d"},"content":{"rendered":"<ul class=\"bullets\">&#13;<\/p>\n<li>S\u0103pt\u0103m\u00e2na \u0219i scandalul pentru Gianni Infantino (56 de ani). \u0218eful FIFA a iscat o nou\u0103 controvers\u0103 dup\u0103 ce a insultat un reporter care l-a \u00eentrebat dac\u0103 a \u201etr\u0103dat fotbalul\u201d, dup\u0103 ce planul elve\u021bianului de a privatiza Cupa Mondial\u0103 <a target=\"_blank\" href=\"https:\/\/golazo.ro\/gianni-infantino-fifa-cupa-mondiala-182068\" rel=\"nofollow noopener\">a e\u0219uat<\/a>.<\/li>\n<p>&#13;\n<\/ul>\n<p><a id=\"google-source-button\" class=\"google-favorite\" target=\"_blank\" href=\"https:\/\/www.google.com\/preferences\/source?q=golazo.ro\" rel=\"nofollow noopener\"><\/p>\n<p>        <img loading=\"lazy\" decoding=\"async\" src=\"https:\/\/golazo.ro\/images\/google-logo.svg\" alt=\"\" width=\"24\" height=\"24\"\/><br \/>\n        <img loading=\"lazy\" decoding=\"async\" src=\"https:\/\/golazo.ro\/images\/check-icon-2.svg\" alt=\"\" width=\"24\" height=\"24\"\/><\/p>\n<p>    Adaug\u0103 GOLAZO.ro la favorite<\/p>\n<p><\/a><\/p>\n<p class=\"\">Prezent \u00een Republica Dominican\u0103, Infantino a fost oprit \u00een fa\u021ba unui hotel de c\u0103tre corespondentul Sky News din SUA, James Matthews, care l-a \u00eentrebat de ce nu \u0219i-a dat demisia, \u00een ciuda apelurilor venite din toat\u0103 lumea fotbalului.<\/p>\n<p>Infantino a insultat un jurnalist<\/p>\n<p class=\"\">Dup\u0103 ce l-a urm\u0103rit pe Infantino p\u00e2n\u0103 la un hotel de pe insula din Caraibe, unde acesta se deplasase pentru a participa la un turneu de tineret, Matthews, care este chelios, la fel ca Infantino, l-a \u00eentrebat pe elve\u021bian dac\u0103 \u201ea tr\u0103dat fotbalul\u201d. R\u0103spunsul \u0219efului FIFA a fost bizar: \u201eAi o tunsoare frumoas\u0103. Mul\u021bumesc foarte mult\u201d.<\/p>\n<p class=\"\">\u00cen timp ce Infantino se \u00eendep\u0103rta de jurnalist, Matthews a continuat s\u0103 pun\u0103 \u00eentreb\u0103ri: \u201eDe ce nu demisiona\u021bi? Fanii \u0219i federa\u021biile FIFA vor ca s\u0103 v\u0103 retrage\u021bi. De ce nu o face\u021bi? A\u021bi tr\u0103dat \u00eencrederea FIFA?\u201d.<\/p>\n<p class=\"\">\u00cen timp ce se urca \u00eentr-o ma\u0219in\u0103 care \u00eel a\u0219tepta, Infantino a replicat: \u201eNe vedem la coafor\u201d.<\/p>\n<blockquote class=\"twitter-tweet\">\n<p lang=\"en\" dir=\"ltr\">Gianni Infantino has avoided questions from Sky News reporter James Matthews, following backlash from his World Cup sell-off plan. <a href=\"https:\/\/t.co\/l1IhTkYCT8\" rel=\"nofollow\">pic.twitter.com\/l1IhTkYCT8<\/a><\/p>\n<p>\u2014 Sky Sports News (@SkySportsNews) <a href=\"https:\/\/x.com\/SkySportsNews\/status\/2091070671598084278?ref_src=twsrc%5Etfw\" rel=\"nofollow\">August 22, 2026<\/a><\/p><\/blockquote>\n<p class=\"\">Recent, UEFA, CONCACAF \u0219i AFC l-au acuzat pe Infantino de \u201e\u00een\u0219el\u0103ciune\u201d \u00een leg\u0103tur\u0103 planul s\u0103u de a crea o companie comercial\u0103 care urma s\u0103 gestioneze o parte dintre drepturile \u0219i veniturile competi\u021biilor FIFA \u0219i de a vinde participa\u021bii c\u0103tre investitori priva\u021bi.<\/p>\n<p class=\"\">Totodat\u0103, UEFA a amenin\u021bat cu boicotarea competi\u021biilor FIFA, declar\u00e2nd c\u0103 \u0219i-a \u201epierdut \u00eencrederea\u201d \u00een conducerea sa.<\/p>\n<p>Infantino continu\u0103 \u201er\u0103zboiul\u201d cu subalternii s\u0103i<\/p>\n<p class=\"\">Infantino a ignorat solicitarea unuia dintre vicepre\u0219edin\u021bii s\u0103i de la FIFA de a nu participa la turneul pentru sub 14 ani din Caraibe.<\/p>\n<p class=\"\">S\u00e2mb\u0103t\u0103, Infantino a postat pe contul s\u0103u de Instagram fotografii \u00een care era al\u0103turi de politicieni \u0219i oficiali din lumea fotbalului din Republica Dominican\u0103, \u00een marja unui turneu de tineret organizat de Uniunii de Fotbal din Caraibe (CFU).<\/p>\n<p class=\"\">Infantino fusese rugat s\u0103 nu participe de c\u0103tre Victor Montagliani, pre\u0219edintele canadian al CONCACAF \u0219i <a target=\"_blank\" href=\"https:\/\/golazo.ro\/fifa-gianni-infantino-presedinte-alegeri-victor-montagliani-182911\" rel=\"nofollow noopener\">poten\u021bialul s\u0103u contracandidat la \u0219efia FIFA<\/a>, pentru a nu distrage aten\u021bia de la eveniment.<\/p>\n<p class=\"\">\u201eConsider c\u0103, av\u00e2nd \u00een vedere criza de guvernan\u021b\u0103 cu care se confrunt\u0103 FIFA ca urmare a controversatei dumneavoastr\u0103 propuneri \u00abFIFA Forward Enterprise\u00bb, mass-media se va concentra asupra acestei situa\u021bii, ceea ce, din p\u0103cate, va deturna \u00een mod semnificativ aten\u021bia de la caracterul tehnic al competi\u021biei de tineret a CFU.<\/p>\n<p class=\"\">Prin urmare, v\u0103 rog respectuos, \u00een numele fotbalului, s\u0103 v\u0103 reconsidera\u021bi participarea, \u00eentruc\u00e2t aceasta va submina, din p\u0103cate, caracterul tehnic al acestei importante activit\u0103\u021bi de dezvoltare a tineretului\u201d, a scris Montagliani \u00eentr-un e-mail publicat de Associated Press.<\/p>\n<p class=\"\">Federa\u021biile membre din Caraibe sunt considerate poten\u021biali sus\u021bin\u0103tori ai lui Infantino \u00een efortul s\u0103u de a-\u0219i g\u0103si alia\u021bi \u00een \u201er\u0103zboiul civil\u201d din cadrul FIFA.<\/p>\n<p class=\"\">CONMEBOL, confedera\u021bia din America de Sud, l-a sus\u021binut pe Infantino \u00een \u00eencercarea de a ob\u021bine dreptul de a g\u0103zdui mai multe meciuri la Cupa Mondial\u0103 din 2030, pe care \u0219eful FIFA vrea s\u0103 o extind\u0103 de la 48 la 64 de echipe.<\/p>\n<p class=\"\">Infantino \u00eencearc\u0103 s\u0103 ob\u021bin\u0103 un al patrulea mandat la \u0219efia forului mondial la congresul electoral al FIFA din martie, din Maroc.<\/p>\n<p>VIDEO: cele mai noi imagini din sport<\/p>\n<p><script async src=\"https:\/\/platform.twitter.com\/widgets.js\" charset=\"utf-8\"><\/script><\/p>\n","protected":false},"excerpt":{"rendered":"&#13; S\u0103pt\u0103m\u00e2na \u0219i scandalul pentru Gianni Infantino (56 de ani). \u0218eful FIFA a iscat o nou\u0103 controvers\u0103 dup\u0103&hellip;\n","protected":false},"author":2,"featured_media":273139,"comment_status":"","ping_status":"","sticky":false,"template":"","format":"standard","meta":{"footnotes":"","_share_on_mastodon":"0"},"categories":[20],"tags":[352,6242,47276,5991,41,40,38,39,185,184],"class_list":["post-273138","post","type-post","status-publish","format-standard","has-post-thumbnail","category-sport","tag-fifa","tag-gianni-infantino","tag-insulta","tag-jurnalist","tag-ro","tag-romana","tag-romania","tag-romanian","tag-sport","tag-sports"],"share_on_mastodon":{"url":"https:\/\/pubeurope.com\/@ro\/117145594024503772","error":""},"_links":{"self":[{"href":"https:\/\/www.europesays.com\/ro\/wp-json\/wp\/v2\/posts\/273138","targetHints":{"allow":["GET"]}}],"collection":[{"href":"https:\/\/www.europesays.com\/ro\/wp-json\/wp\/v2\/posts"}],"about":[{"href":"https:\/\/www.europesays.com\/ro\/wp-json\/wp\/v2\/types\/post"}],"author":[{"embeddable":true,"href":"https:\/\/www.europesays.com\/ro\/wp-json\/wp\/v2\/users\/2"}],"replies":[{"embeddable":true,"href":"https:\/\/www.europesays.com\/ro\/wp-json\/wp\/v2\/comments?post=273138"}],"version-history":[{"count":0,"href":"https:\/\/www.europesays.com\/ro\/wp-json\/wp\/v2\/posts\/273138\/revisions"}],"wp:featuredmedia":[{"embeddable":true,"href":"https:\/\/www.europesays.com\/ro\/wp-json\/wp\/v2\/media\/273139"}],"wp:attachment":[{"href":"https:\/\/www.europesays.com\/ro\/wp-json\/wp\/v2\/media?parent=273138"}],"wp:term":[{"taxonomy":"category","embeddable":true,"href":"https:\/\/www.europesays.com\/ro\/wp-json\/wp\/v2\/categories?post=273138"},{"taxonomy":"post_tag","embeddable":true,"href":"https:\/\/www.europesays.com\/ro\/wp-json\/wp\/v2\/tags?post=273138"}],"curies":[{"name":"wp","href":"https:\/\/api.w.org\/{rel}","templated":true}]}}