{"id":274204,"date":"2026-08-24T13:37:13","date_gmt":"2026-08-24T13:37:13","guid":{"rendered":"https:\/\/www.europesays.com\/ro\/274204\/"},"modified":"2026-08-24T13:37:13","modified_gmt":"2026-08-24T13:37:13","slug":"doua-variante-de-galaxy-s27-ultra-o-sursa-indica-faptul-ca-vom-avea-doua-designuri-diferite","status":"publish","type":"post","link":"https:\/\/www.europesays.com\/ro\/274204\/","title":{"rendered":"Dou\u0103 variante de Galaxy S27 Ultra? O surs\u0103 indic\u0103 faptul c\u0103 vom avea dou\u0103 designuri diferite"},"content":{"rendered":"<p>S\u0103pt\u0103m\u00e2na \u00eencepe cu o teorie cel pu\u0163in tr\u0103znit\u0103: Samsung va etala dou\u0103 designuri diferite pentru S27 Ultra. Dup\u0103 ce \u00een weekend a ap\u0103rut <a href=\"https:\/\/www.mobilissimo.ro\/stiri-telefoane\/galaxy-s27-ultra-apare-in-noi-randari-cad-cu-o-insula-foto-lata-samsung-ar-putea-face-loc-camerelor-imbunatatite-si-magnetilor-qi2\" target=\"_blank\" rel=\"nofollow noopener\">noul design de camer\u0103<\/a>\u00a0pentru S27 Ultra, acum afl\u0103m c\u0103 flagship-ul ar sosi \u00een dou\u0103 variante.<\/p>\n<p style=\"text-align:center\"><a href=\"https:\/\/www.europesays.com\/ro\/wp-content\/uploads\/2026\/08\/image2(13).jpg\" target=\"_blank\"><img decoding=\"async\" alt=\"S27 Ultra\" src=\"https:\/\/www.europesays.com\/ro\/wp-content\/uploads\/2026\/08\/image2(13).jpg\" style=\"height:393px; width:590px\"\/><\/a><\/p>\n<p><a href=\"https:\/\/x.com\/UniverseIce\/status\/2091499404696175080\" rel=\"nofollow noopener noreferrer\" target=\"_blank\">Ice Universe<\/a> a dezv\u0103luit c\u0103 S27 Ultra va avea o camer\u0103 orizontal\u0103 cu modul \u00een stil iPhone 17 Pro Max. Acum un alt zvonac, Sonny Dickson sus\u0163ine sc\u0103parea. Tot Dickson a partajat \u015fi rand\u0103ri noi \u015fi ne spune c\u0103 telefonul va sosi \u00een dou\u0103 dimensiuni. Primul g\u00e2nd a fost c\u0103 autorul sc\u0103p\u0103rii confunda de fapt a doua versiune S27 Ultra cu S27 Pro de fapt.<\/p>\n<p style=\"text-align:center\"><a href=\"https:\/\/www.europesays.com\/ro\/wp-content\/uploads\/2026\/08\/image3(11).jpg\" target=\"_blank\"><img decoding=\"async\" alt=\"S27 Ultra\" src=\"https:\/\/www.europesays.com\/ro\/wp-content\/uploads\/2026\/08\/image3(11).jpg\" style=\"height:333px; width:592px\"\/><\/a><\/p>\n<p>Ce e drept sunt multe persoane care \u015fi-ar dori un Ultra mai mic, mai compact, dar cu acelea\u015fi camere \u015fi aceea\u015fi putere de procesare. Ice Universe mai sugereaz\u0103 \u015fi c\u0103 S27 \u015fi S27+ vor p\u0103stra designul vertical pentru modulul camerei, deci doar Ultra-ul trece la abordarea dreptunghiular\u0103. Revenind la Ultra, el ar renun\u0163a la camera telephoto cu zoom optic 3X \u015fi r\u0103m\u00e2ne doar cea cu 5X.<\/p>\n<p>Personal nu \u015ftiu cum ar brandui Samsung dou\u0103 Ultra-uri: Ultra \u015fi Ultra Plus? Ultra \u015fi Ultra Pro? Ultra Mini? E dificil\u2026Cred c\u0103 st\u0103 \u00een picioare mai degrab\u0103 un Pro \u015fi un Ultra. Mai cred \u015fi c\u0103 e cazul c\u0103 Samsung trebuie s\u0103 renun\u0163e la S27+, care a devenit redundant.<\/p>\n","protected":false},"excerpt":{"rendered":"S\u0103pt\u0103m\u00e2na \u00eencepe cu o teorie cel pu\u0163in tr\u0103znit\u0103: Samsung va etala dou\u0103 designuri diferite pentru S27 Ultra. Dup\u0103&hellip;\n","protected":false},"author":2,"featured_media":274205,"comment_status":"","ping_status":"","sticky":false,"template":"","format":"standard","meta":{"footnotes":"","_share_on_mastodon":"0"},"categories":[16],"tags":[274,12293,38315,72073,41,40,38,39,163,75676,141,124,4380,4381],"class_list":["post-274204","post","type-post","status-publish","format-standard","has-post-thumbnail","category-tehnologie","tag-android","tag-camere-foto","tag-galaxy-s27-ultra","tag-ice-universe","tag-ro","tag-romana","tag-romania","tag-romanian","tag-samsung","tag-sonny-dickson","tag-technology","tag-tehnologie","tag-telefoane","tag-zvonuri"],"share_on_mastodon":{"url":"https:\/\/pubeurope.com\/@ro\/117150760993606701","error":""},"_links":{"self":[{"href":"https:\/\/www.europesays.com\/ro\/wp-json\/wp\/v2\/posts\/274204","targetHints":{"allow":["GET"]}}],"collection":[{"href":"https:\/\/www.europesays.com\/ro\/wp-json\/wp\/v2\/posts"}],"about":[{"href":"https:\/\/www.europesays.com\/ro\/wp-json\/wp\/v2\/types\/post"}],"author":[{"embeddable":true,"href":"https:\/\/www.europesays.com\/ro\/wp-json\/wp\/v2\/users\/2"}],"replies":[{"embeddable":true,"href":"https:\/\/www.europesays.com\/ro\/wp-json\/wp\/v2\/comments?post=274204"}],"version-history":[{"count":0,"href":"https:\/\/www.europesays.com\/ro\/wp-json\/wp\/v2\/posts\/274204\/revisions"}],"wp:featuredmedia":[{"embeddable":true,"href":"https:\/\/www.europesays.com\/ro\/wp-json\/wp\/v2\/media\/274205"}],"wp:attachment":[{"href":"https:\/\/www.europesays.com\/ro\/wp-json\/wp\/v2\/media?parent=274204"}],"wp:term":[{"taxonomy":"category","embeddable":true,"href":"https:\/\/www.europesays.com\/ro\/wp-json\/wp\/v2\/categories?post=274204"},{"taxonomy":"post_tag","embeddable":true,"href":"https:\/\/www.europesays.com\/ro\/wp-json\/wp\/v2\/tags?post=274204"}],"curies":[{"name":"wp","href":"https:\/\/api.w.org\/{rel}","templated":true}]}}