{"id":274939,"date":"2026-08-25T07:12:09","date_gmt":"2026-08-25T07:12:09","guid":{"rendered":"https:\/\/www.europesays.com\/ro\/274939\/"},"modified":"2026-08-25T07:12:09","modified_gmt":"2026-08-25T07:12:09","slug":"ancelotti-te-uiti-omul-lasat-pe-dinafara-la-mondial-a-inscris-cel-mai-rapid-gol-din-istoria-etapei-1-in-premier-league","status":"publish","type":"post","link":"https:\/\/www.europesays.com\/ro\/274939\/","title":{"rendered":"Ancelotti, te ui\u021bi?! Omul l\u0103sat pe dinafar\u0103 la Mondial a \u00eenscris cel mai rapid gol din istoria etapei 1 \u00een Premier League!"},"content":{"rendered":"<p>\n            Articol de <a rel=\"author nofollow noopener\" href=\"https:\/\/www.gsp.ro\/autor\/daniel-grigore-3879.html\" target=\"_blank\">Daniel Grigore<\/a>            &#8211; Publicat luni, 24 august 2026 22:31            \/ Actualizat luni, 24 august 2026 22:43                    <\/p>\n<p>Doar de 31 de secunde a avut nevoie brazilianul <a target=\"_blank\" class=\"editor-link autolink-enabled\" href=\"https:\/\/www.gsp.ro\/rezultate-live\/jucatorul-playername-204125\" data-resource-id=\"204125\" data-resource-type=\"player\" data-sport=\"football\" rel=\"nofollow noopener\">Joao Pedro<\/a> (24 de ani) pentru a deschide scorul \u00een Fulham &#8211; <a target=\"_blank\" class=\"editor-link autolink-enabled\" href=\"https:\/\/www.gsp.ro\/rezultate-live\/echipa-teamname-82\" data-resource-id=\"82\" data-resource-type=\"team\" data-sport=\"football\" rel=\"nofollow noopener\">Chelsea<\/a>. Este cel mai rapid gol \u00eenscris vreodat\u0103 \u00een etapa inaugural\u0103 a unui sezon de Premier League.<\/p>\n<p class=\"do-not-hide\">\u00cen sezonul 25\/26, primul al lui la Chelsea, Joao Pedro a \u00eenscris 23 de goluri \u00een 53 de apari\u021bii. Un randament bun, care nu i-a asigurat \u00eens\u0103 locul \u00een lotul deplasat de Brazilia la Campionatul Mondial.<\/p>\n<p class=\"do-not-hide\">Felul \u00een care atacantul lui Chelsea a \u00eenceput noul sezon va pune \u0219i mai mult\u0103 sare pe rana \u00eenc\u0103 deschis\u0103 a brazilienilor, elimina\u021bi devreme de la Campionatul Mondial.<\/p>\n<p>Ancelotti, te ui\u021bi?! Joao Pedro, gol \u00een secunda 31 din Fulham &#8211; Chelsea<\/p>\n<p>Joao Pedro a avut nevoie de numai 31 de secunde pentru a \u00eenscris \u00een Fulham &#8211; Chelsea, primul meci oficial al alba\u0219trilor \u00een noul sezon. A fost cel mai rapid gol din istoria unei prime etape din Premier League.<\/p>\n<p>Faza a fost simpl\u0103: degajare din defensiva lui Fulham, Lacroix a ajuns primul la minge \u0219i a respins puternic cu capul, p\u00e2n\u0103 la marginea careului advers. Acolo, Cole Palmer a deviat pentru demarcarea lui Joao Pedro, care l-a lobat elegant pe Leno.<\/p>\n<p>A fost cel mai bun \u00eenceput posibil de sezon pentru Chelsea \u0219i Pedro, l\u0103sat acas\u0103 de Carlo Ancelotti la cea mai important\u0103 competi\u021bie din fotbal. Italianul a preferat s\u0103-l convoace pe Neymar, de\u0219i decarul lui Santos nu era apt de joc \u0219i a ratat primele dou\u0103 meciuri din turneu.<\/p>\n","protected":false},"excerpt":{"rendered":"Articol de Daniel Grigore &#8211; Publicat luni, 24 august 2026 22:31 \/ Actualizat luni, 24 august 2026 22:43&hellip;\n","protected":false},"author":2,"featured_media":274940,"comment_status":"","ping_status":"","sticky":false,"template":"","format":"standard","meta":{"footnotes":"","_share_on_mastodon":"0"},"categories":[20],"tags":[4451,21957,54108,1642,41,40,38,39,185,184],"class_list":["post-274939","post","type-post","status-publish","format-standard","has-post-thumbnail","category-sport","tag-chelsea","tag-fulham","tag-joao-pedro","tag-premier-league","tag-ro","tag-romana","tag-romania","tag-romanian","tag-sport","tag-sports"],"share_on_mastodon":{"url":"https:\/\/pubeurope.com\/@ro\/117154909046765808","error":""},"_links":{"self":[{"href":"https:\/\/www.europesays.com\/ro\/wp-json\/wp\/v2\/posts\/274939","targetHints":{"allow":["GET"]}}],"collection":[{"href":"https:\/\/www.europesays.com\/ro\/wp-json\/wp\/v2\/posts"}],"about":[{"href":"https:\/\/www.europesays.com\/ro\/wp-json\/wp\/v2\/types\/post"}],"author":[{"embeddable":true,"href":"https:\/\/www.europesays.com\/ro\/wp-json\/wp\/v2\/users\/2"}],"replies":[{"embeddable":true,"href":"https:\/\/www.europesays.com\/ro\/wp-json\/wp\/v2\/comments?post=274939"}],"version-history":[{"count":0,"href":"https:\/\/www.europesays.com\/ro\/wp-json\/wp\/v2\/posts\/274939\/revisions"}],"wp:featuredmedia":[{"embeddable":true,"href":"https:\/\/www.europesays.com\/ro\/wp-json\/wp\/v2\/media\/274940"}],"wp:attachment":[{"href":"https:\/\/www.europesays.com\/ro\/wp-json\/wp\/v2\/media?parent=274939"}],"wp:term":[{"taxonomy":"category","embeddable":true,"href":"https:\/\/www.europesays.com\/ro\/wp-json\/wp\/v2\/categories?post=274939"},{"taxonomy":"post_tag","embeddable":true,"href":"https:\/\/www.europesays.com\/ro\/wp-json\/wp\/v2\/tags?post=274939"}],"curies":[{"name":"wp","href":"https:\/\/api.w.org\/{rel}","templated":true}]}}