{"id":27494,"date":"2025-10-25T11:34:08","date_gmt":"2025-10-25T11:34:08","guid":{"rendered":"https:\/\/www.europesays.com\/ro\/27494\/"},"modified":"2025-10-25T11:34:08","modified_gmt":"2025-10-25T11:34:08","slug":"ancheta-la-un-liceu-din-iasi-dupa-ce-o-profesoara-ar-fi-fost-recunoscuta-de-elevi-in-imagini-de-pe-site-uri-pentru-adulti","status":"publish","type":"post","link":"https:\/\/www.europesays.com\/ro\/27494\/","title":{"rendered":"Anchet\u0103 la un liceu din Ia\u0219i, dup\u0103 ce o profesoar\u0103 ar fi fost recunoscut\u0103 de elevi \u00een imagini de pe site-uri pentru adul\u021bi"},"content":{"rendered":"<p>Sambata, 25 Octombrie 2025, ora 13:40<\/p>\n<p>1650 citiri<\/p>\n<p><a class=\"news__image\" data-href=\"https:\/\/s1.ziareromania.ro\/?mmid=3964756ae7a907e968\" data-size=\"656x588\" title=\"Anchet\u0103 la un liceu din Ia\u0219i, dup\u0103 ce o profesoar\u0103 ar fi fost recunoscut\u0103 de elevi \u00een imagini de pe site-uri pentru adul\u021bi\"><img decoding=\"async\" src=\"https:\/\/www.europesays.com\/ro\/wp-content\/uploads\/2025\/10\/Anchet---la-un-liceu-din-Ia--i--dup---ce-o-profesoar---ar-fi-fost-recunoscut---de-elevi---n-imagini-.jpeg\" alt=\"Anchet\u0103 la un liceu din Ia\u0219i, dup\u0103 ce o profesoar\u0103 ar fi fost recunoscut\u0103 de elevi \u00een imagini de pe site-uri pentru adul\u021bi\" title=\"Anchet\u0103 la un liceu din Ia\u0219i, dup\u0103 ce o profesoar\u0103 ar fi fost recunoscut\u0103 de elevi \u00een imagini de pe site-uri pentru adul\u021bi\" class=\"img-responsive\"\/><\/a><\/p>\n<p>Profesoara de la liceul din jude\u021bul Ia\u0219i FOTO \/ captur\u0103 foto bzi.ro<\/p>\n<p>O profesoar\u0103 de biologie de la Liceul Teoretic \u201eLasc\u0103r Rosetti\u201d din R\u0103duc\u0103neni, jude\u021bul Ia\u0219i, este vizat\u0103 de o anchet\u0103 intern\u0103, dup\u0103 ce \u00een mediul \u0219colar au ap\u0103rut informa\u021bii \u0219i imagini atribuite acesteia, preluate de pe site-uri pentru adul\u021bi.<\/p>\n<p>Potrivit unor surse din \u0219coal\u0103, mai mul\u021bi elevi ar fi distribuit fotografii \u0219i capturi video \u00een care ar ap\u0103rea profesoara, identificat\u0103 de unii dintre ace\u0219tia \u00een materialele respective. Cazul a fost semnalat conducerii unit\u0103\u021bii de \u00eenv\u0103\u021b\u0103m\u00e2nt, care a anun\u021bat c\u0103 va analiza situa\u021bia conform procedurilor legale.<\/p>\n<p>Profesoara vizat\u0103, Claudia Covaciu, are 24 de ani, este originar\u0103 din Arad \u0219i a absolvit Facultatea de Biologie a Universit\u0103\u021bii \u201eAlexandru Ioan Cuza\u201d din Ia\u0219i. Ea a ob\u021binut nota 9,73 la examenul de titularizare \u0219i pred\u0103 biologia de aproximativ trei ani la Liceul \u201eLasc\u0103r Rosetti\u201d, at\u00e2t la clasele de gimnaziu, c\u00e2t \u0219i la cele de liceu.<\/p>\n<p>\u00cen spa\u021biul public au ap\u0103rut declara\u021bii contradictorii privind statutul s\u0103u actual la unitatea de \u00eenv\u0103\u021b\u0103m\u00e2nt. Directorul adjunct al liceului, Livia Pan\u021biru, a afirmat c\u0103 profesoara \u0219i-ar fi \u00eenaintat demisia:<\/p>\n<p>\u201eSe \u0219tie despre aceast\u0103 situa\u021bie de dou\u0103 zile, s-a aflat de la elevi. Profesoara pred\u0103 aici de aproximativ trei ani, dar acum nu o mai g\u0103si\u021bi \u00een \u0219coal\u0103, deoarece \u0219i-a dat demisia. Noi am aflat, dar nu am putut s-o d\u0103m afar\u0103 p\u00e2n\u0103 nu facem toat\u0103 procedura legal\u0103; ea \u0219i-a dat demisia\u201d, a declarat aceasta, potrivit <a href=\"https:\/\/www.bzi.ro\/cea-mai-fierbinte-profa-bisexuala-din-iasi-a-fost-gasita-de-elevii-sai-pe-site-urile-de-videochat-imaginile-deocheate-au-facut-inconjurul-scolii-pentru-cat-se-vindea-tanara-care-preda-biologia-5383187\" target=\"_blank\" rel=\"nofollow noopener\">bzi.ro.<\/a><\/p>\n<p><a href=\"https:\/\/residentialist.ro\/apartamente-vanzare\/bucuresti\/2-camere\" target=\"_blank\" rel=\"nofollow noopener\">apartamente de vanzare bucuresti 2 camere<\/a><\/p>\n<p>\u00cen schimb, directorul institu\u021biei, Liliana Carp, a declarat c\u0103 nu are cuno\u0219tin\u021b\u0103 despre o demisie \u0219i c\u0103 profesoara figureaz\u0103 \u00een continuare ca angajat\u0103 a liceului:<\/p>\n<p>\u201eEu nu \u0219tiu nimic. Dumneaei nu \u0219i-a dat demisia. Eu nu \u0219tiu ce declara\u021bii v-a dat doamna director adjunct, dar voi ajunge la \u0219coal\u0103 \u0219i voi afla. Doamna Covaciu nu \u0219i-a dat demisia, este angajata unit\u0103\u021bii \u00een continuare. Doamna are ast\u0103zi ore \u0219i voi discuta cu ea. Eu am alt\u0103 treab\u0103 \u00een \u0219coal\u0103 dec\u00e2t s\u0103 urm\u0103resc un profesor; fi\u0219a mea de atribu\u021bii este alta. Dac\u0103 se vor confirma zvonurile, vom intra \u00een comisia de etic\u0103 \u0219i vom face toate procedurile legale.\u201d<\/p>\n<p>Conducerea liceului urmeaz\u0103 s\u0103 stabileasc\u0103, \u00een cadrul unei analize interne, dac\u0103 faptele semnalate se confirm\u0103 \u0219i dac\u0103 acestea \u00eencalc\u0103 normele de conduit\u0103 profesional\u0103 prev\u0103zute de legisla\u021bia \u00een vigoare.<\/p>\n<p>\u021ai-a pl\u0103cut articolul?<\/p>\n<p> Vrem s\u0103 producem mai multe, \u00eens\u0103 avem nevoie de sus\u021binerea ta. Orice dona\u021bie conteaz\u0103 pentru jurnalismul independent <\/p>\n","protected":false},"excerpt":{"rendered":"Sambata, 25 Octombrie 2025, ora 13:40 1650 citiri Profesoara de la liceul din jude\u021bul Ia\u0219i FOTO \/ captur\u0103&hellip;\n","protected":false},"author":2,"featured_media":27495,"comment_status":"","ping_status":"","sticky":false,"template":"","format":"standard","meta":{"footnotes":"","_share_on_mastodon":"0"},"categories":[10],"tags":[32,33,31,36,37,27,34,35,25,12469,12470,41,40,38,39,12471,26,28,29,30],"class_list":["post-27494","post","type-post","status-publish","format-standard","has-post-thumbnail","category-romania","tag-breaking-news","tag-breakingnews","tag-cele-mai-populare-subiecte","tag-featured-news","tag-featurednews","tag-headlines","tag-latest-news","tag-latestnews","tag-news","tag-profesoara","tag-profesoara-liceu","tag-ro","tag-romana","tag-romania","tag-romanian","tag-site-adulti","tag-stiri","tag-titluri","tag-top-stories","tag-topstories"],"share_on_mastodon":{"url":"https:\/\/pubeurope.com\/@ro\/115434596914393479","error":""},"_links":{"self":[{"href":"https:\/\/www.europesays.com\/ro\/wp-json\/wp\/v2\/posts\/27494","targetHints":{"allow":["GET"]}}],"collection":[{"href":"https:\/\/www.europesays.com\/ro\/wp-json\/wp\/v2\/posts"}],"about":[{"href":"https:\/\/www.europesays.com\/ro\/wp-json\/wp\/v2\/types\/post"}],"author":[{"embeddable":true,"href":"https:\/\/www.europesays.com\/ro\/wp-json\/wp\/v2\/users\/2"}],"replies":[{"embeddable":true,"href":"https:\/\/www.europesays.com\/ro\/wp-json\/wp\/v2\/comments?post=27494"}],"version-history":[{"count":0,"href":"https:\/\/www.europesays.com\/ro\/wp-json\/wp\/v2\/posts\/27494\/revisions"}],"wp:featuredmedia":[{"embeddable":true,"href":"https:\/\/www.europesays.com\/ro\/wp-json\/wp\/v2\/media\/27495"}],"wp:attachment":[{"href":"https:\/\/www.europesays.com\/ro\/wp-json\/wp\/v2\/media?parent=27494"}],"wp:term":[{"taxonomy":"category","embeddable":true,"href":"https:\/\/www.europesays.com\/ro\/wp-json\/wp\/v2\/categories?post=27494"},{"taxonomy":"post_tag","embeddable":true,"href":"https:\/\/www.europesays.com\/ro\/wp-json\/wp\/v2\/tags?post=27494"}],"curies":[{"name":"wp","href":"https:\/\/api.w.org\/{rel}","templated":true}]}}