{"id":275602,"date":"2026-08-25T16:52:12","date_gmt":"2026-08-25T16:52:12","guid":{"rendered":"https:\/\/www.europesays.com\/ro\/275602\/"},"modified":"2026-08-25T16:52:12","modified_gmt":"2026-08-25T16:52:12","slug":"reactia-guvernului-dupa-ce-directorul-general-al-nuclearelectrica-a-transmis-ca-renunta-la-mandat-anuntul-companiei","status":"publish","type":"post","link":"https:\/\/www.europesays.com\/ro\/275602\/","title":{"rendered":"Reac\u021bia Guvernului dup\u0103 ce directorul general al Nuclearelectrica a transmis c\u0103 renun\u021b\u0103 la mandat. Anun\u021bul companiei"},"content":{"rendered":"<p>\t    <img loading=\"lazy\" decoding=\"async\" class=\"mg-x-auto\" width=\"30\" height=\"30\" src=\"https:\/\/www.europesays.com\/ro\/wp-content\/uploads\/2026\/08\/1787676732_35_google-g-w.png\" alt=\"\"\/>\t\t\t    <\/p>\n<p id=\"p-0\">UPDATE 18:53 \u201eUn act unilateral de voin\u021b\u0103\u201d<\/p>\n<p id=\"p-1\">\u201eDemisia este un act unilateral de voin\u021b\u0103. Dup\u0103 o perioada de preaviz de 90 de zile, conform contractului, dar care poate fi scurtat\u0103 cu acordul par\u021bilor, va urma o\u00a0 selec\u021bie pentru un nou titular\u201d, a comunicat purt\u0103torul de cuv\u00e2nt al Guvernului, la solicitarea jurnali\u0219tilor.<\/p>\n<p id=\"p-2\">\u0218tirea ini\u021bial\u0103<\/p>\n<p id=\"p-3\">Societatea Na\u021bional\u0103 Nuclearelectrica S.A. a transmis ca mar\u021bi, 25 august a fost notificat\u0103 cu privire la solicitarea lui Cosmin Ghit\u0103, Director General al SN Nuclearelectrica SA, de \u00eencetare a contractului de mandat, \u00eencheiat cu SN Nuclearelectrica SA.<\/p>\n<p id=\"p-4\">\u201eNuclearelectrica va comunica data efectiv\u0103 la care renun\u021barea la mandat urmeaz\u0103 s\u0103 \u00ee\u0219i produc\u0103 efectele. SN Nuclearelectrica S.A. \u00eei mul\u021bume\u0219te domnului Cosmin Ghi\u021b\u0103 pentru contribu\u021bia adus\u0103 la dezvoltarea companiei pe perioada derul\u0103rii mandatelor sale de director general al companiei\u201d, a transmis compania.<\/p>\n<p id=\"p-5\">Cosmin Ghi\u021b\u0103 a de\u021binut pozi\u021bia de Director General \u00een cadrul Nuclearelectrica din septembrie 2017.<\/p>\n<p id=\"p-6\">Conform <a href=\"https:\/\/nuclearelectrica.ro\/ir\/team\/cosmin-ghita\/\" target=\"_blank\" rel=\"noopener nofollow\">CV-ului oficial<\/a>, este absolvent at Bates College din Statele Unite ale Americii, cu specializare \u00een economie politic\u0103 interna\u021bional\u0103. \u0218i-a \u00eenceput carier\u0103 \u00een SUA \u00een cadrul Chevron, Washington, contribuind apoi la demersurile companiei din Rom\u00e2nia. \u00cen perioada 2015-2017 a fost partener \u00een cadrul fondului de investi\u021bii privat \u00een energie Amerocap, cu sediul la New York, sprijinind tranzac\u021bii \u0219i demersuri de atragere de capital \u00een domeniul energiei \u0219i al resurselor minerale, \u00een Rom\u00e2nia, Ucraina \u0219i Marea Britanie. A de\u021binut ulterior func\u021bia de consilier al Primului Ministru al Rom\u00e2niei pe probleme de securitate energetic\u0103 \u0219i politici energetice.<\/p>\n<p id=\"p-7\">Cosmin Ghi\u021b\u0103 este primul rom\u00e2n ales \u00een cadrul Main Governing Board al World Association of Nuclear Opertors (\u201cWANO\u201d) contribuind la \u00eendeplinirea obiectivelor acestei asocia\u021bii interna\u021bionale de \u00eent\u0103rire a securit\u0103\u021bii nucleare \u0219i a culturii de securitate nuclear\u0103, cu impact asupra tuturor centralelor nucleare din lume. El este fluent \u00een rom\u00e2n\u0103, englez\u0103, rus\u0103 \u0219i francez\u0103.<\/p>\n<p>Care este contextul<\/p>\n<p id=\"p-8\">Decizia vine \u00een contextul \u00een care Centrala de la Cernavod\u0103, operat\u0103 de companie, este oprit\u0103 din cauza debitelor extrem de sc\u0103zute ale Dun\u0103rii \u0219i la c\u00e2teva s\u0103pt\u0103m\u00e2ni de la publicarea concluziilor raportului derulat de Corpul de control al premierului privind activit\u0103\u021bile pentru dezvoltarea proiectului reactoarelor modulare mici (SMR) de la Doice\u0219ti.<\/p>\n<p id=\"p-9\">Nuclearelectrica este operatorul centralei de la Cernavod\u0103 \u0219i produc\u0103torul na\u021bional de energie nuclear\u0103 controlat de stat, prin Ministerul Energiei, cu 82,49% din ac\u021biuni.<\/p>\n<p id=\"p-10\">Rom\u00e2nia este \u00een stare de alert\u0103 energetic\u0103, din 1 august, dup\u0103 oprirea primului reactor de la Cernavod\u0103 (700 MW), pe 28 iulie, din cauza <a href=\"https:\/\/www.mediafax.ro\/economic\/debitul-dunarii-incepe-sa-creasca-la-intrarea-in-tara-cand-se-va-resimti-acest-avans-in-apropierea-centralei-nucleare-de-la-cernavoda-23795634\" rel=\"nofollow noopener\" target=\"_blank\">debitelor foarte sc\u0103zute ale Dun\u0103rii<\/a>, care au dus \u0219i la \u00eenjum\u0103t\u0103\u021birea produc\u021biei celor dou\u0103 hidrocentrale de pe fluviu de la intrarea \u00een \u021bar\u0103, cu o cot\u0103 de 10-15% din totalul generat la nivel multianual. Centrala de la Cernavod\u0103, oprit\u0103 total pe 13 iulie, asigur\u0103, \u00een condi\u021bii normale de func\u021bionare, aproximativ 20% din produc\u021bia na\u021bional\u0103 de energie.<\/p>\n<p id=\"p-11\">Sinteza <a href=\"https:\/\/www.mediafax.ro\/economic\/ce-a-descoperit-corpul-de-control-al-premierului-la-nuclearelectrica-privind-proiectul-reactoarelor-modulare-mici-smr-intarzieri-de-20-de-luni-costuri-crescute-cu-38-mld-dolari-23779883\" rel=\"nofollow noopener\" target=\"_blank\">verific\u0103rilor \u0219i recomand\u0103rile Corpului de control<\/a> al premierului a fost transmis\u0103 pe 27 iulie, la aproximativ dou\u0103 s\u0103pt\u0103m\u00e2ni dup\u0103 ce Nuclearelectrica anun\u021base c\u0103 a recep\u021bionat, pe 14 iulie, de la Ministerul Energiei, ac\u021bionarul majoritar, o solicitare de convocare a unei Adun\u0103ri Generale Extraordinare a Ac\u021bionarilor pentru a se lua act de o not\u0103 de informare a ac\u021bionarilor Nuclearelectrica privind concluziile \u0219i recomand\u0103rile cuprinse \u00een acest raport. Pe 20 iulie, Nuclearelectrica a anun\u021bat decizia de convocare a Adun\u0103rii Generale Extraordinare a Ac\u021bionarilor pentru data de 10 \/ 11 septembrie, av\u00e2nd aceast\u0103 not\u0103 de informare\u00a0 pe ordinea de zi.<\/p>\n<p id=\"p-12\">Conducerea Nuclearelectrica a transmis de asemenea ulterior ac\u021bionarilor, printr-o <a href=\"https:\/\/www.mediafax.ro\/economic\/nuclearelectrica-readuce-in-discutie-dezvoltarea-reactoarelor-modulare-mici-smr-in-contextul-starii-de-alerta-energetica-situatia-la-zi-23783760\" rel=\"nofollow noopener\" target=\"_blank\">ampl\u0103 informare<\/a> la Bursa de Valori Bucure\u0219ti, un punct de vedere fa\u021b\u0103 de constat\u0103rile \u0219i recomand\u0103rile Corpului de control al premierului.<\/p>\n<p id=\"p-13\">\u0218tire \u00een curs de actualizare.<\/p>\n","protected":false},"excerpt":{"rendered":"UPDATE 18:53 \u201eUn act unilateral de voin\u021b\u0103\u201d \u201eDemisia este un act unilateral de voin\u021b\u0103. Dup\u0103 o perioada de&hellip;\n","protected":false},"author":2,"featured_media":275603,"comment_status":"","ping_status":"","sticky":false,"template":"","format":"standard","meta":{"footnotes":"","_share_on_mastodon":"0"},"categories":[10],"tags":[32,33,31,71156,17880,36,37,27,34,35,25,23167,76064,49540,41,40,38,39,37551,68741,26,28,29,30],"class_list":["post-275602","post","type-post","status-publish","format-standard","has-post-thumbnail","category-romania","tag-breaking-news","tag-breakingnews","tag-cele-mai-populare-subiecte","tag-cosmin-ghita","tag-energie-nucleara","tag-featured-news","tag-featurednews","tag-headlines","tag-latest-news","tag-latestnews","tag-news","tag-nuclearelectrica","tag-reactiare-oprite","tag-reactoare-nucleare","tag-ro","tag-romana","tag-romania","tag-romanian","tag-smr","tag-stare-de-alerta-energetica","tag-stiri","tag-titluri","tag-top-stories","tag-topstories"],"share_on_mastodon":{"url":"https:\/\/pubeurope.com\/@ro\/117157189956664809","error":""},"_links":{"self":[{"href":"https:\/\/www.europesays.com\/ro\/wp-json\/wp\/v2\/posts\/275602","targetHints":{"allow":["GET"]}}],"collection":[{"href":"https:\/\/www.europesays.com\/ro\/wp-json\/wp\/v2\/posts"}],"about":[{"href":"https:\/\/www.europesays.com\/ro\/wp-json\/wp\/v2\/types\/post"}],"author":[{"embeddable":true,"href":"https:\/\/www.europesays.com\/ro\/wp-json\/wp\/v2\/users\/2"}],"replies":[{"embeddable":true,"href":"https:\/\/www.europesays.com\/ro\/wp-json\/wp\/v2\/comments?post=275602"}],"version-history":[{"count":0,"href":"https:\/\/www.europesays.com\/ro\/wp-json\/wp\/v2\/posts\/275602\/revisions"}],"wp:featuredmedia":[{"embeddable":true,"href":"https:\/\/www.europesays.com\/ro\/wp-json\/wp\/v2\/media\/275603"}],"wp:attachment":[{"href":"https:\/\/www.europesays.com\/ro\/wp-json\/wp\/v2\/media?parent=275602"}],"wp:term":[{"taxonomy":"category","embeddable":true,"href":"https:\/\/www.europesays.com\/ro\/wp-json\/wp\/v2\/categories?post=275602"},{"taxonomy":"post_tag","embeddable":true,"href":"https:\/\/www.europesays.com\/ro\/wp-json\/wp\/v2\/tags?post=275602"}],"curies":[{"name":"wp","href":"https:\/\/api.w.org\/{rel}","templated":true}]}}