{"id":27583,"date":"2025-10-25T13:33:09","date_gmt":"2025-10-25T13:33:09","guid":{"rendered":"https:\/\/www.europesays.com\/ro\/27583\/"},"modified":"2025-10-25T13:33:09","modified_gmt":"2025-10-25T13:33:09","slug":"profesoara-de-biologie-din-iasi-surprinsa-de-elevi-pe-site-urile-de-videochat-imaginile-scandaloase-au-facut-valva-cum-sa-mi-mai-trimit-eu-copiii-la-scoala","status":"publish","type":"post","link":"https:\/\/www.europesays.com\/ro\/27583\/","title":{"rendered":"Profesoar\u0103 de biologie din Ia\u0219i, surprins\u0103 de elevi pe site-urile de videochat. Imaginile scandaloase au f\u0103cut v\u00e2lv\u0103: \u201eCum s\u0103-mi mai trimit eu copiii la \u0219coal\u0103?\u201d"},"content":{"rendered":"<p>O t\u00e2n\u0103r\u0103 profesoar\u0103 de biologie de la Liceul Teoretic \u201eLasc\u0103r Rosetti\u201d din R\u0103duc\u0103neni, jude\u021bul Ia\u0219i, a ajuns \u00een centrul aten\u021biei conducerii \u0219colii dup\u0103 ce mai mul\u021bi elevi au distribuit online fotografii \u0219i capturi video \u00een care aceasta ar ap\u0103rea \u00een\u00a0<a href=\"https:\/\/adevarul.ro\/stiri-interne\/evenimente\/teodora-a-debutat-intr-un-studio-de-videochat-sub-2447670.html\" rel=\"nofollow noopener\" target=\"_blank\">ipostaze indecente<\/a>, noteaz\u0103\u00a0<a href=\"https:\/\/www.bzi.ro\/cea-mai-fierbinte-profa-bisexuala-din-iasi-a-fost-gasita-de-elevii-sai-pe-site-urile-de-videochat-imaginile-deocheate-au-facut-inconjurul-scolii-pentru-cat-se-vindea-tanara-care-preda-biologia-5383187\" rel=\"nofollow noopener\" target=\"_blank\">bzi.ro.\u00a0<\/a><\/p>\n<p>\t\t\t<img fetchpriority=\"high\" decoding=\"async\" src=\"https:\/\/www.europesays.com\/ro\/wp-content\/uploads\/2025\/10\/1761399188_939_index.png\" alt=\"Profesoara de biologie aflat\u0103 \u00een centrul scandalului FOTO: BZI\" width=\"1400\" height=\"750\" loading=\"eager\" class=\"svelte-h45upf\"\/><\/p>\n<p>Profesoara de biologie aflat\u0103 \u00een centrul scandalului FOTO: BZI<\/p>\n<p>Claudia Covaciu, profesoar\u0103 \u00een v\u00e2rst\u0103 de 24 de ani, originar\u0103 din Arad \u0219i absolvent\u0103 a Facult\u0103\u021bii de Biologie din cadrul Universit\u0103\u021bii \u201eAlexandru Ioan Cuza\u201d din Ia\u0219i, pred\u0103 biologia de aproximativ trei ani at\u00e2t la clasele de gimnaziu, c\u00e2t \u0219i la cele de liceu. Ea a ob\u021binut nota 9,73 la examenul de titularizare \u0219i a fost repartizat\u0103 pe post la liceul din R\u0103duc\u0103neni.<\/p>\n<p>\t\t\t<img decoding=\"async\" src=\"https:\/\/www.europesays.com\/ro\/wp-content\/uploads\/2025\/10\/1761399189_321_index.png\" alt=\"FOTO: BZI\" width=\"1400\" height=\"750\" loading=\"lazy\" class=\"svelte-h45upf\"\/><\/p>\n<p>FOTO: BZI<\/p>\n<p>Potrivit Livia Pan\u021biru, director adjunct al liceului, situa\u021bia a fost semnalat\u0103 de elevi, iar profesoara \u201e\u0219i-a dat demisia\u201d. \u00cen schimb, directorul unit\u0103\u021bii, Liliana Carp, a declarat c\u0103 nu a fost confirmat\u0103 nicio demisie \u0219i c\u0103 m\u0103surile disciplinare vor fi luate doar dup\u0103 verificarea tuturor informa\u021biilor. \u201eDac\u0103 se vor confirma zvonurile, vom intra \u00een comisia de etic\u0103 \u0219i vom face toate procedurile legale\u201d, a precizat Carp.<\/p>\n<p>Inspectoratul \u0218colar Jude\u021bean Ia\u0219i a transmis c\u0103 trateaz\u0103 asemenea cazuri cu maxim\u0103 seriozitate, iar dac\u0103 faptele se confirm\u0103, profesorul vizat poate fi sanc\u021bionat disciplinar, inclusiv cu desfacerea contractului de munc\u0103.<\/p>\n<p>P\u0103rin\u021bii elevilor \u0219i comunitatea local\u0103 au reac\u021bionat imediat, cer\u00e2nd un mediu sigur pentru elevi. O mam\u0103 a declarat: \u201eClaudia Covaciu, profesoar\u0103 de biologie, face filme pentru adul\u021bi, aceasta nefiind sanc\u021bionat\u0103 sau dat\u0103 afar\u0103. Ea pred\u0103 de 3 ani la Liceul \u00abLasc\u0103r Rosetti\u00bb. Aceasta, \u00een al doilea an, a avut diverse chestii cu unii elevi. Sunt doar o mam\u0103 care s-a s\u0103turat s\u0103 vad\u0103 c\u0103 locul unde a crescut e batjocorit de profesori care abuzeaz\u0103 elevii sau fac videochat. Aceast\u0103 profesoar\u0103 a ajuns, s\u0103-i spun a\u0219a, s\u0103-\u0219i racoleze una din fostele eleve de anul trecut \u2013 o t\u00e2n\u0103r\u0103 pe nume N. B., care, de cur\u00e2nd, a f\u0103cut 18 ani \u2013, s\u0103 o ia de acas\u0103, spun\u00e2ndu-i mamei ei c\u0103 o s\u0103 munceasc\u0103, iar ele s-au mutat \u00eempreun\u0103 \u0219i fac videochat. Ele dou\u0103 au ajuns s\u0103 se filmeze \u0219i s\u0103 se \u00eencarce pe internet. Am crezut c\u0103 nu este adev\u0103rat, p\u00e2n\u0103 c\u00e2nd am fost la prietena mea, \u0219i fiul ei de 19 ani mi-a spus cu lux de am\u0103nunte toate aceste lucruri, de videoclipuri \u0219i poze cu acestea. A fost destul s\u0103 intre pe site \u0219i am recunoscut-o. Cum s\u0103-mi mai trimit eu copiii la \u0219coal\u0103, av\u00e2nd \u00een vedere c\u0103 aceast\u0103 profesoar\u0103 \u00eentre\u021bine rela\u021bii cu elevii dup\u0103 \u0219coal\u0103, chiar \u0219i cu t\u00e2n\u0103rul ce a povestit?\u201d.<\/p>\n<p>Claudia Covaciu nu a oferit un punct de vedere, iar<a href=\"https:\/\/adevarul.ro\/stiri-interne\/evenimente\/teodora-a-debutat-intr-un-studio-de-videochat-sub-2447670.html\" rel=\"nofollow noopener\" target=\"_blank\"> \u0219coala\u00a0<\/a>continu\u0103 verific\u0103rile pentru a clarifica situa\u021bia.<\/p>\n","protected":false},"excerpt":{"rendered":"O t\u00e2n\u0103r\u0103 profesoar\u0103 de biologie de la Liceul Teoretic \u201eLasc\u0103r Rosetti\u201d din R\u0103duc\u0103neni, jude\u021bul Ia\u0219i, a ajuns \u00een&hellip;\n","protected":false},"author":2,"featured_media":27584,"comment_status":"","ping_status":"","sticky":false,"template":"","format":"standard","meta":{"footnotes":"","_share_on_mastodon":"0"},"categories":[10],"tags":[32,33,31,36,37,2546,27,34,35,25,11583,41,40,38,39,26,28,29,30,12504],"class_list":["post-27583","post","type-post","status-publish","format-standard","has-post-thumbnail","category-romania","tag-breaking-news","tag-breakingnews","tag-cele-mai-populare-subiecte","tag-featured-news","tag-featurednews","tag-foto","tag-headlines","tag-latest-news","tag-latestnews","tag-news","tag-profesoara-de-biologie","tag-ro","tag-romana","tag-romania","tag-romanian","tag-stiri","tag-titluri","tag-top-stories","tag-topstories","tag-videochat"],"share_on_mastodon":{"url":"https:\/\/pubeurope.com\/@ro\/115435065021284789","error":""},"_links":{"self":[{"href":"https:\/\/www.europesays.com\/ro\/wp-json\/wp\/v2\/posts\/27583","targetHints":{"allow":["GET"]}}],"collection":[{"href":"https:\/\/www.europesays.com\/ro\/wp-json\/wp\/v2\/posts"}],"about":[{"href":"https:\/\/www.europesays.com\/ro\/wp-json\/wp\/v2\/types\/post"}],"author":[{"embeddable":true,"href":"https:\/\/www.europesays.com\/ro\/wp-json\/wp\/v2\/users\/2"}],"replies":[{"embeddable":true,"href":"https:\/\/www.europesays.com\/ro\/wp-json\/wp\/v2\/comments?post=27583"}],"version-history":[{"count":0,"href":"https:\/\/www.europesays.com\/ro\/wp-json\/wp\/v2\/posts\/27583\/revisions"}],"wp:featuredmedia":[{"embeddable":true,"href":"https:\/\/www.europesays.com\/ro\/wp-json\/wp\/v2\/media\/27584"}],"wp:attachment":[{"href":"https:\/\/www.europesays.com\/ro\/wp-json\/wp\/v2\/media?parent=27583"}],"wp:term":[{"taxonomy":"category","embeddable":true,"href":"https:\/\/www.europesays.com\/ro\/wp-json\/wp\/v2\/categories?post=27583"},{"taxonomy":"post_tag","embeddable":true,"href":"https:\/\/www.europesays.com\/ro\/wp-json\/wp\/v2\/tags?post=27583"}],"curies":[{"name":"wp","href":"https:\/\/api.w.org\/{rel}","templated":true}]}}