{"id":275868,"date":"2026-08-25T21:48:10","date_gmt":"2026-08-25T21:48:10","guid":{"rendered":"https:\/\/www.europesays.com\/ro\/275868\/"},"modified":"2026-08-25T21:48:10","modified_gmt":"2026-08-25T21:48:10","slug":"inca-un-transfer-la-rapid-fotbalistul-de-nationala-a-fost-prezentat-oficial","status":"publish","type":"post","link":"https:\/\/www.europesays.com\/ro\/275868\/","title":{"rendered":"\u00cenc\u0103 un transfer la Rapid! Fotbalistul de na\u021bional\u0103 a fost prezentat oficial"},"content":{"rendered":"<p>\t    <img loading=\"lazy\" decoding=\"async\" class=\"mg-x-auto\" width=\"30\" height=\"30\" src=\"https:\/\/www.europesays.com\/ro\/wp-content\/uploads\/2026\/08\/1787694489_690_google-g.png\" alt=\"\"\/><\/p>\n<p id=\"p-0\">Rapid a oficializat un nou transfer, chiar pe postul pe care Daniel Pancu a insistat s\u0103 primeasc\u0103 \u00eent\u0103riri. Este vorba despre Ebenezer Annan (23 de ani), un ghanez cu meciuri \u00een echipa na\u021bional\u0103 \u0219i CV c\u00e2t se poate de interesant.<\/p>\n<p id=\"p-1\">Funda\u0219 st\u00e2nga de meserie, acesta a venit de la Saint-Etienne, forma\u021bie din e\u0219alonul secund al Fran\u021bei. Site-urile de specialitate \u00eel evalueaz\u0103 \u00een momentul de fa\u021b\u0103 la 1,8 milioane de euro.<\/p>\n<p id=\"p-2\">Giule\u0219tenii \u00eel consider\u0103 \u00eenlocuitorul ideal pentru Andrei Borza, titularul din ultimele sezoane, cedat \u00een Turcia, la nou-promovata Korum, pentru 2,2 milioane de euro. O sum\u0103 care a st\u00e2rnit discu\u021bii \u00een spa\u021biul public, \u021bin\u00e2nd cont c\u0103 valoarea clauzei de reziliere era aproape de dou\u0103 ori mai mare.<\/p>\n<p>                <a href=\"https:\/\/www.prosport.ro\/poze\/rapid-transfer-oficial-ebenezer-annan-20510576\" rel=\"nofollow noopener\" target=\"_blank\">&#13;<br \/>\n                                            <img decoding=\"async\" loading=\"lazy\" fetchpriority=\"low\" src=\"https:\/\/www.europesays.com\/ro\/wp-content\/uploads\/2026\/08\/https:\/\/www.prosport.ro\/wp-content\/uploads\/2026\/08\/inca-un-transfer-la-rapid-fotbalistul-de-national.jpeg\" width=\"458\" height=\"305\"\/>&#13;<br \/>\n                                    <\/a><\/p>\n<p>                <a href=\"https:\/\/www.prosport.ro\/poze\/rapid-transfer-oficial-ebenezer-annan-20510576\" rel=\"nofollow noopener\" target=\"_blank\">&#13;<br \/>\n                                            <img decoding=\"async\" loading=\"lazy\" fetchpriority=\"low\" src=\"https:\/\/www.europesays.com\/ro\/wp-content\/uploads\/2026\/08\/https:\/\/www.prosport.ro\/wp-content\/uploads\/2026\/08\/inca-un-transfer-la-rapid-fotbalistul-de-national.jpeg\" width=\"227\" height=\"151\"\/>&#13;<br \/>\n                                    <\/a><\/p>\n<p>Rapid a transferat un funda\u0219 st\u00e2nga de na\u021bional\u0103. Anun\u021b oficial<\/p>\n<p id=\"p-3\">Potrivit alb-vi\u0219iniilor, Ebenezer Annan nu a fost adus definitiv, ci <a style=\"color: #0000ff;\" href=\"https:\/\/www.prosport.ro\/fotbal-intern\/superliga\/rapid-transfer-ebenezer-annan-20505338\" rel=\"nofollow noopener\" target=\"_blank\">sub form\u0103 de \u00eemprumut<\/a> p\u00e2n\u0103 la finalul sezonului. \u00cen\u021belegerea cu Saint-Etienne prevede, \u00eens\u0103, o clauz\u0103 de cump\u0103rare.<\/p>\n<p id=\"p-5\">\u201eLa 23 de ani, interna\u021bionalul ghanez vine \u00eemprumut, cu op\u021biune de cump\u0103rare, de la AS Saint-Etienne, dup\u0103 experien\u021be \u00een Italia, Serbia \u0219i Fran\u021ba. De la Accra, prin Bologna, Novi Pazar \u0219i Belgrad, p\u00e2n\u0103 la Saint-Etienne. Acum, e timpul pentru Giule\u0219ti.<\/p>\n<p id=\"p-6\">Bine ai venit, Ebenezer! Hai s\u0103 scriem povestea \u00een alb-vi\u0219iniu!\u201d, a transmis clubul patronat de Dan \u0218ucu, prin intermediul re\u021belelor de socializare.<\/p>\n<p id=\"p-7\">Recent, Daniel Pancu vorbea \u00een termeni laudativi despre noul juc\u0103tor. Totodat\u0103, l\u0103sa de \u00een\u021beles c\u0103 ar mai putea ap\u0103rea o nou\u0103tate p\u00e2n\u0103 la finalul perioadei de mercato, dar f\u0103r\u0103 s\u0103 ofere mai multe detalii.<\/p>\n<p id=\"p-8\">\u201eEbenezer Annan e la vizita medical\u0103, e un juc\u0103tor, ne uit\u0103m de mult dup\u0103 el, cred c\u0103 avem o lun\u0103 de zile. CV interesant, \u0219apte meciuri \u00een na\u021bionala Ghanei, Steaua Ro\u0219ie Belgrad, Saint-Etienne. Poate fi un juc\u0103tor important pentru noi. Vedem acum, sper\u0103m s\u0103 treac\u0103 vizita medical\u0103.<\/p>\n<p id=\"p-9\">S-ar putea s\u0103 mai vin\u0103 un juc\u0103tor p\u00e2n\u0103 pe 8 (n.r. septembrie), c\u00e2nd se termin\u0103 perioada, unul maximum. Ar trebui s\u0103 fie ceva ie\u0219it din comun. Nu pot s\u0103 zic postul\u201d, spunea tehnicianul.<\/p>\n<p>Graovac, indisponibil p\u00e2n\u0103 la finalul sezonului<\/p>\n<p id=\"p-10\">\u00cen ziua \u00een care a oficializat transferul lui Ebenezer Annan, Rapid a primit \u0219i o veste proast\u0103. Accidentarea suferit\u0103 de Daniel Graovac (33 de ani) \u00een meciul cu Petrolul <a style=\"color: #0000ff;\" href=\"https:\/\/www.prosport.ro\/fotbal-intern\/superliga\/lovitura-dura-rapid-titular-accidentat-ratare-sezon-20510378\" rel=\"nofollow noopener\" target=\"_blank\">s-a dovedit a fi grav\u0103<\/a>, motiv pentru care funda\u0219ul central va avea nevoie de o interven\u021bie chirurgical\u0103. Cu alte cuvinte, nu va mai putea juca \u00een actuala stagiune.<\/p>\n<p id=\"p-11\">\u201e \u00cen minutul 23 al partidei disputate la Ploie\u0219ti, Daniel Graovac a suferit o entors\u0103 la genunchi, \u00een urma c\u0103reia a fost diagnosticat cu leziuni complexe de menisc \u0219i ligament. \u00cen urma investiga\u021biilor medicale efectuate, funda\u0219ul nostru va fi supus unei interven\u021bii chirurgicale, ceea ce face ca acesta s\u0103 nu mai fie disponibil pentru restul sezonului.<\/p>\n<p id=\"p-12\">Suntem al\u0103turi de Daniel la fiecare pas al procesului de recuperare \u0219i \u00eei transmitem mult\u0103 putere, o \u00eens\u0103n\u0103to\u0219ire grabnic\u0103 \u0219i \u00eei dorim o revenire c\u00e2t mai rapid\u0103 pe teren!\u201d, au anun\u021bat giule\u0219tenii.<\/p>\n","protected":false},"excerpt":{"rendered":"Rapid a oficializat un nou transfer, chiar pe postul pe care Daniel Pancu a insistat s\u0103 primeasc\u0103 \u00eent\u0103riri.&hellip;\n","protected":false},"author":2,"featured_media":275869,"comment_status":"","ping_status":"","sticky":false,"template":"","format":"standard","meta":{"footnotes":"","_share_on_mastodon":"0"},"categories":[20],"tags":[8816,73506,4388,32512,41,40,38,39,185,184],"class_list":["post-275868","post","type-post","status-publish","format-standard","has-post-thumbnail","category-sport","tag-anunt-oficial","tag-ebenezer-annan","tag-fundas-stanga","tag-rapid-transfer","tag-ro","tag-romana","tag-romania","tag-romanian","tag-sport","tag-sports"],"share_on_mastodon":{"url":"https:\/\/pubeurope.com\/@ro\/117158354091227139","error":""},"_links":{"self":[{"href":"https:\/\/www.europesays.com\/ro\/wp-json\/wp\/v2\/posts\/275868","targetHints":{"allow":["GET"]}}],"collection":[{"href":"https:\/\/www.europesays.com\/ro\/wp-json\/wp\/v2\/posts"}],"about":[{"href":"https:\/\/www.europesays.com\/ro\/wp-json\/wp\/v2\/types\/post"}],"author":[{"embeddable":true,"href":"https:\/\/www.europesays.com\/ro\/wp-json\/wp\/v2\/users\/2"}],"replies":[{"embeddable":true,"href":"https:\/\/www.europesays.com\/ro\/wp-json\/wp\/v2\/comments?post=275868"}],"version-history":[{"count":0,"href":"https:\/\/www.europesays.com\/ro\/wp-json\/wp\/v2\/posts\/275868\/revisions"}],"wp:featuredmedia":[{"embeddable":true,"href":"https:\/\/www.europesays.com\/ro\/wp-json\/wp\/v2\/media\/275869"}],"wp:attachment":[{"href":"https:\/\/www.europesays.com\/ro\/wp-json\/wp\/v2\/media?parent=275868"}],"wp:term":[{"taxonomy":"category","embeddable":true,"href":"https:\/\/www.europesays.com\/ro\/wp-json\/wp\/v2\/categories?post=275868"},{"taxonomy":"post_tag","embeddable":true,"href":"https:\/\/www.europesays.com\/ro\/wp-json\/wp\/v2\/tags?post=275868"}],"curies":[{"name":"wp","href":"https:\/\/api.w.org\/{rel}","templated":true}]}}