{"id":276214,"date":"2026-08-26T07:47:13","date_gmt":"2026-08-26T07:47:13","guid":{"rendered":"https:\/\/www.europesays.com\/ro\/276214\/"},"modified":"2026-08-26T07:47:13","modified_gmt":"2026-08-26T07:47:13","slug":"a-locuit-6-luni-in-europa-si-s-a-intors-in-sua-cu-5-obiceiuri-noi-voi-continua-sa-le-fac","status":"publish","type":"post","link":"https:\/\/www.europesays.com\/ro\/276214\/","title":{"rendered":"A locuit 6 luni \u00een Europa \u0219i s-a \u00eentors \u00een SUA cu 5 obiceiuri noi. \u201eVoi continua s\u0103 le fac\u201d"},"content":{"rendered":"<p>\t    <img loading=\"lazy\" decoding=\"async\" class=\"mg-x-auto\" width=\"30\" height=\"30\" src=\"https:\/\/www.europesays.com\/ro\/wp-content\/uploads\/2026\/08\/1787730433_899_google-g-w.png\" alt=\"\"\/>\t\t\t    <\/p>\n<p id=\"p-0\">Un american care a petrecut \u0219ase luni c\u0103l\u0103torind prin Europa spune c\u0103 experien\u021ba i-a schimbat c\u00e2teva dintre obiceiurile de zi cu zi, conform <a href=\"https:\/\/www.businessinsider.com\/biggest-lifestyle-differences-us-europe-from-american-traveler-2026-8#im-excited-to-continue-following-soccer-5\" target=\"_blank\" rel=\"noopener nofollow\">Business Insider<\/a>.<\/p>\n<p>1. S\u0103 ias\u0103 din cas\u0103 chiar \u0219i c\u00e2nd plou\u0103<\/p>\n<p id=\"p-1\">\u00cen Colorado, vremea bun\u0103 \u00eel f\u0103cea s\u0103 prefere activit\u0103\u021bile \u00een aer liber. \u00cen Marea Britanie a descoperit \u00eens\u0103 c\u0103 ploaia nu este neap\u0103rat un motiv pentru a r\u0103m\u00e2ne \u00een cas\u0103.<\/p>\n<p id=\"p-2\">Localnicii aveau haine impermeabile \u0219i echipamente potrivite, iar el le-a urmat exemplul. A investit \u00eentr-o geac\u0103 de ploaie \u0219i spune c\u0103 a \u00eenv\u0103\u021bat s\u0103 se bucure de zilele ploioase.<\/p>\n<p>2. S\u0103 descopere mai mult locurile din apropierea casei<\/p>\n<p id=\"p-3\">Unele dintre cele mai frumoase amintiri din Europa nu au venit de la marile obiective turistice.<\/p>\n<p id=\"p-4\">A r\u0103mas impresionat de lucruri nea\u0219teptate, precum o statuie \u00een Irlanda sau un concert de alphorn \u00eentr-un sat elve\u021bian.<\/p>\n<p id=\"p-5\">Experien\u021bele l-au f\u0103cut s\u0103 se \u00eentrebe c\u00e2te astfel de locuri interesante exist\u0103 chiar l\u00e2ng\u0103 ora\u0219ul s\u0103u natal \u0219i pe care nu le-a descoperit \u00eenc\u0103.<\/p>\n<p>3. Dou\u0103 pl\u0103pumi \u00een loc de una<\/p>\n<p id=\"p-6\">Este una dintre schimb\u0103rile care i-au pl\u0103cut cel mai mult.<\/p>\n<p id=\"p-7\">\u00cen mai multe locuri din Europa a g\u0103sit dou\u0103 pl\u0103pumi pe acela\u0219i pat, c\u00e2te una pentru fiecare persoan\u0103. Pentru un cuplu \u00een care unul dintre partener \u201efur\u0103\u201d plapuma \u00een timpul nop\u021bii, solu\u021bia s-a dovedit foarte practic\u0103.<\/p>\n<p id=\"p-8\">Spune c\u0103 vrea s\u0103 p\u0103streze obiceiul \u0219i dup\u0103 \u00eentoarcerea \u00een SUA.<\/p>\n<p>4. S\u0103 cumpere mai pu\u021bine lucruri<\/p>\n<p id=\"p-9\">A observat c\u0103 mul\u021bi europeni cump\u0103r\u0103 mai pu\u021bine haine, obiecte decorative \u0219i alimente dec\u00e2t era obi\u0219nuit s\u0103 vad\u0103 \u00een SUA.<\/p>\n<p id=\"p-10\">Locuin\u021bele mai mici contribuie probabil la aceast\u0103 mentalitate, dar experien\u021ba l-a f\u0103cut s\u0103 priveasc\u0103 altfel consumul.<\/p>\n<p id=\"p-11\">\u201eMai pu\u021bin \u00eenseamn\u0103 mai mult\u201d este ideea pe care spune c\u0103 vrea s\u0103 o duc\u0103 acas\u0103.<\/p>\n<p>5. S\u0103 urm\u0103reasc\u0103 fotbalul<\/p>\n<p id=\"p-12\">Campionatul European UEFA i-a schimbat \u0219i perspectiva asupra fotbalului.<\/p>\n<p id=\"p-13\">A fost impresionat de atmosfera din jurul meciurilor, de scand\u0103rile suporterilor, rivalit\u0103\u021bi \u0219i petrecerile organizate pentru vizionarea partidelor.<\/p>\n<p id=\"p-14\">R\u0103m\u00e2ne fan al fotbalului american, dar spune c\u0103 vrea s\u0103 urm\u0103reasc\u0103 \u00een continuare marile meciuri de fotbal european.<\/p>\n","protected":false},"excerpt":{"rendered":"Un american care a petrecut \u0219ase luni c\u0103l\u0103torind prin Europa spune c\u0103 experien\u021ba i-a schimbat c\u00e2teva dintre obiceiurile&hellip;\n","protected":false},"author":2,"featured_media":276215,"comment_status":"","ping_status":"","sticky":false,"template":"","format":"standard","meta":{"footnotes":"","_share_on_mastodon":"0"},"categories":[12],"tags":[812,32,33,9268,31,76231,36,37,70319,27,74,34,35,25,76232,41,40,38,39,16082,76233,26,28,29,30,71,72,73],"class_list":["post-276214","post","type-post","status-publish","format-standard","has-post-thumbnail","category-international","tag-america","tag-breaking-news","tag-breakingnews","tag-calatorii","tag-cele-mai-populare-subiecte","tag-diferente-europa-sua","tag-featured-news","tag-featurednews","tag-fotbal-european","tag-headlines","tag-international","tag-latest-news","tag-latestnews","tag-news","tag-obiceiuri-europene","tag-ro","tag-romana","tag-romania","tag-romanian","tag-stil-de-viata","tag-stil-de-viata-european","tag-stiri","tag-titluri","tag-top-stories","tag-topstories","tag-world","tag-world-news","tag-worldnews"],"share_on_mastodon":{"url":"https:\/\/pubeurope.com\/@ro\/117160709217665097","error":""},"_links":{"self":[{"href":"https:\/\/www.europesays.com\/ro\/wp-json\/wp\/v2\/posts\/276214","targetHints":{"allow":["GET"]}}],"collection":[{"href":"https:\/\/www.europesays.com\/ro\/wp-json\/wp\/v2\/posts"}],"about":[{"href":"https:\/\/www.europesays.com\/ro\/wp-json\/wp\/v2\/types\/post"}],"author":[{"embeddable":true,"href":"https:\/\/www.europesays.com\/ro\/wp-json\/wp\/v2\/users\/2"}],"replies":[{"embeddable":true,"href":"https:\/\/www.europesays.com\/ro\/wp-json\/wp\/v2\/comments?post=276214"}],"version-history":[{"count":0,"href":"https:\/\/www.europesays.com\/ro\/wp-json\/wp\/v2\/posts\/276214\/revisions"}],"wp:featuredmedia":[{"embeddable":true,"href":"https:\/\/www.europesays.com\/ro\/wp-json\/wp\/v2\/media\/276215"}],"wp:attachment":[{"href":"https:\/\/www.europesays.com\/ro\/wp-json\/wp\/v2\/media?parent=276214"}],"wp:term":[{"taxonomy":"category","embeddable":true,"href":"https:\/\/www.europesays.com\/ro\/wp-json\/wp\/v2\/categories?post=276214"},{"taxonomy":"post_tag","embeddable":true,"href":"https:\/\/www.europesays.com\/ro\/wp-json\/wp\/v2\/tags?post=276214"}],"curies":[{"name":"wp","href":"https:\/\/api.w.org\/{rel}","templated":true}]}}