{"id":276420,"date":"2026-08-26T10:37:09","date_gmt":"2026-08-26T10:37:09","guid":{"rendered":"https:\/\/www.europesays.com\/ro\/276420\/"},"modified":"2026-08-26T10:37:09","modified_gmt":"2026-08-26T10:37:09","slug":"au-adoptat-o-fetita-de-12-ani-dupa-14-luni-au-descoperit-ca-era-o-femeie-de-38-de-ani","status":"publish","type":"post","link":"https:\/\/www.europesays.com\/ro\/276420\/","title":{"rendered":"Au adoptat o \u201efeti\u021b\u0103\u201d de 12 ani. Dup\u0103 14 luni au descoperit c\u0103 era o femeie de 38 de ani"},"content":{"rendered":"<p>\t    <img loading=\"lazy\" decoding=\"async\" class=\"mg-x-auto\" width=\"30\" height=\"30\" src=\"https:\/\/www.europesays.com\/ro\/wp-content\/uploads\/2026\/08\/1787740629_844_google-g-w.png\" alt=\"\"\/>\t\t\t    <\/p>\n<p class=\"PDq2pG_selectionAnchorContainer\" data-start=\"0\" data-end=\"317\" data-is-last-node=\"\" data-is-only-node=\"\" id=\"p-0\">Amanda Maria Souza de Oliveira s-a prezentat familiei din Joinville sub numele Gabriele. Timp de peste un an, femeia \u0219i-a deghizat vocea pentru a p\u0103rea o copil\u0103. Familia credea c\u0103 a adoptat o feti\u021b\u0103 de 12 ani, iar mama adoptiv\u0103 a r\u0103mas f\u0103r\u0103 cuvinte c\u00e2nd poli\u021bia a venit s\u0103 o aresteze: \u201eTrebuie s\u0103 fie o gre\u0219eal\u0103\u201d.<\/p>\n<blockquote class=\"twitter-tweet\">\n<p dir=\"ltr\" lang=\"es\" id=\"p-1\">En Joinville, Santa Catarina, Brasil, Amanda Maria Souza de Oliveira, mujer de 37 a\u00f1os originaria de Cear\u00e1, se hizo pasar durante 14 meses por una ni\u00f1a de 12 a\u00f1os llamada Gabriele.<\/p>\n<p id=\"p-2\">Para sostener la farsa usaba biberones, chupetes, un peluche arom\u00e1tico para dormir, simulaba\u2026 <a href=\"https:\/\/t.co\/qgLyRaO0X7\" rel=\"nofollow\">pic.twitter.com\/qgLyRaO0X7<\/a><\/p>\n<p id=\"p-3\">\u2014 Anxious Vids\ud83d\udd25 (@Anxiousvids) <a href=\"https:\/\/x.com\/Anxiousvids\/status\/2063426379601854974?ref_src=twsrc%5Etfw\" rel=\"nofollow\">June 7, 2026<\/a><\/p>\n<\/blockquote>\n<p dir=\"ltr\" id=\"p-4\">C\u00e2nd agen\u021bii i-au spus c\u0103 \u201espectacolul s-a terminat\u201d, Oliveira \u0219i-a dezv\u0103luit tonul real, al unei persoane adulte. Femeia a fost judecat\u0103 \u0219i condamnat\u0103 pentru fraud\u0103 \u0219i furt de identitate \u00een statul Santa Catarina. Acuza\u021bii similare vin \u0219i din statul Paran\u00e1.<\/p>\n<p dir=\"ltr\" id=\"p-5\">Pedeapsa pentru fraud\u0103 a fost stabilit\u0103 la un an, \u0219ase luni \u0219i zece zile de \u00eenchisoare. Pentru falsa identitate, sentin\u021ba a fost de patru luni \u0219i 18 zile de deten\u021bie. Avocatul ei, Lucio Sousa, sus\u021bine c\u0103 femeia nu a ob\u021binut beneficii financiare. El spune c\u0103 \u0219i-a inventat identitatea din nevoia de a supravie\u021bui.<\/p>\n<p>A tr\u0103it ca o feti\u021b\u0103 pentru a primi afec\u021biune. Adev\u0103rul despre femeia care \u0219i-a p\u0103c\u0103lit familia adoptiv\u0103<\/p>\n<p dir=\"ltr\" id=\"p-6\">Oliveira a recunoscut \u00een\u0219el\u0103toria, dar neag\u0103 inten\u021bia de a p\u0103gubi pe cineva. \u201eAm min\u021bit, dar nu am vrut s\u0103 \u00een\u0219el pe nimeni. Sim\u021beam un gol \u00een mine, o nevoie de afec\u021biune\u201d, a declarat ea.<\/p>\n<p dir=\"ltr\" id=\"p-7\">Potrivit anchetatorilor, femeia s-ar mai fi dat drept feti\u021b\u0103 \u0219i \u00een trecut, \u00een alte comunit\u0103\u021bi. De fiecare dat\u0103, c\u00e2nd suspiciunile cre\u0219teau, ea disp\u0103rea \u0219i repeta scenariul \u00een alt\u0103 parte. \u00cen Joinville, a convins cuplul s\u0103 renun\u021be la o adop\u021bie oficial\u0103. Le-a spus c\u0103 un tat\u0103 violent ar fi putut-o g\u0103si prin acte,\u00a0a declarat avocata Sarita de Paiva pentru <a href=\"https:\/\/www.washingtonpost.com\/\" target=\"_blank\" rel=\"noopener nofollow\">Washington Post<\/a>.<\/p>\n<p dir=\"ltr\" id=\"p-8\">Un membru al familiei a devenit suspicios dup\u0103 c\u00e2teva luni \u0219i a g\u0103sit informa\u021bii despre trecutul femeii printr-o c\u0103utare online. Poli\u021bia a fost alertat\u0103 \u0219i a intervenit.<\/p>\n<p dir=\"ltr\" id=\"p-9\">\u00cen proces, avoca\u021bii cer \u0219i o expertiz\u0103 psihiatric\u0103.<\/p>\n<p>                                                    <script async src=\"https:\/\/platform.twitter.com\/widgets.js\" charset=\"utf-8\"><\/script><\/p>\n","protected":false},"excerpt":{"rendered":"Amanda Maria Souza de Oliveira s-a prezentat familiei din Joinville sub numele Gabriele. Timp de peste un an,&hellip;\n","protected":false},"author":2,"featured_media":276421,"comment_status":"","ping_status":"","sticky":false,"template":"","format":"standard","meta":{"footnotes":"","_share_on_mastodon":"0"},"categories":[5],"tags":[39161,7414,32,33,31,76288,36,37,76289,76290,76291,27,2929,2930,34,35,25,41,40,38,39,26,28,29,30],"class_list":["post-276420","post","type-post","status-publish","format-standard","has-post-thumbnail","category-titluri","tag-adoptie","tag-brazilia","tag-breaking-news","tag-breakingnews","tag-cele-mai-populare-subiecte","tag-falsa-identitate","tag-featured-news","tag-featurednews","tag-femeie-arestata","tag-frauda-prin-identitate","tag-furt-de-identitate","tag-headlines","tag-inchisoare","tag-instanta","tag-latest-news","tag-latestnews","tag-news","tag-ro","tag-romana","tag-romania","tag-romanian","tag-stiri","tag-titluri","tag-top-stories","tag-topstories"],"share_on_mastodon":{"url":"https:\/\/pubeurope.com\/@ro\/117161377887121128","error":""},"_links":{"self":[{"href":"https:\/\/www.europesays.com\/ro\/wp-json\/wp\/v2\/posts\/276420","targetHints":{"allow":["GET"]}}],"collection":[{"href":"https:\/\/www.europesays.com\/ro\/wp-json\/wp\/v2\/posts"}],"about":[{"href":"https:\/\/www.europesays.com\/ro\/wp-json\/wp\/v2\/types\/post"}],"author":[{"embeddable":true,"href":"https:\/\/www.europesays.com\/ro\/wp-json\/wp\/v2\/users\/2"}],"replies":[{"embeddable":true,"href":"https:\/\/www.europesays.com\/ro\/wp-json\/wp\/v2\/comments?post=276420"}],"version-history":[{"count":0,"href":"https:\/\/www.europesays.com\/ro\/wp-json\/wp\/v2\/posts\/276420\/revisions"}],"wp:featuredmedia":[{"embeddable":true,"href":"https:\/\/www.europesays.com\/ro\/wp-json\/wp\/v2\/media\/276421"}],"wp:attachment":[{"href":"https:\/\/www.europesays.com\/ro\/wp-json\/wp\/v2\/media?parent=276420"}],"wp:term":[{"taxonomy":"category","embeddable":true,"href":"https:\/\/www.europesays.com\/ro\/wp-json\/wp\/v2\/categories?post=276420"},{"taxonomy":"post_tag","embeddable":true,"href":"https:\/\/www.europesays.com\/ro\/wp-json\/wp\/v2\/tags?post=276420"}],"curies":[{"name":"wp","href":"https:\/\/api.w.org\/{rel}","templated":true}]}}