{"id":277021,"date":"2026-08-26T19:38:08","date_gmt":"2026-08-26T19:38:08","guid":{"rendered":"https:\/\/www.europesays.com\/ro\/277021\/"},"modified":"2026-08-26T19:38:08","modified_gmt":"2026-08-26T19:38:08","slug":"u-cluj-a-adus-un-roman-din-italia-internationalul-de-tineret-a-fost-prezentat-oficial","status":"publish","type":"post","link":"https:\/\/www.europesays.com\/ro\/277021\/","title":{"rendered":"U Cluj a adus un rom\u00e2n din Italia! Interna\u021bionalul de tineret a fost prezentat oficial"},"content":{"rendered":"<ul class=\"bullets\">&#13;<\/p>\n<li>U Cluj a oficializat transferul mijloca\u0219ului Luca Szimiona\u0219 (19 ani).<\/li>\n<p>&#13;\n<\/ul>\n<p><a id=\"google-source-button\" class=\"google-favorite\" target=\"_blank\" href=\"https:\/\/www.google.com\/preferences\/source?q=golazo.ro\" rel=\"nofollow noopener\"><\/p>\n<p>        <img loading=\"lazy\" decoding=\"async\" src=\"https:\/\/golazo.ro\/images\/google-logo.svg\" alt=\"\" width=\"24\" height=\"24\"\/><br \/>\n        <img loading=\"lazy\" decoding=\"async\" src=\"https:\/\/golazo.ro\/images\/check-icon-2.svg\" alt=\"\" width=\"24\" height=\"24\"\/><\/p>\n<p>    Adaug\u0103 GOLAZO.ro la favorite<\/p>\n<p><\/a><\/p>\n<p class=\"\">Format la academia celor de la Hellas Verona, interna\u021bionalul rom\u00e2n de tineret a semnat un contract valabil pe patru ani cu \u201e\u0219epcile ro\u0219ii\u201d<\/p>\n<p>U Cluj l-a prezentat pe Luca Szimiona\u0219<\/p>\n<p class=\"\">Conform surselor GOLAZO.ro, Szimiona\u0219 a ajuns gratis la U Cluj. Verona a decis s\u0103 p\u0103streze doar procente dintr-un viitor transfer.<\/p>\n<p class=\"\">\u201eFC Universitatea Cluj a ajuns la un acord cu clubul italian Hellas Verona pentru transferul lui Luca Szimiona\u0219 (19 ani). T\u00e2n\u0103rul mijloca\u0219 rom\u00e2n a semnat un contract pe patru ani cu \u00abU\u00bb.<\/p>\n<p class=\"\">Fotbalistul n\u0103scut \u00een 3 septembrie 2006 a f\u0103cut primii pa\u0219i \u00een fotbal la Ripensia Timi\u0219oara, acolo unde a fost remarcat de cunoscutul club din peninsul\u0103, Hellas Verona.<\/p>\n<p class=\"\">Ajuns \u00een 2022 la forma\u021bia italian\u0103, Szimiona\u0219 a evoluat \u00een 18 partide pentru echipa U17, \u00eenainte de a face pasul la urm\u0103toarea categorie de v\u00e2rst\u0103. <\/p>\n<p class=\"\">Evolu\u021biile sale au fost apreciate \u0219i la U18, unde a marcat de trei ori \u00een 12 meciuri, astfel c\u0103 mijloca\u0219ul central a fost cooptat \u00een echipa Primavera a veronezilor, pentru care a devenit om de baz\u0103, evolu\u00e2nd \u00een 97 de meciuri \u00een ultimele trei sezoane, timp \u00een care a \u00eenscris cinci goluri \u0219i a mai contribuit cu trei pase decisive.<\/p>\n<p class=\"\">Parte din lotul forma\u021biei de seniori la partidele de Serie A cu Sassuolo \u0219i AS Roma, dar \u0219i \u00een jocul de Coppa Italia \u00eempotriva Veneziei, t\u00e2n\u0103rul juc\u0103tor s-a f\u0103cut remarcat \u0219i la nivelul na\u021bionalelor de juniori ale Rom\u00e2niei. <\/p>\n<p class=\"\">Mai \u00eent\u00e2i, Szimiona\u0219 a str\u00e2ns \u0219ase prezen\u021be (dou\u0103 goluri) pentru reprezentativa U16 \u0219i alte cinci meciuri \u00een tricoul echipei U17. Evolu\u021bia sa a continuat \u00een na\u021bionala U18 (\u0219apte meciuri), urm\u00e2nd ca, \u00een 2025, s\u0103 fie pe teren \u00een 350 din cele 360 de minute jucate de Rom\u00e2nia U19 la turneul final de Campionat European organizat \u00een \u021bara noastr\u0103, la care tricolorii au ajuns p\u00e2n\u0103 \u00een semifinale.<\/p>\n<p class=\"\">Mai mult dec\u00e2t at\u00e2t, Szimiona\u0219 a \u0219i marcat \u00een poarta galonatei na\u021bionale a Spaniei, \u00een \u00eenfr\u00e2ngerea cu 1-3 din faza grupelor. <\/p>\n<p class=\"\">Progresul s\u0103u nu doar c\u0103 a atras aten\u021bia unor echipe importante din fotbalul italian, ci l-a propulsat pe noul nostru juc\u0103tor \u00een reprezentativa U21, pentru care a evoluat deja \u00een \u0219ase meciuri.<\/p>\n<p class=\"\">Mult succes \u00een alb \u0219i negru, Luca!\u201d, a anun\u021bat U Cluj pe <a target=\"_blank\" href=\"https:\/\/www.fcucluj.ro\/stire\/bine-ai-venit-la-u-luca-szimionas?fbclid=IwY2xjawT76V9wZG9mBWV4dG4DYWVtAjEwAGJyaWQRMVRkWnR4bHlxV0RtQ2tSeVJzcnRjBmFwcF9pZBAyMjIwMzkxNzg4MjAwODkyAAEehcPIZA6ka1QhYjqulQgF-LK-ouiCKkvrJkwRsCZYfVE8TQy3d66BpYokihI_aem_hmWPOZgt4GpSCoIlfZKOIA\" data-type=\"link\" data-id=\"https:\/\/www.fcucluj.ro\/stire\/bine-ai-venit-la-u-luca-szimionas?fbclid=IwY2xjawT76V9wZG9mBWV4dG4DYWVtAjEwAGJyaWQRMVRkWnR4bHlxV0RtQ2tSeVJzcnRjBmFwcF9pZBAyMjIwMzkxNzg4MjAwODkyAAEehcPIZA6ka1QhYjqulQgF-LK-ouiCKkvrJkwRsCZYfVE8TQy3d66BpYokihI_aem_hmWPOZgt4GpSCoIlfZKOIA\" rel=\"nofollow noopener\">site-ul oficial.<\/a><\/p>\n<p>250.000 de euro<\/p>\n<p>este cota lui Luca Szimiona\u0219, potrivit transfermarkt.ro<\/p>\n<p>Transferurile realizate de U Cluj \u00een aceast\u0103 var\u0103<\/p>\n<ul class=\"\">&#13;<\/p>\n<li>Alibek Aliev (30 de ani) &#8211; atacant<\/li>\n<p>&#13;<br \/>\n&#13;<\/p>\n<li>Pedro Pinho (26 de ani) &#8211; mijloca\u0219 defensiv<\/li>\n<p>&#13;<br \/>\n&#13;<\/p>\n<li>Marius \u0218tef\u0103nescu (28 de ani) &#8211; extrem\u0103 dreapt\u0103<\/li>\n<p>&#13;<br \/>\n&#13;<\/p>\n<li>Neofytos Michail (32 de ani) &#8211; portar<\/li>\n<p>&#13;<br \/>\n&#13;<\/p>\n<li>Friday Adams (23 de ani) &#8211; funda\u0219 dreapta<\/li>\n<p>&#13;<br \/>\n&#13;<\/p>\n<li>Florent Poulolo (29 de ani) &#8211; funda\u0219 central<\/li>\n<p>&#13;<br \/>\n&#13;<\/p>\n<li>Luca Szimiona\u0219 (19 ani) &#8211; mijloca\u0219<\/li>\n<p>&#13;\n<\/ul>\n<p class=\"\">Interesant este faptul c\u0103 toate mut\u0103rile f\u0103cute de U Cluj au fost realizate f\u0103r\u0103 ca forma\u021bia clujean\u0103 s\u0103 pl\u0103teasc\u0103 vreo sum\u0103 de transfer.<\/p>\n<p>Cite\u0219te \u0219i<\/p>\n<p>VIDEO: cele mai noi imagini din sport<\/p>\n","protected":false},"excerpt":{"rendered":"&#13; U Cluj a oficializat transferul mijloca\u0219ului Luca Szimiona\u0219 (19 ani). &#13; Adaug\u0103 GOLAZO.ro la favorite Format la&hellip;\n","protected":false},"author":2,"featured_media":277022,"comment_status":"","ping_status":"","sticky":false,"template":"","format":"standard","meta":{"footnotes":"","_share_on_mastodon":"0"},"categories":[5],"tags":[32,33,31,36,37,27,14645,34,35,29901,25,41,40,38,39,26,28,29,30,379,440],"class_list":["post-277021","post","type-post","status-publish","format-standard","has-post-thumbnail","category-titluri","tag-breaking-news","tag-breakingnews","tag-cele-mai-populare-subiecte","tag-featured-news","tag-featurednews","tag-headlines","tag-hellas-verona","tag-latest-news","tag-latestnews","tag-luca-szimionas","tag-news","tag-ro","tag-romana","tag-romania","tag-romanian","tag-stiri","tag-titluri","tag-top-stories","tag-topstories","tag-transfer","tag-u-cluj"],"share_on_mastodon":{"url":"https:\/\/pubeurope.com\/@ro\/117163505241259480","error":""},"_links":{"self":[{"href":"https:\/\/www.europesays.com\/ro\/wp-json\/wp\/v2\/posts\/277021","targetHints":{"allow":["GET"]}}],"collection":[{"href":"https:\/\/www.europesays.com\/ro\/wp-json\/wp\/v2\/posts"}],"about":[{"href":"https:\/\/www.europesays.com\/ro\/wp-json\/wp\/v2\/types\/post"}],"author":[{"embeddable":true,"href":"https:\/\/www.europesays.com\/ro\/wp-json\/wp\/v2\/users\/2"}],"replies":[{"embeddable":true,"href":"https:\/\/www.europesays.com\/ro\/wp-json\/wp\/v2\/comments?post=277021"}],"version-history":[{"count":0,"href":"https:\/\/www.europesays.com\/ro\/wp-json\/wp\/v2\/posts\/277021\/revisions"}],"wp:featuredmedia":[{"embeddable":true,"href":"https:\/\/www.europesays.com\/ro\/wp-json\/wp\/v2\/media\/277022"}],"wp:attachment":[{"href":"https:\/\/www.europesays.com\/ro\/wp-json\/wp\/v2\/media?parent=277021"}],"wp:term":[{"taxonomy":"category","embeddable":true,"href":"https:\/\/www.europesays.com\/ro\/wp-json\/wp\/v2\/categories?post=277021"},{"taxonomy":"post_tag","embeddable":true,"href":"https:\/\/www.europesays.com\/ro\/wp-json\/wp\/v2\/tags?post=277021"}],"curies":[{"name":"wp","href":"https:\/\/api.w.org\/{rel}","templated":true}]}}