{"id":277101,"date":"2026-08-26T20:42:16","date_gmt":"2026-08-26T20:42:16","guid":{"rendered":"https:\/\/www.europesays.com\/ro\/277101\/"},"modified":"2026-08-26T20:42:16","modified_gmt":"2026-08-26T20:42:16","slug":"u-cluj-nu-se-opreste-din-transferuri-dupa-szimionas-inca-un-international-roman-semneaza","status":"publish","type":"post","link":"https:\/\/www.europesays.com\/ro\/277101\/","title":{"rendered":"U Cluj nu se opre\u0219te din transferuri! Dup\u0103 Szimiona\u0219, \u00eenc\u0103 un interna\u021bional rom\u00e2n semneaz\u0103"},"content":{"rendered":"<p>\n            Articol de <a rel=\"author nofollow noopener\" href=\"https:\/\/www.gsp.ro\/autor\/eduard-apostol-10.html\" target=\"_blank\">Eduard Apostol<\/a>, <a rel=\"author nofollow noopener\" href=\"https:\/\/www.gsp.ro\/autor\/alexandru-tomutiu-3976.html\" target=\"_blank\">Alexandru Tomu\u021biu<\/a>            &#8211; Publicat miercuri, 26 august 2026,  20:21            \/ Actualizat miercuri, 26 august 2026 20:25                    <\/p>\n<p>Dup\u0103 ce l-a prezentat pe Luca Szimiona\u0219 (19 ani, mijloca\u0219), <a class=\"autolink-enabled\" data-resource-id=\"598\" data-resource-type=\"team\" data-sport=\"football\" href=\"https:\/\/www.gsp.ro\/rezultate-live\/echipa-teamname-598\" rel=\"nofollow noopener\" target=\"_blank\">U Cluj<\/a> este aproape s\u0103 mai transfere un interna\u021bional rom\u00e2n de la Hellas Verona. Este vorba despre atacantul Ioan Verme\u0219an (19 ani).<\/p>\n<p class=\"do-not-hide\">U Cluj este foarte aproape s\u0103 bifeze transferul unui nou interna\u021bional rom\u00e2n. \u00cen aceste momente se lucreaz\u0103 intens la \u00eemprumutul pe un an al lui Ioan Verme\u0219an.<\/p>\n<p>U Cluj s-a \u00een\u021beles cu Hellas Verona pentru \u00eemprumutul lui Ioan Verme\u0219an<\/p>\n<p>U Cluj a b\u0103tut palma cu Hellas Verona pentru \u00eemprumutul pe un an al lui Verme\u0219an, conform jurnalistului Emanuel Ro\u0219u.<\/p>\n<p><img decoding=\"async\" src=\"https:\/\/www.europesays.com\/ro\/wp-content\/uploads\/2026\/08\/6970617f-0cb9-4fbb-8d96-ad5fd3da10bc.jpg\" loading=\"lazy\" title=\"U Cluj s-a \u00een\u021beles cu Hellas Verona pentru \u00eemprumutul lui Ioan Verme\u0219an \/\/ foto: Imago Images\" alt=\"U Cluj nu se opre\u0219te din transferuri! Dup\u0103 Szimiona\u0219, \u00eenc\u0103 un interna\u021bional rom\u00e2n semneaz\u0103\" width=\"738\" height=\"502\"\/><\/p>\n<p>U Cluj s-a \u00een\u021beles cu Hellas Verona pentru \u00eemprumutul lui Ioan Verme\u0219an \/\/ foto: Imago Images<\/p>\n<p>Mai lipse\u0219te doar ca atacantul care \u00een ultima vreme a evitat s\u0103 vin\u0103 \u00een Rom\u00e2nia s\u0103 \u00ee\u0219i dea acordul. Ultimele detalii urmeaz\u0103 s\u0103 fie puse la punct chiar joi, 27 august.<\/p>\n<p>Ioan Verme\u0219an a fost dorit de Atalanta, Dinamo \u0219i CFR Cluj <\/p>\n<p>Verme\u0219an a fost \u0219i pe lista Atalantei. CFR Cluj \u0219i Dinamo l-au dorit \u0219i ele, \u00eens\u0103 s-au lovit de refuzul juc\u0103torului.<\/p>\n<p>A bifat minute \u00een 6 partide de Serie A \u00een sezonul trecut, \u00eenainte ca echipa lui s\u0103 retrogradeze \u00een Serie B. Mircea Lucescu l-a avut \u00een vedere pentru barajul cu Turcia, pierdut de Rom\u00e2nia \u00een prim\u0103var\u0103, scor 0-1.<\/p>\n<p>Ioan Verme\u0219an are 6 meciuri \u0219i un gol \u00een tricoul na\u021bionalei de tineret a Rom\u00e2niei. Este cotat la un milion de euro, conform site-ului de specialitate transfermarkt.com.<\/p>\n<p>Este un atacant de picior drept care are o talie bun\u0103, de 1,85.<\/p>\n<p>\u00cen Rom\u00e2nia a jucat la academiile celor de la Poli Timi\u0219oara, Farul, UTA \u0219i Ripensia \u00eenainte de transferul la Verona. La na\u021bionala U21 are 6 meciuri \u0219i un gol.<\/p>\n<p>U Cluj \u00ee\u0219i ia astfel m\u0103suri de precau\u021bie \u00een cazul \u00een care \u00eel va pierde pe Jovo Lukic pe finalul perioadei de mercato. Bosniacul cu gol la Mondial ar putea fi v\u00e2ndut \u00een schimbul unei sume de aproximativ dou\u0103 milioane de euro.<\/p>\n","protected":false},"excerpt":{"rendered":"Articol de Eduard Apostol, Alexandru Tomu\u021biu &#8211; Publicat miercuri, 26 august 2026, 20:21 \/ Actualizat miercuri, 26 august&hellip;\n","protected":false},"author":2,"featured_media":277102,"comment_status":"","ping_status":"","sticky":false,"template":"","format":"standard","meta":{"footnotes":"","_share_on_mastodon":"0"},"categories":[20],"tags":[14645,36645,41,40,38,39,185,184,440],"class_list":["post-277101","post","type-post","status-publish","format-standard","has-post-thumbnail","category-sport","tag-hellas-verona","tag-ioan-vermesan","tag-ro","tag-romana","tag-romania","tag-romanian","tag-sport","tag-sports","tag-u-cluj"],"share_on_mastodon":{"url":"https:\/\/pubeurope.com\/@ro\/117163756870015689","error":""},"_links":{"self":[{"href":"https:\/\/www.europesays.com\/ro\/wp-json\/wp\/v2\/posts\/277101","targetHints":{"allow":["GET"]}}],"collection":[{"href":"https:\/\/www.europesays.com\/ro\/wp-json\/wp\/v2\/posts"}],"about":[{"href":"https:\/\/www.europesays.com\/ro\/wp-json\/wp\/v2\/types\/post"}],"author":[{"embeddable":true,"href":"https:\/\/www.europesays.com\/ro\/wp-json\/wp\/v2\/users\/2"}],"replies":[{"embeddable":true,"href":"https:\/\/www.europesays.com\/ro\/wp-json\/wp\/v2\/comments?post=277101"}],"version-history":[{"count":0,"href":"https:\/\/www.europesays.com\/ro\/wp-json\/wp\/v2\/posts\/277101\/revisions"}],"wp:featuredmedia":[{"embeddable":true,"href":"https:\/\/www.europesays.com\/ro\/wp-json\/wp\/v2\/media\/277102"}],"wp:attachment":[{"href":"https:\/\/www.europesays.com\/ro\/wp-json\/wp\/v2\/media?parent=277101"}],"wp:term":[{"taxonomy":"category","embeddable":true,"href":"https:\/\/www.europesays.com\/ro\/wp-json\/wp\/v2\/categories?post=277101"},{"taxonomy":"post_tag","embeddable":true,"href":"https:\/\/www.europesays.com\/ro\/wp-json\/wp\/v2\/tags?post=277101"}],"curies":[{"name":"wp","href":"https:\/\/api.w.org\/{rel}","templated":true}]}}