{"id":277217,"date":"2026-08-27T02:25:14","date_gmt":"2026-08-27T02:25:14","guid":{"rendered":"https:\/\/www.europesays.com\/ro\/277217\/"},"modified":"2026-08-27T02:25:14","modified_gmt":"2026-08-27T02:25:14","slug":"cat-va-mai-ramane-marius-baciu-la-fcsb-gigi-becali-a-facut-anuntul-decisiv-in-legatura-cu-antrenorul","status":"publish","type":"post","link":"https:\/\/www.europesays.com\/ro\/277217\/","title":{"rendered":"C\u00e2t va mai r\u0103m\u00e2ne Marius Baciu la FCSB? Gigi Becali a f\u0103cut anun\u021bul decisiv \u00een leg\u0103tur\u0103 cu antrenorul"},"content":{"rendered":"<p>Miercuri, 26 August 2026, ora 12:14<\/p>\n<p>1297 citiri<\/p>\n<p><a class=\"news__image\" data-href=\"https:\/\/s1.ziareromania.ro\/?mmid=1de2956b28f286742c\" data-size=\"1024x677\" title=\"C\u00e2t va mai r\u0103m\u00e2ne Marius Baciu la FCSB? Gigi Becali a f\u0103cut anun\u021bul decisiv \u00een leg\u0103tur\u0103 cu antrenorul\"><img decoding=\"async\" src=\"https:\/\/www.europesays.com\/ro\/wp-content\/uploads\/2026\/08\/C--t-va-mai-r--m--ne-Marius-Baciu-la-FCSB--Gigi-Becali-a-f--cut-anun--ul-decisiv---n-leg--tur---cu-a.jpeg\" alt=\"C\u00e2t va mai r\u0103m\u00e2ne Marius Baciu la FCSB? Gigi Becali a f\u0103cut anun\u021bul decisiv \u00een leg\u0103tur\u0103 cu antrenorul\" title=\"C\u00e2t va mai r\u0103m\u00e2ne Marius Baciu la FCSB? Gigi Becali a f\u0103cut anun\u021bul decisiv \u00een leg\u0103tur\u0103 cu antrenorul\" class=\"img-responsive\"\/><\/a><\/p>\n<p>Marius Baciu FOTO FB FCSB<\/p>\n<p><a href=\"https:\/\/ziare.com\/becali\/\" title=\"Gigi Becali\" rel=\"nofollow noopener\" target=\"_blank\">Gigi Becali<\/a> a anun\u021bat ce se va \u00eent\u00e2mpla cu Marius Baciu, dup\u0103 ce <a href=\"https:\/\/ziare.com\/fcsb\/\" title=\"FCSB\" rel=\"nofollow noopener\" target=\"_blank\">FCSB<\/a> a \u00eenregistrat primul e\u0219ec din acest sezon de SuperLiga. Campioana Rom\u00e2niei a pierdut cu 0-1 \u00een deplasarea de la <a href=\"https:\/\/ziare.com\/cfr-cluj\/\" title=\"CFR Cluj\" rel=\"nofollow noopener\" target=\"_blank\">CFR Cluj<\/a>, iar suporterii i-au cerut demisia tehnicianului.<\/p>\n<p>Patronul <a href=\"https:\/\/ziare.com\/fotbal\/fcsb\/\" title=\"FCSB\" rel=\"nofollow noopener\" target=\"_blank\">FCSB<\/a> a transmis \u00eens\u0103 c\u0103 nu inten\u021bioneaz\u0103 s\u0103 ia o decizie radical\u0103 \u00een perioada urm\u0103toare. Becali a dezv\u0103luit c\u0103 \u00eei va acorda lui Baciu credit cel pu\u021bin p\u00e2n\u0103 la finalul anului.<\/p>\n<p>\u201eNu pot s\u0103 \u00eemi bat joc de un om \u0219i s\u0103 \u00eel arunc ca pe o m\u0103sea stricat\u0103. Dac\u0103 fac asta, m\u0103 bate pe mine Dumnezeu. P\u00e2n\u0103 \u00een iarn\u0103 va r\u0103m\u00e2ne omul. S\u0103 vedem dac\u0103 avem rezultate\u201d, a declarat <a href=\"https:\/\/ziare.com\/fotbal\/gigi-becali\/\" title=\"Gigi Becali\" rel=\"nofollow noopener\" target=\"_blank\">Gigi Becali<\/a> la DigiSport.<\/p>\n<p>Marius Baciu a ajuns la FCSB la finalul sezonului trecut \u0219i a avut ca prim obiectiv calificarea echipei \u00een Conference League. Tehnicianul a reu\u0219it s\u0103 treac\u0103 de baraj, \u00eens\u0103 aventura european\u0103 s-a \u00eencheiat rapid, dup\u0103 eliminarea \u00een turul al doilea de c\u0103tre FK Auda.<\/p>\n<p>\u00cen <a href=\"https:\/\/ziare.com\/fotbal\/campionat\/\" title=\"campionat\" rel=\"nofollow noopener\" target=\"_blank\">campionat<\/a>, FCSB a avut un start mai bun, \u00eens\u0103 \u00een <a href=\"https:\/\/ziare.com\/fotbal\/etapa\/\" title=\"etapa\" rel=\"nofollow noopener\" target=\"_blank\">etapa<\/a> a \u0219asea a venit prima \u00eenfr\u00e2ngere. Echipa lui Baciu a pierdut la limit\u0103 \u00een Gruia \u0219i a r\u0103mas cu 11 puncte, pe locul secund \u00een clasament.<\/p>\n<p>Baciu, mesaj dup\u0103 ce fanii i-au cerut demisia<\/p>\n<p>La finalul meciului cu <a href=\"https:\/\/ziare.com\/fotbal\/cfr-cluj\/\" title=\"CFR Cluj\" rel=\"nofollow noopener\" target=\"_blank\">CFR Cluj<\/a>, suporterii FCSB prezen\u021bi \u00een tribune i-au cerut demisia lui Marius Baciu. Antrenorul a sus\u021binut \u00eens\u0103 c\u0103 nu a auzit scand\u0103rile \u0219i c\u0103 \u00ee\u0219i va continua activitatea indiferent de presiunea existent\u0103.<\/p>\n<p>\u201eN-am auzit reac\u021bia fanilor, sunt sup\u0103ra\u021bi, n-am niciun fel de problem\u0103, \u00eemi continui munca. Dac\u0103 va fi vreo decizie, m\u0103 supun, f\u0103r\u0103 nicio problem\u0103. Domnul Becali poate s\u0103 decid\u0103 multe lucruri, e patronul echipei, n-am s\u0103 comentez ce spune el la televizor\u201d, a declarat tehnicianul.<\/p>\n<p>Pentru FCSB urmeaz\u0103 meciul cu UTA, programat duminic\u0103, 30 august, de la ora 21:00, \u00een etapa a \u0219aptea din SuperLiga. P\u00e2n\u0103 atunci, Baciu beneficiaz\u0103 de sprijinul patronului, care a transmis clar c\u0103 nu ia \u00een calcul schimbarea antrenorului \u00eenainte de iarn\u0103.<\/p>\n<p>\u021ai-a pl\u0103cut articolul?<\/p>\n<p> Vrem s\u0103 producem mai multe, \u00eens\u0103 avem nevoie de sus\u021binerea ta. Orice dona\u021bie conteaz\u0103 pentru jurnalismul independent <\/p>\n","protected":false},"excerpt":{"rendered":"Miercuri, 26 August 2026, ora 12:14 1297 citiri Marius Baciu FOTO FB FCSB Gigi Becali a anun\u021bat ce&hellip;\n","protected":false},"author":2,"featured_media":277218,"comment_status":"","ping_status":"","sticky":false,"template":"","format":"standard","meta":{"footnotes":"","_share_on_mastodon":"0"},"categories":[20],"tags":[351,269,196,909,41,40,38,39,185,184],"class_list":["post-277217","post","type-post","status-publish","format-standard","has-post-thumbnail","category-sport","tag-antrenor","tag-fcsb","tag-gigi-becali","tag-marius-baciu","tag-ro","tag-romana","tag-romania","tag-romanian","tag-sport","tag-sports"],"share_on_mastodon":{"url":"https:\/\/pubeurope.com\/@ro\/117165105384919268","error":""},"_links":{"self":[{"href":"https:\/\/www.europesays.com\/ro\/wp-json\/wp\/v2\/posts\/277217","targetHints":{"allow":["GET"]}}],"collection":[{"href":"https:\/\/www.europesays.com\/ro\/wp-json\/wp\/v2\/posts"}],"about":[{"href":"https:\/\/www.europesays.com\/ro\/wp-json\/wp\/v2\/types\/post"}],"author":[{"embeddable":true,"href":"https:\/\/www.europesays.com\/ro\/wp-json\/wp\/v2\/users\/2"}],"replies":[{"embeddable":true,"href":"https:\/\/www.europesays.com\/ro\/wp-json\/wp\/v2\/comments?post=277217"}],"version-history":[{"count":0,"href":"https:\/\/www.europesays.com\/ro\/wp-json\/wp\/v2\/posts\/277217\/revisions"}],"wp:featuredmedia":[{"embeddable":true,"href":"https:\/\/www.europesays.com\/ro\/wp-json\/wp\/v2\/media\/277218"}],"wp:attachment":[{"href":"https:\/\/www.europesays.com\/ro\/wp-json\/wp\/v2\/media?parent=277217"}],"wp:term":[{"taxonomy":"category","embeddable":true,"href":"https:\/\/www.europesays.com\/ro\/wp-json\/wp\/v2\/categories?post=277217"},{"taxonomy":"post_tag","embeddable":true,"href":"https:\/\/www.europesays.com\/ro\/wp-json\/wp\/v2\/tags?post=277217"}],"curies":[{"name":"wp","href":"https:\/\/api.w.org\/{rel}","templated":true}]}}