{"id":277486,"date":"2026-08-27T08:16:12","date_gmt":"2026-08-27T08:16:12","guid":{"rendered":"https:\/\/www.europesays.com\/ro\/277486\/"},"modified":"2026-08-27T08:16:12","modified_gmt":"2026-08-27T08:16:12","slug":"pedeapsa-primita-de-cristiano-bergodi-dupa-criza-de-nervi-de-la-meciul-cu-dinamo","status":"publish","type":"post","link":"https:\/\/www.europesays.com\/ro\/277486\/","title":{"rendered":"Pedeapsa primit\u0103 de Cristiano Bergodi dup\u0103 criza de nervi de la meciul cu Dinamo"},"content":{"rendered":"<p>Miercuri, 26 August 2026, ora 21:32<\/p>\n<p>1197 citiri<\/p>\n<p><a class=\"news__image\" data-href=\"https:\/\/s2.ziareromania.ro\/?mmid=7ef7456aedf3840c9c\" data-size=\"1024x674\" title=\"Pedeapsa primit\u0103 de Cristiano Bergodi dup\u0103 criza de nervi de la meciul cu Dinamo\"><img decoding=\"async\" src=\"https:\/\/www.europesays.com\/ro\/wp-content\/uploads\/2026\/08\/Pedeapsa-primit---de-Cristiano-Bergodi-dup---criza-de-nervi-de-la-meciul-cu-Dinamo.jpg\" alt=\"Pedeapsa primit\u0103 de Cristiano Bergodi dup\u0103 criza de nervi de la meciul cu Dinamo\" title=\"Pedeapsa primit\u0103 de Cristiano Bergodi dup\u0103 criza de nervi de la meciul cu Dinamo\" class=\"img-responsive\"\/><\/a><\/p>\n<p>Cristiano Bergodi Foto: Facebook Universitatea Cluj<\/p>\n<p>Tehnicianul echipei Universitatea Cluj, <a href=\"https:\/\/ziare.com\/cristiano-bergodi\/\" title=\"Cristiano Bergodi\" rel=\"nofollow noopener\" target=\"_blank\">Cristiano Bergodi<\/a>, a fost suspendat dou\u0103 jocuri ca urmare a ie\u0219irii nervoase de la meciul cu <a href=\"https:\/\/ziare.com\/dinamo\/\" title=\"Dinamo\" rel=\"nofollow noopener\" target=\"_blank\">Dinamo<\/a>, din Superlig\u0103.<\/p>\n<p>Comisia de Disciplin\u0103 din cadrul <a href=\"https:\/\/ziare.com\/frf\/\" title=\"FRF\" rel=\"nofollow noopener\" target=\"_blank\">FRF<\/a>, \u00eentrunit\u0103 miercuri, a hot\u0103r\u00e2t ca antrenorul s\u0103 fie \u0219i penalizat cu 6.500 de lei.<\/p>\n<p>\u201c\u00cen temeiul art. 51 din RD, se sanc\u021bioneaz\u0103 antrenorul principal Cristiano Bergodi (Universitatea Cluj) cu suspendare pentru dou\u0103 <a href=\"https:\/\/ziare.com\/fotbal\/meciuri\/\" title=\"meciuri\" rel=\"nofollow noopener\" target=\"_blank\">meciuri<\/a> \u0219i penalitate sportiv\u0103 de 6.500 lei\u201d, se arat\u0103 pe site-ul <a href=\"https:\/\/ziare.com\/lpf\/\" title=\"LPF\" rel=\"nofollow noopener\" target=\"_blank\">LPF<\/a>.<\/p>\n<p>Articolul 51 este referitor la provocarea publicului sau a altor persoane: \u201cOrice persoan\u0103 care provoac\u0103 publiculsau alte persoane prin gesturi, cuvinte sau alte mijloace \u00eenainte, \u00een timpul sau dup\u0103 terminarea unui joc, va fi suspendat\u0103 de la 1 la 6 jocuri dac\u0103 este juc\u0103tor sau antrenor \u0219i de la o lun\u0103 la 3 luni dac\u0103 este oficial\u201d.<\/p>\n<p>Alte hot\u0103r\u00e2ri ale Comisiei de Disciplin\u0103:<\/p>\n<p><a href=\"https:\/\/ziare.com\/fotbal\/dinamo\/\" title=\"Dinamo\" rel=\"nofollow noopener\" target=\"_blank\">Dinamo<\/a> 1948 vs. <a href=\"https:\/\/ziare.com\/fc\/\" title=\"FC\" rel=\"nofollow noopener\" target=\"_blank\">FC<\/a> Universitatea Cluj &#8211; Eliminare Musi Alexandru (Dinamo), eliminare antrenor principal Bergodi Cristiano (Universitatea Cluj) &#8211; \u00cen temeiul art. 63.1.g \u0219i 2.1 din RD, se sanc\u021bioneaz\u0103 juc\u0103torul Musi Alexandru (Dinamo) cu suspendare pentru un meci \u0219i penalitate sportiv\u0103 de 740 lei.<\/p>\n<p>AFC Boto\u0219ani vs. FK Csikszereda &#8211; Eliminare juc\u0103tor Odor Mate (FK Csikszereda) &#8211; \u00cen temeiul art. 63.1.a \u0219i 2.4.a din RD, se sanc\u021bioneaz\u0103 juc\u0103torul Odor Mate cu suspendare pentru trei meciuri \u0219i penalitate sportiv\u0103 de 5.000 lei.<\/p>\n<p>\u021ai-a pl\u0103cut articolul?<\/p>\n<p> Vrem s\u0103 producem mai multe, \u00eens\u0103 avem nevoie de sus\u021binerea ta. Orice dona\u021bie conteaz\u0103 pentru jurnalismul independent <\/p>\n","protected":false},"excerpt":{"rendered":"Miercuri, 26 August 2026, ora 21:32 1197 citiri Cristiano Bergodi Foto: Facebook Universitatea Cluj Tehnicianul echipei Universitatea Cluj,&hellip;\n","protected":false},"author":2,"featured_media":277487,"comment_status":"","ping_status":"","sticky":false,"template":"","format":"standard","meta":{"footnotes":"","_share_on_mastodon":"0"},"categories":[20],"tags":[351,967,49,2098,3229,41,40,38,39,185,184,511],"class_list":["post-277486","post","type-post","status-publish","format-standard","has-post-thumbnail","category-sport","tag-antrenor","tag-cristiano-bergodi","tag-dinamo","tag-meci","tag-pedeapsa","tag-ro","tag-romana","tag-romania","tag-romanian","tag-sport","tag-sports","tag-universitatea-cluj"],"share_on_mastodon":{"url":"https:\/\/pubeurope.com\/@ro\/117166485218686588","error":""},"_links":{"self":[{"href":"https:\/\/www.europesays.com\/ro\/wp-json\/wp\/v2\/posts\/277486","targetHints":{"allow":["GET"]}}],"collection":[{"href":"https:\/\/www.europesays.com\/ro\/wp-json\/wp\/v2\/posts"}],"about":[{"href":"https:\/\/www.europesays.com\/ro\/wp-json\/wp\/v2\/types\/post"}],"author":[{"embeddable":true,"href":"https:\/\/www.europesays.com\/ro\/wp-json\/wp\/v2\/users\/2"}],"replies":[{"embeddable":true,"href":"https:\/\/www.europesays.com\/ro\/wp-json\/wp\/v2\/comments?post=277486"}],"version-history":[{"count":0,"href":"https:\/\/www.europesays.com\/ro\/wp-json\/wp\/v2\/posts\/277486\/revisions"}],"wp:featuredmedia":[{"embeddable":true,"href":"https:\/\/www.europesays.com\/ro\/wp-json\/wp\/v2\/media\/277487"}],"wp:attachment":[{"href":"https:\/\/www.europesays.com\/ro\/wp-json\/wp\/v2\/media?parent=277486"}],"wp:term":[{"taxonomy":"category","embeddable":true,"href":"https:\/\/www.europesays.com\/ro\/wp-json\/wp\/v2\/categories?post=277486"},{"taxonomy":"post_tag","embeddable":true,"href":"https:\/\/www.europesays.com\/ro\/wp-json\/wp\/v2\/tags?post=277486"}],"curies":[{"name":"wp","href":"https:\/\/api.w.org\/{rel}","templated":true}]}}